{"id":624144,"date":"2025-12-05T02:44:19","date_gmt":"2025-12-05T02:44:19","guid":{"rendered":"https:\/\/www.europesays.com\/de\/624144\/"},"modified":"2025-12-05T02:44:19","modified_gmt":"2025-12-05T02:44:19","slug":"oesterreich-unterlag-frankreich-nach-frechem-start","status":"publish","type":"post","link":"https:\/\/www.europesays.com\/de\/624144\/","title":{"rendered":"\u00d6sterreich unterlag Frankreich nach frechem Start"},"content":{"rendered":"<p>Wenn sich der Teamchef des franz\u00f6sischen Frauen-Handball-Teams nach wenigen Minuten gegen \u00d6sterreich gezwungen sieht, ein Time-Out einzuberufen, dann ist das durchaus so etwas wie eine W\u00fcrdigung. Zum Auftakt der WM-Hauptrunde traten die \u00d6sterreicherinnen gegen den amtierenden Weltmeister an und wussten da zu Beginn zu \u00fcberraschen: Rot-wei\u00df-rot f\u00fchrte nach wenigen Minuten mit 5:1, die Turnierfavoritinnen haben sich an \u00d6sterreichs Torfrau Lena Ivan\u010dok die Z\u00e4hne ausgebissen. <\/p>\n<p>Punkte hat sich das \u00f6sterreichische Team gegen Frankreich keine ausgerechnet, so realistisch war man vor dem Duell. Dennoch konnte \u00d6sterreich die franz\u00f6sische Wurfgewalt zu Beginn einigerma\u00dfen in Zaum halten: Es dauerte bis zur 21. Minute, als Frankreich erstmals in F\u00fchrung ging. Zur Pause stand aus \u00d6sterreich-Sicht ein 12:14 an der Anzeigentafel. <\/p>\n<p>Ein anderes Bild in der zweiten H\u00e4lfte: Frankreich stellte in der Deckung eine schier un\u00fcberwindbare Mauer auf, Ines Ivan\u010dok-\u0160olti\u0107 erzielte nach acht Minuten den ersten \u00d6sterreich-Treffer. Frankreich war blitzschnell \u2013 und einfach weltklasse. Bei minus zehn schonte \u00d6sterreichs Teamchefin Monique Tijsterman ihr Stammpersonal und gew\u00e4hrte etwa auch der sp\u00e4t zur WM nachnominierten Steirerin Lisa Spalt WM-Einsatzminuten, die sie auch mit einem Tor kr\u00f6nen durfte. Weiter geht es f\u00fcr \u00d6sterreich nun am Samstag (15.30 Uhr) gegen Tunesien \u2013 da soll, sagt Tijsterman, auch \u00d6sterreichs erster Sieg in der WM-Hauptrunde her. <\/p>\n<p>Ivan\u010dok-\u0160olti\u0107: \u201eDarauf k\u00f6nnen wir aufbauen\u201c<\/p>\n<p>Ines Ivan\u010dok-\u0160olti\u0107 ordnete die Niederlage nach der Schlusssirene ein: Man habe gesehen, dass Frankreich weltklasse ist, sagte sie, aber auch, dass \u00d6sterreich zumindest teilweise mithalten konnte. \u201eDarauf k\u00f6nnen wir aufbauen.\u201c Tijsterman meinte: \u201eWenn wir gegen Tunesien so spielen wie heute in der ersten H\u00e4lfte, dann gewinnen wir.\u201c<\/p>\n","protected":false},"excerpt":{"rendered":"Wenn sich der Teamchef des franz\u00f6sischen Frauen-Handball-Teams nach wenigen Minuten gegen \u00d6sterreich gezwungen sieht, ein Time-Out einzuberufen, dann&hellip;\n","protected":false},"author":2,"featured_media":624145,"comment_status":"","ping_status":"","sticky":false,"template":"","format":"standard","meta":{"footnotes":""},"categories":[3974],"tags":[331,332,548,663,3934,3980,156,13,14,15,12],"class_list":{"0":"post-624144","1":"post","2":"type-post","3":"status-publish","4":"format-standard","5":"has-post-thumbnail","7":"category-frankreich","8":"tag-aktuelle-nachrichten","9":"tag-aktuelle-news","10":"tag-eu","11":"tag-europa","12":"tag-europe","13":"tag-france","14":"tag-frankreich","15":"tag-headlines","16":"tag-nachrichten","17":"tag-news","18":"tag-schlagzeilen"},"share_on_mastodon":{"url":"https:\/\/pubeurope.com\/@de\/115664667900805949","error":""},"_links":{"self":[{"href":"https:\/\/www.europesays.com\/de\/wp-json\/wp\/v2\/posts\/624144","targetHints":{"allow":["GET"]}}],"collection":[{"href":"https:\/\/www.europesays.com\/de\/wp-json\/wp\/v2\/posts"}],"about":[{"href":"https:\/\/www.europesays.com\/de\/wp-json\/wp\/v2\/types\/post"}],"author":[{"embeddable":true,"href":"https:\/\/www.europesays.com\/de\/wp-json\/wp\/v2\/users\/2"}],"replies":[{"embeddable":true,"href":"https:\/\/www.europesays.com\/de\/wp-json\/wp\/v2\/comments?post=624144"}],"version-history":[{"count":0,"href":"https:\/\/www.europesays.com\/de\/wp-json\/wp\/v2\/posts\/624144\/revisions"}],"wp:featuredmedia":[{"embeddable":true,"href":"https:\/\/www.europesays.com\/de\/wp-json\/wp\/v2\/media\/624145"}],"wp:attachment":[{"href":"https:\/\/www.europesays.com\/de\/wp-json\/wp\/v2\/media?parent=624144"}],"wp:term":[{"taxonomy":"category","embeddable":true,"href":"https:\/\/www.europesays.com\/de\/wp-json\/wp\/v2\/categories?post=624144"},{"taxonomy":"post_tag","embeddable":true,"href":"https:\/\/www.europesays.com\/de\/wp-json\/wp\/v2\/tags?post=624144"}],"curies":[{"name":"wp","href":"https:\/\/api.w.org\/{rel}","templated":true}]}}