{"id":624163,"date":"2025-12-05T02:55:19","date_gmt":"2025-12-05T02:55:19","guid":{"rendered":"https:\/\/www.europesays.com\/de\/624163\/"},"modified":"2025-12-05T02:55:19","modified_gmt":"2025-12-05T02:55:19","slug":"projekt-in-nuernberg-rewe-lidl-und-mueller-eroeffnen-im-frueheren-quelle-gebaeude-lebensmittelpraxis-de","status":"publish","type":"post","link":"https:\/\/www.europesays.com\/de\/624163\/","title":{"rendered":"Projekt in N\u00fcrnberg &#8211; Rewe, Lidl und M\u00fcller er\u00f6ffnen im fr\u00fcheren Quelle-Geb\u00e4ude \u2013 Lebensmittelpraxis.de"},"content":{"rendered":"<p>                Beitrag teilen<\/p>\n<p>Drei H\u00e4ndler nehmen im denkmalgesch\u00fctzten Quelle-Geb\u00e4ude mehr als 5.000 Quadratmeter Verkaufsfl\u00e4che in Betrieb. Das Areal stand nach der Schlie\u00dfung des Versandhauses 2009 jahrelang leer. Die Fertigstellung des gesamten Projekts ist f\u00fcr 2026 geplant.<\/p>\n<p>\n                                            Donnerstag, 04. Dezember 2025, 15:39 Uhr\n                                    <\/p>\n<p>\n                    Manuel Glasfort                <\/p>\n<p>                      Das fr\u00fchere Quelle-Geb\u00e4ude in N\u00fcrnberg \u2013 hier eine Visualisierung \u2013 wird gerade neu entwickelt. Rewe, Lidl und M\u00fcller haben bereits ihre Pforten ge\u00f6ffnet.                    <\/p>\n<p>                      Bildquelle: Pulsschlag Network GmbH \/ Gerch Group AG\n                            <\/p>\n<p>Im denkmalgesch\u00fctzten ehemaligen Quelle-Geb\u00e4ude in N\u00fcrnberg haben Rewe, Lidl und M\u00fcller ihre Filialen er\u00f6ffnet. Die drei H\u00e4ndler nehmen zusammen mehr als 5.000 Quadratmeter Verkaufsfl\u00e4che in Betrieb, wie der Projektentwickler Accumulata mitteilte. Damit \u00f6ffnet sich das Areal aus den 1950er-Jahren nach Jahren des Leerstands erstmals wieder der Bev\u00f6lkerung.<\/p>\n<p>Das Quelle-Areal an der F\u00fcrther Stra\u00dfe gilt als eines der anspruchsvollsten Revitalisierungsprojekte der Stadt. Nach der Schlie\u00dfung des Versandhauses im Jahr 2009 folgten mehrere Eigent\u00fcmerwechsel und Insolvenzen. Im Herbst 2023 kam es zu einem Baustopp. Die Bayerische Versorgungskammer und Accumulata Real Estate haben das Projekt nach der Insolvenz der damaligen Projektgesellschaft im September 2023 binnen weniger Wochen wieder aufgenommen, wie Accumulata mitteilte. Die Fertigstellung des gesamten Projekts ist f\u00fcr 2026 geplant.<\/p>\n<p>Rewe betreibt auf rund 2.000 Quadratmetern Verkaufsfl\u00e4che einen Markt mit Obst- und Gem\u00fcseabteilung, Salatbar und einer 16 Meter langen Servicetheke. Kaufmann Enes \u00c7elik macht sich mit diesem Markt selbstst\u00e4ndig. \u201eDieser Standort ist f\u00fcr mich mehr als ein Markt\u201c, zitierte Accumulata \u00c7elik in der Mitteilung. \u201eDas Geb\u00e4ude hat eine besondere Bedeutung f\u00fcr N\u00fcrnberg. Ich bin hier geboren und aufgewachsen.\u201c Lidl er\u00f6ffnet auf rund 1.100 Quadratmetern eine Filiale mit energieeffizienter K\u00e4ltetechnik und Luft-W\u00e4rmepumpen. M\u00fcller bietet auf \u00fcber 1.900 Quadratmetern Parf\u00fcmerie, Drogerie, Schreibwaren, Spielwaren und weitere Sortimente an.<\/p>\n<p>Accumulata entwickelt Areal mit U-Bahn-Anschluss<\/p>\n<p>Das Areal verf\u00fcgt \u00fcber einen eigenen U-Bahn-Aufgang zur Haltestelle Eberhardshof der Linie U1. Eine Tiefgarage unter den Einzelhandelsfl\u00e4chen bietet wettergesch\u00fctzten Zugang per Aufzug. \u201eHistorischer Bestand wird zur Ressource, wenn er sich an die Bed\u00fcrfnisse der heutigen Zeit anpassen l\u00e4sst\u201c, zitierte Accumulata den Gesch\u00e4ftsf\u00fchrer Markus Diegelmann in der Mitteilung.<\/p>\n<p>Im Jahr 2026 soll die Stadtverwaltung N\u00fcrnberg auf 42.000 Quadratmetern ins sogenannte Stadthaus Q einziehen. Weitere Bereiche des Areals sind f\u00fcr Wohn- und erg\u00e4nzende Nutzungen vorgesehen. Accumulata entwickelt nach eigenen Angaben seit 1982 Immobilien und Quartiere und hat bislang mehr als drei Milliarden Euro Investitionsvolumen mit \u00fcber 600.000 Quadratmetern Geschossfl\u00e4che realisiert.<\/p>\n","protected":false},"excerpt":{"rendered":"Beitrag teilen Drei H\u00e4ndler nehmen im denkmalgesch\u00fctzten Quelle-Geb\u00e4ude mehr als 5.000 Quadratmeter Verkaufsfl\u00e4che in Betrieb. Das Areal stand&hellip;\n","protected":false},"author":2,"featured_media":624164,"comment_status":"","ping_status":"","sticky":false,"template":"","format":"standard","meta":{"footnotes":""},"categories":[1837],"tags":[772,3364,29,13065,30,2939,3248,3783,147831,872,100886,68828],"class_list":{"0":"post-624163","1":"post","2":"type-post","3":"status-publish","4":"format-standard","5":"has-post-thumbnail","7":"category-nuernberg","8":"tag-bayern","9":"tag-de","10":"tag-deutschland","11":"tag-fertigstellung","12":"tag-germany","13":"tag-lidl","14":"tag-mueller","15":"tag-nuernberg","16":"tag-quelle-gebaeude","17":"tag-rewe","18":"tag-verkaufsflaeche","19":"tag-versandhaus"},"share_on_mastodon":{"url":"https:\/\/pubeurope.com\/@de\/115664710708861346","error":""},"_links":{"self":[{"href":"https:\/\/www.europesays.com\/de\/wp-json\/wp\/v2\/posts\/624163","targetHints":{"allow":["GET"]}}],"collection":[{"href":"https:\/\/www.europesays.com\/de\/wp-json\/wp\/v2\/posts"}],"about":[{"href":"https:\/\/www.europesays.com\/de\/wp-json\/wp\/v2\/types\/post"}],"author":[{"embeddable":true,"href":"https:\/\/www.europesays.com\/de\/wp-json\/wp\/v2\/users\/2"}],"replies":[{"embeddable":true,"href":"https:\/\/www.europesays.com\/de\/wp-json\/wp\/v2\/comments?post=624163"}],"version-history":[{"count":0,"href":"https:\/\/www.europesays.com\/de\/wp-json\/wp\/v2\/posts\/624163\/revisions"}],"wp:featuredmedia":[{"embeddable":true,"href":"https:\/\/www.europesays.com\/de\/wp-json\/wp\/v2\/media\/624164"}],"wp:attachment":[{"href":"https:\/\/www.europesays.com\/de\/wp-json\/wp\/v2\/media?parent=624163"}],"wp:term":[{"taxonomy":"category","embeddable":true,"href":"https:\/\/www.europesays.com\/de\/wp-json\/wp\/v2\/categories?post=624163"},{"taxonomy":"post_tag","embeddable":true,"href":"https:\/\/www.europesays.com\/de\/wp-json\/wp\/v2\/tags?post=624163"}],"curies":[{"name":"wp","href":"https:\/\/api.w.org\/{rel}","templated":true}]}}