{"id":624168,"date":"2025-12-05T03:01:36","date_gmt":"2025-12-05T03:01:36","guid":{"rendered":"https:\/\/www.europesays.com\/de\/624168\/"},"modified":"2025-12-05T03:01:36","modified_gmt":"2025-12-05T03:01:36","slug":"thueringen-faltrad-mitnahme-keine-taschenregel-mehr-in-bus-und-bahn","status":"publish","type":"post","link":"https:\/\/www.europesays.com\/de\/624168\/","title":{"rendered":"Th\u00fcringen: Faltrad-Mitnahme: Keine &#8222;Taschenregel&#8220; mehr in Bus und Bahn"},"content":{"rendered":"<p>Th\u00fcringenFaltrad-Mitnahme: Keine &#8222;Taschenregel&#8220; mehr in Bus und Bahn<img decoding=\"async\" class=\"Image_img__fQCi0 Image_Img_16_9__4BLfH\" loading=\"eager\" fetchpriority=\"high\" src=\"https:\/\/www.europesays.com\/de\/wp-content\/uploads\/2025\/12\/Keine-Tasche-mehr-noetig-Klapp-und-Faltraeder-zaehlen-in-Sachsen-als-Handgepaeck-und-duerfen-kostenl.webp\" alt=\"Keine-Tasche-mehr-noetig-Klapp-und-Faltraeder-zaehlen-in-Sachsen-als-Handgepaeck-und-duerfen-kostenlos-in-Bus-und-Bahn-mitgenommen-werden\"\/>TeilenFolgen auf:<a href=\"https:\/\/www.whatsapp.com\/channel\/0029Va5cdVJD8SDp5YZgYF01\" title=\"Auf WhatsApp folgen\" target=\"_blank\" rel=\"nofollow noopener\"><img decoding=\"async\" src=\"https:\/\/www.n-tv.de\/socialIcons\/whatsapp.svg\" alt=\"whatsapp\" class=\"ArticleShare_icon__FsrC2\"\/><\/a><a href=\"https:\/\/news.google.com\/publications\/CAAiEPMdif5mpRNxiLOeUpHCwwsqFAgKIhDzHYn-ZqUTcYiznlKRwsML?hl=de&amp;gl=DE&amp;ceid=DE%3Ade\" title=\"Auf Google News folgen\" target=\"_blank\" rel=\"nofollow noopener\"><img decoding=\"async\" src=\"https:\/\/www.n-tv.de\/socialIcons\/google.svg\" alt=\"whatsapp\" class=\"ArticleShare_icon__FsrC2\"\/><\/a><\/p>\n<p class=\"Typography_text-m__XI0da Typography_weight-bold__uT6mq storyline_lead_text_leadtext__q_wg8\">Mehrere Verkehrsverb\u00fcnde in Sachsen schaffen die Taschenpflicht f\u00fcr Faltr\u00e4der im Nahverkehr ab. Was das f\u00fcr Pendler und Reisende in Dresden, Leipzig und anderen St\u00e4dten bedeutet.<\/p>\n<p class=\"Typography_text-default__P3otY Typography_weight-normal__pqUbH storyline_paragraph_p__qSR5N\">Dresden (dpa\/th) &#8211; F\u00fcr Reisende und Pendler in Sachsen wird die Mitnahme eines Faltrads in Bussen und Bahnen einfacher: Ab sofort m\u00fcssten Klapp- und Faltr\u00e4der landesweit in \u00f6ffentlichen Nahverkehr nicht mehr in Taschen verstaut werden, teilte der Allgemeine Deutsche Fahrrad-Club Sachsen (ADFC) mit. Eine solche Regel hatte zuvor in einigen Verkehrsverb\u00fcnden bestanden.<\/p>\n<p class=\"Typography_text-default__P3otY Typography_weight-normal__pqUbH storyline_paragraph_p__qSR5N\">Demnach h\u00e4tten der Verkehrsverbund Oberelbe (VVO), der Zweckverband Verkehrsverbund Oberlausitz-Niederschlesien (ZVON) sowie der Mitteldeutsche Verkehrsverbund (MDV) noch bis zum Sommer auf die Unterbringung der Faltr\u00e4der in Taschen bestanden. Zusammen decken die drei Verkehrsverb\u00fcnde praktisch den gesamten Norden des Freistaats einschlie\u00dflich der St\u00e4dte Dresden und Leipzig ab.<\/p>\n<p>Personal in Dresden und Ostsachsen hat Regel teils durchgesetzt<\/p>\n<p class=\"Typography_text-default__P3otY Typography_weight-normal__pqUbH storyline_paragraph_p__qSR5N\">Insbesondere in der Landeshauptstadt Dresden und in Ostsachsen sei die Regel immer wieder vom Personal durchgesetzt worden, so ein Sprecher des ADFC. Viele Pendler h\u00e4tten die Vorschrift als alltagsfern kritisiert. Auf Vorschlag des ADFC h\u00e4tten die betreffenden Verb\u00fcnde ihre Bef\u00f6rderungsbedingungen angepasst. In ganz Sachsen gelten die R\u00e4der nun als Handgep\u00e4ck und k\u00f6nnen kostenfrei mitgenommen werden.<\/p>\n<p class=\"Typography_text-default__P3otY Typography_weight-normal__pqUbH storyline_paragraph_p__qSR5N\">Im unter anderem f\u00fcr Chemnitz und Zwickau zust\u00e4ndigen Verkehrsverbund Mittelsachsen (VMS) sowie in den Verb\u00fcnden Verkehrsverbund Vogtland (VVV) im S\u00fcdwesten des Landes habe die Regel hingegen keine Rolle gespielt.<\/p>\n<p class=\"Typography_text-default__P3otY Typography_weight-normal__pqUbH storyline_paragraph_p__qSR5N\">&#8222;F\u00fcr die Kombination verschiedener Wege sind Bahn und Rad ein starkes Team&#8220;, sagte Janek M\u00fccksch, Vorsitzender des ADFC Sachsen. Faltr\u00e4der w\u00fcrden sich wachsender Beliebtheit erfreuen, weil sie es besonders Pendlern erm\u00f6glichen, die Geschwindigkeit der Bahn mit der Flexibilit\u00e4t des Rads ideal zu verbinden. Die sachsenweit einheitliche Regelung sei ein wichtiger Fortschritt f\u00fcr den Radverkehr.<\/p>\n<p class=\"Typography_text-s__wu_cm Typography_weight-normal__pqUbH Typography_color-darkgrey__sZEnP article-detail-footer_source__KslPc\">Quelle: dpa<\/p>\n","protected":false},"excerpt":{"rendered":"Th\u00fcringenFaltrad-Mitnahme: Keine &#8222;Taschenregel&#8220; mehr in Bus und BahnTeilenFolgen auf: Mehrere Verkehrsverb\u00fcnde in Sachsen schaffen die Taschenpflicht f\u00fcr Faltr\u00e4der&hellip;\n","protected":false},"author":2,"featured_media":624169,"comment_status":"","ping_status":"","sticky":false,"template":"","format":"standard","meta":{"footnotes":""},"categories":[1835],"tags":[3364,29,2386,30,859],"class_list":{"0":"post-624168","1":"post","2":"type-post","3":"status-publish","4":"format-standard","5":"has-post-thumbnail","7":"category-dresden","8":"tag-de","9":"tag-deutschland","10":"tag-dresden","11":"tag-germany","12":"tag-sachsen"},"share_on_mastodon":{"url":"https:\/\/pubeurope.com\/@de\/115664735188743732","error":""},"_links":{"self":[{"href":"https:\/\/www.europesays.com\/de\/wp-json\/wp\/v2\/posts\/624168","targetHints":{"allow":["GET"]}}],"collection":[{"href":"https:\/\/www.europesays.com\/de\/wp-json\/wp\/v2\/posts"}],"about":[{"href":"https:\/\/www.europesays.com\/de\/wp-json\/wp\/v2\/types\/post"}],"author":[{"embeddable":true,"href":"https:\/\/www.europesays.com\/de\/wp-json\/wp\/v2\/users\/2"}],"replies":[{"embeddable":true,"href":"https:\/\/www.europesays.com\/de\/wp-json\/wp\/v2\/comments?post=624168"}],"version-history":[{"count":0,"href":"https:\/\/www.europesays.com\/de\/wp-json\/wp\/v2\/posts\/624168\/revisions"}],"wp:featuredmedia":[{"embeddable":true,"href":"https:\/\/www.europesays.com\/de\/wp-json\/wp\/v2\/media\/624169"}],"wp:attachment":[{"href":"https:\/\/www.europesays.com\/de\/wp-json\/wp\/v2\/media?parent=624168"}],"wp:term":[{"taxonomy":"category","embeddable":true,"href":"https:\/\/www.europesays.com\/de\/wp-json\/wp\/v2\/categories?post=624168"},{"taxonomy":"post_tag","embeddable":true,"href":"https:\/\/www.europesays.com\/de\/wp-json\/wp\/v2\/tags?post=624168"}],"curies":[{"name":"wp","href":"https:\/\/api.w.org\/{rel}","templated":true}]}}