{"id":624195,"date":"2025-12-05T03:16:14","date_gmt":"2025-12-05T03:16:14","guid":{"rendered":"https:\/\/www.europesays.com\/de\/624195\/"},"modified":"2025-12-05T03:16:14","modified_gmt":"2025-12-05T03:16:14","slug":"hessen-mehr-als-70-anklagen-nach-ausschreitungen-in-frankfurt","status":"publish","type":"post","link":"https:\/\/www.europesays.com\/de\/624195\/","title":{"rendered":"Hessen: Mehr als 70 Anklagen nach Ausschreitungen in Frankfurt"},"content":{"rendered":"<p>HessenMehr als 70 Anklagen nach Ausschreitungen in Frankfurt<img decoding=\"async\" class=\"Image_img__fQCi0 Image_Img_16_9__4BLfH\" loading=\"eager\" fetchpriority=\"high\" src=\"https:\/\/www.europesays.com\/de\/wp-content\/uploads\/2025\/12\/Die-Ermittlungen-nach-den-schweren-Ausschreitungen-beim-Bundesliga-Spiel-zwischen-Eintracht-Frankfur.webp\" alt=\"Die-Ermittlungen-nach-den-schweren-Ausschreitungen-beim-Bundesliga-Spiel-zwischen-Eintracht-Frankfurt-und-dem-VfB-Stuttgart-im-November-2023-dauern-an\"\/>TeilenFolgen auf:<a href=\"https:\/\/www.whatsapp.com\/channel\/0029Va5cdVJD8SDp5YZgYF01\" title=\"Auf WhatsApp folgen\" target=\"_blank\" rel=\"nofollow noopener\"><img decoding=\"async\" src=\"https:\/\/www.n-tv.de\/socialIcons\/whatsapp.svg\" alt=\"whatsapp\" class=\"ArticleShare_icon__FsrC2\"\/><\/a><a href=\"https:\/\/news.google.com\/publications\/CAAiEPMdif5mpRNxiLOeUpHCwwsqFAgKIhDzHYn-ZqUTcYiznlKRwsML?hl=de&amp;gl=DE&amp;ceid=DE%3Ade\" title=\"Auf Google News folgen\" target=\"_blank\" rel=\"nofollow noopener\"><img decoding=\"async\" src=\"https:\/\/www.n-tv.de\/socialIcons\/google.svg\" alt=\"whatsapp\" class=\"ArticleShare_icon__FsrC2\"\/><\/a><\/p>\n<p class=\"Typography_text-m__XI0da Typography_weight-bold__uT6mq storyline_lead_text_leadtext__q_wg8\">Die Aufarbeitung der schweren Krawalle nach einem Fu\u00dfballspiel in Frankfurt im November 2023 dauert an. Es werden weiter Zeugen gesucht.<\/p>\n<p class=\"Typography_text-default__P3otY Typography_weight-normal__pqUbH storyline_paragraph_p__qSR5N\">Frankfurt\/Main (dpa\/lhe) &#8211; Auch rund zwei Jahre nach den schweren Ausschreitungen beim Bundesliga-Spiel zwischen Eintracht Frankfurt und dem VfB Stuttgart dauert die juristische Aufarbeitung an. Die Staatsanwaltschaft Frankfurt berichtet auf Anfrage von Ermittlungsverfahren gegen 125 Personen aus dem Fanbereich, die teilweise noch andauerten. Dies gelte auch f\u00fcr Ermittlungen gegen Polizeibeamte.<\/p>\n<p class=\"Typography_text-default__P3otY Typography_weight-normal__pqUbH storyline_paragraph_p__qSR5N\">In Frankfurt kam es nach dem Fu\u00dfballspiel im November 2023 zu schweren Krawallen zwischen Fans und der Polizei, mehr als 200 Menschen wurden verletzt. Die Polizei bildete eine Sonderkommission f\u00fcr die Ermittlungen.<\/p>\n<p class=\"Typography_text-default__P3otY Typography_weight-normal__pqUbH storyline_paragraph_p__qSR5N\">Die Staatsanwaltschaft berichtet nun von 71 Anklagen und 13 beantragten Strafbefehlen gegen Fans. Zehn Ermittlungsverfahren wurden eingestellt, sieben an andere Staatsanwaltschaften abgegeben, 24 dauerten an.<\/p>\n<p>27 Urteile ergangen, weitere Verhandlungen stehen aus<\/p>\n<p class=\"Typography_text-default__P3otY Typography_weight-normal__pqUbH storyline_paragraph_p__qSR5N\">In 27 Verfahren seien Urteile des Amtsgerichts Frankfurt ergangen, sie reichten von Verwarnungen mit Arbeitsauflagen \u00fcber Geldstrafen bis zu Freiheitsstrafen von sieben Monaten bis zu zwei Jahren mit Bew\u00e4hrung. Ein Verfahren wurde den Angaben zufolge gegen eine Zahlung an einen gemeinn\u00fctzigen Verein eingestellt.<\/p>\n<p class=\"Typography_text-default__P3otY Typography_weight-normal__pqUbH storyline_paragraph_p__qSR5N\">Die Verurteilten sollen unter anderem Fahnenstangen, Absperrgitter und Feuerl\u00f6scher geworfen haben. In weiteren 21 Verfahren st\u00fcnden die Hauptverhandlungen noch an, erkl\u00e4rte die Staatsanwaltschaft.<\/p>\n<p>Verfahren gegen Polizeibeamte<\/p>\n<p class=\"Typography_text-default__P3otY Typography_weight-normal__pqUbH storyline_paragraph_p__qSR5N\">Mehrere Verfahren richten sich gegen Polizeibeamte, f\u00fcnf gegen namentlich bekannte Beamte und 17 gegen unbekannt. Eines der Verfahren wurde eingestellt, in drei Verfahren wurde die Einleitung eines Ermittlungsverfahrens abgelehnt. Ansonsten dauerten die Ermittlungen an.<\/p>\n<p class=\"Typography_text-default__P3otY Typography_weight-normal__pqUbH storyline_paragraph_p__qSR5N\">&#8222;Es wird insbesondere noch auf Aussagen weiterer polizeilicher Zeugen sowie in einigen F\u00e4llen auf die Einlassung der Beschuldigten gewartet&#8220;, teilte ein Sprecher der Staatsanwaltschaft mit. Um m\u00f6gliche Straftaten von Polizeibeamten ermitteln zu k\u00f6nnen, m\u00fcssten von Fanseite Zeugen konkret benannt werden, erkl\u00e4rte der Sprecher.<\/p>\n<p class=\"Typography_text-s__wu_cm Typography_weight-normal__pqUbH Typography_color-darkgrey__sZEnP article-detail-footer_source__KslPc\">Quelle: dpa<\/p>\n","protected":false},"excerpt":{"rendered":"HessenMehr als 70 Anklagen nach Ausschreitungen in FrankfurtTeilenFolgen auf: Die Aufarbeitung der schweren Krawalle nach einem Fu\u00dfballspiel in&hellip;\n","protected":false},"author":2,"featured_media":624196,"comment_status":"","ping_status":"","sticky":false,"template":"","format":"standard","meta":{"footnotes":""},"categories":[1829],"tags":[29,2050,2051,30,2052],"class_list":{"0":"post-624195","1":"post","2":"type-post","3":"status-publish","4":"format-standard","5":"has-post-thumbnail","7":"category-frankfurt-am-main","8":"tag-deutschland","9":"tag-frankfurt","10":"tag-frankfurt-am-main","11":"tag-germany","12":"tag-hessen"},"share_on_mastodon":{"url":"https:\/\/pubeurope.com\/@de\/115664793552342487","error":""},"_links":{"self":[{"href":"https:\/\/www.europesays.com\/de\/wp-json\/wp\/v2\/posts\/624195","targetHints":{"allow":["GET"]}}],"collection":[{"href":"https:\/\/www.europesays.com\/de\/wp-json\/wp\/v2\/posts"}],"about":[{"href":"https:\/\/www.europesays.com\/de\/wp-json\/wp\/v2\/types\/post"}],"author":[{"embeddable":true,"href":"https:\/\/www.europesays.com\/de\/wp-json\/wp\/v2\/users\/2"}],"replies":[{"embeddable":true,"href":"https:\/\/www.europesays.com\/de\/wp-json\/wp\/v2\/comments?post=624195"}],"version-history":[{"count":0,"href":"https:\/\/www.europesays.com\/de\/wp-json\/wp\/v2\/posts\/624195\/revisions"}],"wp:featuredmedia":[{"embeddable":true,"href":"https:\/\/www.europesays.com\/de\/wp-json\/wp\/v2\/media\/624196"}],"wp:attachment":[{"href":"https:\/\/www.europesays.com\/de\/wp-json\/wp\/v2\/media?parent=624195"}],"wp:term":[{"taxonomy":"category","embeddable":true,"href":"https:\/\/www.europesays.com\/de\/wp-json\/wp\/v2\/categories?post=624195"},{"taxonomy":"post_tag","embeddable":true,"href":"https:\/\/www.europesays.com\/de\/wp-json\/wp\/v2\/tags?post=624195"}],"curies":[{"name":"wp","href":"https:\/\/api.w.org\/{rel}","templated":true}]}}