{"id":624333,"date":"2025-12-05T04:45:18","date_gmt":"2025-12-05T04:45:18","guid":{"rendered":"https:\/\/www.europesays.com\/de\/624333\/"},"modified":"2025-12-05T04:45:18","modified_gmt":"2025-12-05T04:45:18","slug":"2-liga-fortuna-duesseldorf-hat-panik-vor-spiel-gegen-schalke-04-sport","status":"publish","type":"post","link":"https:\/\/www.europesays.com\/de\/624333\/","title":{"rendered":"2. Liga: Fortuna D\u00fcsseldorf hat Panik vor Spiel gegen Schalke 04 | Sport"},"content":{"rendered":"<p><b>Es k\u00f6nnte richtig schlimm werden &#8211; das bef\u00fcrchten sogar bei <\/b><a href=\"https:\/\/www.bild.de\/sport\/fussball\/fortuna-duesseldorf\/startseite-fortuna-duesseldorf-31148850.bild.html\" class=\"text-link\" target=\"_blank\" rel=\"noopener\"><b>Fortuna D\u00fcsseldorf<\/b><\/a><b> nicht wenige&#8230;<\/b><\/p>\n<p>Dass der Krisen-Klub, der nur noch einen Punkt Vorsprung auf Platz 17 hat, <a href=\"https:\/\/www.bild.de\/sport\/fussball\/fortuna-duesseldorf-schalke-04-im-tv-wer-uebertraegt-die-2-bundesliga-am-freitag-692dad01392d5c38e3852e6f\" class=\"text-link\" target=\"_blank\" rel=\"noopener\">heute (18.30 Uhr\/Sky) auf den Tabellenf\u00fchrer der 2. Liga trifft<\/a>, ist schon ein Grund zur Sorge. Dass das mit Schalke ein Team ist, das fast nur \u00fcber Kampf, Charakter und taktische Disziplin &#8211; also das Gegenteil der Mannschaft von Markus Anfang (51) &#8211; kommt, verst\u00e4rkt diese. Und die Tatsache, dass es ein Ausw\u00e4rtsspiel im eigenen Stadion in einer ohnehin schon f\u00fcrchterlichen Situation ist, noch mehr.<\/p>\n<p>Fortuna kriegt die Schalke-Panik!<\/p>\n<p><b>Hinter den Kulissen \u00e4u\u00dferten sich in den letzten Tagen immer wieder Leute aus dem Klub und Umfeld sehr hoffnungslos. Zu erschreckend war der Auftritt in Dresden (1:2), zu problematisch die Gesamtlage mit \u201eLame Duck\u201c-Manager Klaus Allofs (68), der noch immer weitermachen darf, <\/b><a href=\"https:\/\/www.bild.de\/sport\/fussball\/fortuna-duesseldorf-verkuendet-aus-von-manager-allofs-692f33a5d30decfa0c0fc2b4\" class=\"text-link\" target=\"_blank\" rel=\"noopener\"><b>nachdem er &#8211; obwohl er vor dem Aus steht &#8211; angek\u00fcndigt hat, ab Sommer nicht mehr zur Verf\u00fcgung zu stehen<\/b><\/a><b>. Der Glaube an die Mannschaft ist weg, \u00f6ffentlich sagen kann es aber keiner. Denn diese Spieler entscheiden am Freitag dar\u00fcber, ob es der erwartete Horror-Abend wird oder v\u00f6llig \u00fcberraschend kein weiteres Desaster.<\/b><\/p>\n<p>Mehr zum Thema<\/p>\n<p>Anfang: \u201eIch wei\u00df, dass sie mehr k\u00f6nnen. Was sie bisher abgerufen haben, ist aufgrund der Umst\u00e4nde und der Situation schwierig, bei vielen Spielern ist noch Luft nach oben. Wir sollten uns aber nicht kleiner machen, als wir sind, m\u00fcssen dennoch realistisch bleiben, dass es ein schweres Spiel wird. Die Jungs stehen in der Verantwortung. Jeder, der auf den Platz geht, muss den Willen haben, das Spiel f\u00fcr sich zu entscheiden.\u201c<\/p>\n<p>Zeigen sie den nicht, werden es extrem unangenehme Stunden in der Arena. Schalke kommt mit 20.000 Fans, wird die Partie zu einem eigenen Heimspiel machen &#8211; das in Kombination mit weiteren Fortuna-Frust-Momenten w\u00e4re eine Katastrophe f\u00fcr die Mannschaft und den gesamten Verein p\u00fcnktlich zum 25-j\u00e4hrigen Jubil\u00e4um der Ultras. Das Dusel-2:1 gegen Magdeburg war zwar der erste Heimsieg der Saison, aber noch l\u00e4ngst keine Wiedergutmachung f\u00fcr die vielen Entt\u00e4uschungen, die es von dieser Mannschaft zuvor gegeben hatte.<\/p>\n<p>Mitten im Spiel: Basketball-Profi bricht pl\u00f6tzlich zusammen<a class=\"anchor video-teaser__anchor\" href=\"https:\/\/www.bild.de\/sport\/mehr-sport\/mitten-im-spiel-basketball-profi-bricht-ploetzlich-zusammen-693186e876c2ae9f577fb5e5\" target=\"_blank\" rel=\"noopener\"><img decoding=\"async\" width=\"992\" height=\"558\" alt=\"\" src=\"https:\/\/www.europesays.com\/de\/wp-content\/uploads\/2025\/12\/1764909918_337_92c06df430cd4fcf9584893817db0305,adc52dca\"   class=\"landscape teaser__image\" loading=\"lazy\"\/><\/a><\/p>\n<p>Quelle: FIBA04.12.2025<\/p>\n<p><b>Und weil der Aufsichtsrat bisher noch keinen Schlussstrich gezogen hat, schwebt das Allofs-Thema (sofern nichts ganz Pl\u00f6tzliches passiert) weiter \u00fcber diesem Team, das der Manager im Sommer komplett verbaut hat. Nach wie vor hat er als Vorstand offiziell die Verantwortung \u00fcber den Sport und die Kommunikation, nicht wenige haben Schiss davor, dass der Allofs sich in TV-Interviews positioniert, wie ER \u00fcber seine Zukunft entschieden hat und dass seine Ziele mit Fortuna nicht zu erreichen seien.<\/b><\/p>\n<p>Es k\u00f6nnte ein Horror-Abend im eigenen Stadion werden&#8230;<\/p>\n","protected":false},"excerpt":{"rendered":"Es k\u00f6nnte richtig schlimm werden &#8211; das bef\u00fcrchten sogar bei Fortuna D\u00fcsseldorf nicht wenige&#8230; Dass der Krisen-Klub, der&hellip;\n","protected":false},"author":2,"featured_media":624334,"comment_status":"","ping_status":"","sticky":false,"template":"","format":"standard","meta":{"footnotes":""},"categories":[1831],"tags":[621,24953,14284,3364,29,3405,18391,3132,347,30,7762,1209,819,45,784],"class_list":{"0":"post-624333","1":"post","2":"type-post","3":"status-publish","4":"format-standard","5":"has-post-thumbnail","7":"category-duesseldorf","8":"tag-2-bundesliga","9":"tag-allofs-klaus","10":"tag-anfang-markus","11":"tag-de","12":"tag-deutschland","13":"tag-duesseldorf","14":"tag-fc-schalke","15":"tag-fortuna-duesseldorf","16":"tag-fussball","17":"tag-germany","18":"tag-hochrainer-sebastian","19":"tag-nordrhein-westfalen","20":"tag-sport-leuchtturm-essen","21":"tag-texttospeech","22":"tag-zweite-bundesliga"},"share_on_mastodon":{"url":"https:\/\/pubeurope.com\/@de\/115665144474201616","error":""},"_links":{"self":[{"href":"https:\/\/www.europesays.com\/de\/wp-json\/wp\/v2\/posts\/624333","targetHints":{"allow":["GET"]}}],"collection":[{"href":"https:\/\/www.europesays.com\/de\/wp-json\/wp\/v2\/posts"}],"about":[{"href":"https:\/\/www.europesays.com\/de\/wp-json\/wp\/v2\/types\/post"}],"author":[{"embeddable":true,"href":"https:\/\/www.europesays.com\/de\/wp-json\/wp\/v2\/users\/2"}],"replies":[{"embeddable":true,"href":"https:\/\/www.europesays.com\/de\/wp-json\/wp\/v2\/comments?post=624333"}],"version-history":[{"count":0,"href":"https:\/\/www.europesays.com\/de\/wp-json\/wp\/v2\/posts\/624333\/revisions"}],"wp:featuredmedia":[{"embeddable":true,"href":"https:\/\/www.europesays.com\/de\/wp-json\/wp\/v2\/media\/624334"}],"wp:attachment":[{"href":"https:\/\/www.europesays.com\/de\/wp-json\/wp\/v2\/media?parent=624333"}],"wp:term":[{"taxonomy":"category","embeddable":true,"href":"https:\/\/www.europesays.com\/de\/wp-json\/wp\/v2\/categories?post=624333"},{"taxonomy":"post_tag","embeddable":true,"href":"https:\/\/www.europesays.com\/de\/wp-json\/wp\/v2\/tags?post=624333"}],"curies":[{"name":"wp","href":"https:\/\/api.w.org\/{rel}","templated":true}]}}