{"id":624354,"date":"2025-12-05T05:01:19","date_gmt":"2025-12-05T05:01:19","guid":{"rendered":"https:\/\/www.europesays.com\/de\/624354\/"},"modified":"2025-12-05T05:01:19","modified_gmt":"2025-12-05T05:01:19","slug":"berlin-brandenburg-viele-wolken-und-teilweise-regen","status":"publish","type":"post","link":"https:\/\/www.europesays.com\/de\/624354\/","title":{"rendered":"Berlin &#038; Brandenburg: Viele Wolken und teilweise Regen"},"content":{"rendered":"<p>Berlin &amp; BrandenburgViele Wolken und teilweise Regen<img decoding=\"async\" class=\"Image_img__fQCi0 Image_Img_16_9__4BLfH\" loading=\"eager\" fetchpriority=\"high\" src=\"https:\/\/www.europesays.com\/de\/wp-content\/uploads\/2025\/12\/Das-Wochenende-wird-in-Berlin-und-Brandenburg-vor-allem-bewoelkt-sein.webp.webp\" alt=\"Das-Wochenende-wird-in-Berlin-und-Brandenburg-vor-allem-bewoelkt-sein\"\/>TeilenFolgen auf:<a href=\"https:\/\/www.whatsapp.com\/channel\/0029Va5cdVJD8SDp5YZgYF01\" title=\"Auf WhatsApp folgen\" target=\"_blank\" rel=\"noopener\"><img decoding=\"async\" src=\"https:\/\/www.n-tv.de\/socialIcons\/whatsapp.svg\" alt=\"whatsapp\" class=\"ArticleShare_icon__FsrC2\"\/><\/a><a href=\"https:\/\/news.google.com\/publications\/CAAiEPMdif5mpRNxiLOeUpHCwwsqFAgKIhDzHYn-ZqUTcYiznlKRwsML?hl=de&amp;gl=DE&amp;ceid=DE%3Ade\" title=\"Auf Google News folgen\" target=\"_blank\" rel=\"noopener\"><img decoding=\"async\" src=\"https:\/\/www.n-tv.de\/socialIcons\/google.svg\" alt=\"whatsapp\" class=\"ArticleShare_icon__FsrC2\"\/><\/a><\/p>\n<p class=\"Typography_text-m__XI0da Typography_weight-bold__uT6mq storyline_lead_text_leadtext__q_wg8\">Nebel, Regen und K\u00e4lte: So startet das Nikolauswochenende in Berlin und Brandenburg. Am Sonntag wird es milder.<\/p>\n<p class=\"Typography_text-default__P3otY Typography_weight-normal__pqUbH storyline_paragraph_p__qSR5N\">Potsdam (dpa\/bb) &#8211; Das Wochenende verspricht in Berlin und Brandenburg f\u00fcr den Nikolaustag eher graue und k\u00fchle Aussichten, zum zweiten Advent wird es am Sonntag etwas freundlicher. Der Deutsche Wetterdienst erwartet am Freitag bedecktes, teils neblig-tr\u00fcbes Wetter. Demnach kann es auch zu leichtem Regen oder Spr\u00fchregen kommen. Die H\u00f6chstwerte sollen drei bis f\u00fcnf Grad betragen.<\/p>\n<p class=\"Typography_text-default__P3otY Typography_weight-normal__pqUbH storyline_paragraph_p__qSR5N\">In der Nacht zum Sonntag soll es laut DWD meist niederschlagsfrei bleiben. Die Temperaturen sollen dann auf Tiefstwerte von ein bis minus zwei Grad sinken. Am Samstag rechnet der DWD mit starker Bew\u00f6lkung und Regen im Tagesverlauf. Es bleibt bei maximal drei bis f\u00fcnf Grad. Sonntag kann es trotz Wolken und gebietsweise Regen auch zu Sonnenschein kommen, hei\u00dft es. Die H\u00f6chsttemperaturen steigen auf sechs bis neun Grad.<\/p>\n<p class=\"Typography_text-s__wu_cm Typography_weight-normal__pqUbH Typography_color-darkgrey__sZEnP article-detail-footer_source__KslPc\">Quelle: dpa<\/p>\n","protected":false},"excerpt":{"rendered":"Berlin &amp; BrandenburgViele Wolken und teilweise RegenTeilenFolgen auf: Nebel, Regen und K\u00e4lte: So startet das Nikolauswochenende in Berlin&hellip;\n","protected":false},"author":2,"featured_media":624355,"comment_status":"","ping_status":"","sticky":false,"template":"","format":"standard","meta":{"footnotes":""},"categories":[1816],"tags":[1960,1958,1959,1957,1956,1890,29,30],"class_list":{"0":"post-624354","1":"post","2":"type-post","3":"status-publish","4":"format-standard","5":"has-post-thumbnail","7":"category-brandenburg","8":"tag-aktuelle-nachrichten-aus-berlin-und-brandenburg","9":"tag-aktuelle-nachrichten-aus-brandenburg","10":"tag-aktuelle-news-aus-berlin-und-brandenburg","11":"tag-aktuelle-news-aus-brandenburg","12":"tag-berlin-und-brandenburg","13":"tag-brandenburg","14":"tag-deutschland","15":"tag-germany"},"share_on_mastodon":{"url":"https:\/\/pubeurope.com\/@de\/115665207152058152","error":""},"_links":{"self":[{"href":"https:\/\/www.europesays.com\/de\/wp-json\/wp\/v2\/posts\/624354","targetHints":{"allow":["GET"]}}],"collection":[{"href":"https:\/\/www.europesays.com\/de\/wp-json\/wp\/v2\/posts"}],"about":[{"href":"https:\/\/www.europesays.com\/de\/wp-json\/wp\/v2\/types\/post"}],"author":[{"embeddable":true,"href":"https:\/\/www.europesays.com\/de\/wp-json\/wp\/v2\/users\/2"}],"replies":[{"embeddable":true,"href":"https:\/\/www.europesays.com\/de\/wp-json\/wp\/v2\/comments?post=624354"}],"version-history":[{"count":0,"href":"https:\/\/www.europesays.com\/de\/wp-json\/wp\/v2\/posts\/624354\/revisions"}],"wp:featuredmedia":[{"embeddable":true,"href":"https:\/\/www.europesays.com\/de\/wp-json\/wp\/v2\/media\/624355"}],"wp:attachment":[{"href":"https:\/\/www.europesays.com\/de\/wp-json\/wp\/v2\/media?parent=624354"}],"wp:term":[{"taxonomy":"category","embeddable":true,"href":"https:\/\/www.europesays.com\/de\/wp-json\/wp\/v2\/categories?post=624354"},{"taxonomy":"post_tag","embeddable":true,"href":"https:\/\/www.europesays.com\/de\/wp-json\/wp\/v2\/tags?post=624354"}],"curies":[{"name":"wp","href":"https:\/\/api.w.org\/{rel}","templated":true}]}}