{"id":624393,"date":"2025-12-05T05:25:15","date_gmt":"2025-12-05T05:25:15","guid":{"rendered":"https:\/\/www.europesays.com\/de\/624393\/"},"modified":"2025-12-05T05:25:15","modified_gmt":"2025-12-05T05:25:15","slug":"oberbuergermeisterwahl-in-kiel-stichwahl-um-buergermeisterposten-enges-rennen-erwartet","status":"publish","type":"post","link":"https:\/\/www.europesays.com\/de\/624393\/","title":{"rendered":"Oberb\u00fcrgermeisterwahl in Kiel: Stichwahl um B\u00fcrgermeisterposten &#8211; Enges Rennen erwartet"},"content":{"rendered":"<p>        Oberb\u00fcrgermeisterwahl in Kiel<br \/>\n      Stichwahl um B\u00fcrgermeisterposten &#8211; Enges Rennen erwartet<\/p>\n<p>            Kopiere den aktuellen Link<\/p>\n<p>          Zur Merkliste hinzuf\u00fcgen<\/p>\n<p>Vor der Stichwahl in Schleswig-Holsteins Landeshauptstadt blicken beide Kandidaten optimistisch nach vorn. Worin sich Gerrit Derkowski und Samit Yilmaz unterscheiden \u2013 und wo sie doch \u00fcbereinstimmen.<\/p>\n<p class=\"typo-body-sc-md is-initial\">Kurz vor der <a class=\"taxonomy-entity keyword\" data-target-type=\"article\" href=\"https:\/\/www.stern.de\/politik\/ausland\/themen\/stichwahl-4135416.html\" target=\"_blank\" rel=\"noopener\">Stichwahl<\/a> am Sonntag geben sich die beiden Kandidaten f\u00fcr das Amt des Kieler Oberb\u00fcrgermeisters, Gerrit Derkowski (parteilos) und Samit Yilmaz (Gr\u00fcne), zuversichtlich. Beide rechnen allerdings mit einem knappen Rennen. Im ersten Wahlgang hatte der 56 Jahre alte Fernsehmoderator Derkowski 28,7 und der 44 Jahre alte Fraktionschef der Gr\u00fcnen im Stadtrat Yilmaz 24,8 Prozent der Stimmen erhalten.<\/p>\n<p class=\"typo-body-sc-md\">&#8222;Ja, das k\u00f6nnte knapp werden&#8220;, sagte Yilmaz der <a class=\"taxonomy-entity organization\" data-target-type=\"article\" href=\"https:\/\/www.stern.de\/politik\/deutschland\/themen\/deutsche-presse-agentur-4177580.html\" target=\"_blank\" rel=\"noopener\">Deutschen Presse-Agentur<\/a>. Bei einer Stichwahl sei die Herausforderung, die Menschen wieder zu motivieren, zur Wahl zu gehen. Er versp\u00fcre bei den Gespr\u00e4chen mit den Menschen in der Stadt Unterst\u00fctzung.<\/p>\n<p class=\"typo-body-sc-md\">Yilmaz sieht seine Verwaltungserfahrung als Vorteil<\/p>\n<p class=\"typo-body-sc-md\">Dass die <a class=\"taxonomy-entity organization\" data-target-type=\"article\" href=\"https:\/\/www.stern.de\/politik\/deutschland\/themen\/spd-4541456.html\" target=\"_blank\" rel=\"noopener\">SPD<\/a>, die Kooperationspartner der Gr\u00fcnen im Stadtrat ist, keine Wahlempfehlung f\u00fcr ihn abgegeben hat, nachdem ihr Kandidat im ersten Wahlgang gescheitert ist, hat aus Yilmaz&#8216; Sicht keine negativen Auswirkungen. &#8222;Wichtig ist mir, dass man eine gute Kommunikation weiterhin pflegt. Ich bin der festen Meinung, dass wir auch gut miteinander zusammenarbeiten sollten, weil wir viele \u00e4hnliche Punkte haben, die wir weiter voranbringen werden.&#8220;<\/p>\n<p class=\"typo-body-sc-md\">Einen Vorteil f\u00fcr sich sieht Yilmaz in seiner Verwaltungserfahrung. Er k\u00f6nne sofort loslegen mit der Arbeit. Dabei setze er stark auf den Dialog mit den Menschen in der Stadt. &#8222;Und ich m\u00f6chte eine Stimme sein f\u00fcr die Menschen, die auch nicht gesehen werden.&#8220; Politikerinnen und Politiker m\u00fcssen nach Yilmaz \u00dcberzeugung wieder nahbarer werden und sich nicht hinter ihren Schreibtischen verstecken. &#8222;Daf\u00fcr braucht man aber auch Mut, auch vielleicht mal Fehler einzugestehen. Das ist wichtig, denn nichts ist schlimmer, gerade in der kommunalen Ebene, als dass man sehr distanziert ist von denMenschen.&#8220;\u00a0<\/p>\n<p class=\"typo-body-sc-md\">Derkowski geht best\u00e4rkt in Stichwahl<\/p>\n<p><img decoding=\"async\" class=\"image-element__image image\" fetchpriority=\"auto\" loading=\"lazy\" src=\"https:\/\/www.europesays.com\/de\/wp-content\/uploads\/2025\/08\/1754402297_86_gps-visual-widget.png\" style=\"aspect-ratio: 3;\" alt=\"Gregor Peter Schmitz mit den Buchstaben GPS\" title=\"Gregor Peter Schmitz mit den Buchstaben GPS\"\/><\/p>\n<p>          Wollen Sie nichts mehr vom stern verpassen?<\/p>\n<p>Pers\u00f6nlich, kompetent und unterhaltsam: Chefredakteur Gregor Peter Schmitz sendet Ihnen jeden Mittwoch in einem kostenlosen Newsletter die wichtigsten Inhalte aus der stern-Redaktion und ordnet ein, wor\u00fcber Deutschland spricht. <a target=\"_blank\" class=\"link--external\" href=\"https:\/\/www.stern.de\/service\/gps-newsletter\/?utm_source=stern_digital&amp;utm_medium=infobox&amp;utm_campaign=stern_nl-gps\" rel=\"nofollow noopener\">Hier geht es zur Registrierung.<\/a><\/p>\n<p class=\"typo-body-sc-md\">F\u00fcr Gerrit Derkowski, den CDU, FDP und SSW unterst\u00fctzen, ist die <a class=\"taxonomy-entity keyword\" data-target-type=\"article\" href=\"https:\/\/www.stern.de\/politik\/deutschland\/themen\/oberbuergermeisterwahl-4148224.html\" target=\"_blank\" rel=\"noopener\">Oberb\u00fcrgermeisterwahl<\/a> eine ganz neue Erfahrung. &#8222;Auf der B\u00fchne zu stehen und nicht Fragen zu stellen, sondern Antworten zu geben, war f\u00fcr mich eine Premiere&#8220;, erkl\u00e4rte der fr\u00fchere Journalist der dpa. Er gehe mit gro\u00dfer Motivation und R\u00fcckenwind in die Stichwahl, denn die Kielerinnen und Kieler w\u00fcnschten sich seiner Meinung nach einen Wechsel.<\/p>\n<p class=\"typo-body-sc-md\">Der 56-J\u00e4hrige kandidiert, weil er in der schleswig-holsteinischen Landeshauptstadt vieles ver\u00e4ndern will. &#8222;Ich wusste, es sind 2025 die Wahlen zum Oberb\u00fcrgermeister und dann habe ich meine Antennen ausgefahren und mal gefragt, ob man sich das vorstellen k\u00f6nnte <a class=\"taxonomy-entity place\" data-target-type=\"article\" href=\"https:\/\/www.stern.de\/politik\/deutschland\/themen\/kiel-4131856.html\" target=\"_blank\" rel=\"noopener\">in Kiel<\/a>&#8222;, sagte Derkowski. &#8222;Und es gab Menschen, die sich das vorstellen konnten.&#8220;<\/p>\n<p class=\"typo-body-sc-md\">Gro\u00dfe Gegens\u00e4tze bei der Stadtbahn<\/p>\n<p class=\"typo-body-sc-md\">Dass das Thema Stadtbahn im bisherigen Wahlkampf allerdings so dominant geworden sei, habe ihn \u00fcberrascht: &#8222;Wann immer ich auf den Marktpl\u00e4tzen stand oder an welcher Haust\u00fcr ich auch geklingelt habe, es war fast immer so, dass mich die Menschen als Erstes auf die Stadtbahn angesprochen haben.&#8220;\u00a0<\/p>\n<p class=\"typo-body-sc-md\">Die Abschaffung der Stra\u00dfenbahn in Kiel vor 40 Jahren sei &#8222;der gr\u00f6\u00dfte verkehrspolitische Fehler&#8220; gewesen. Doch sie wieder einzuf\u00fchren, halte er wegen der hohen Kosten und des Aufwands f\u00fcr einen weiteren Fehler. Das gesparte Geld w\u00fcrde Derkowski lieber in Schulen, Kitas und Wohnungen investieren. Den Vorwurf, er spiele Stadtbahn und Schulbau gegeneinander aus, wies er zur\u00fcck: &#8222;Ich setze klare Priorit\u00e4ten.&#8220;<\/p>\n<p class=\"typo-body-sc-md\">Sein Kontrahent Yilmaz sieht die Stadtbahn hingegen als &#8222;Gamechanger&#8220;, der die Mobilit\u00e4t der Stadt voranbringe. Zudem m\u00fcsse die Kommune nur zehn Prozent der Kosten tragen, betonte der Gr\u00fcnen-Politiker. In einem Punkt sind sich die Kandidaten einig: Beide k\u00f6nnen sich einen B\u00fcrgerentscheid \u00fcber die Stadtbahn in Kiel vorstellen.\u00a0<\/p>\n<p class=\"typo-body-sc-md\">Bisherige Planung der Stadtbahn<\/p>\n<p class=\"typo-body-sc-md\">2018 hatte sich die Kieler Ratsversammlung f\u00fcr eine Stadtbahn in Kiel ausgesprochen. Im Dezember 2024 wurde zudem eine Absichtserkl\u00e4rung zwischen Land und Kommune unterschrieben, in der das Land finanzielle Unterst\u00fctzung zusicherte.<\/p>\n<p class=\"typo-body-sc-md\">Kiels Oberb\u00fcrgermeister Ulf K\u00e4mpfer (SPD) erkl\u00e4rte damals, dass eine erste Linie 2034 in Betrieb gehen solle. Das vollst\u00e4ndige Bahnnetz solle sp\u00e4testens 2040 fertig sein &#8211; dann will Schleswig-Holstein klimaneutral sein.<\/p>\n<p class=\"typo-body-sc-md\">Am Sonntag entscheiden die Kielerinnen und Kieler in der Stichwahl \u00fcber den kommenden Oberb\u00fcrgermeister der Landeshauptstadt. Die Partei des derzeitigen Amtsinhabers K\u00e4mpfer hatte es mit ihrem Kandidaten Ulf Daude nicht in die Stichwahl geschafft. K\u00e4mpfer \u00fcbergibt das Amt im April kommenden Jahres.<\/p>\n<p>\n    dpa\n  <\/p>\n","protected":false},"excerpt":{"rendered":"Oberb\u00fcrgermeisterwahl in Kiel Stichwahl um B\u00fcrgermeisterposten &#8211; Enges Rennen erwartet Kopiere den aktuellen Link Zur Merkliste hinzuf\u00fcgen Vor&hellip;\n","protected":false},"author":2,"featured_media":624394,"comment_status":"","ping_status":"","sticky":false,"template":"","format":"standard","meta":{"footnotes":""},"categories":[1852],"tags":[3364,29,548,663,3934,30,13,4949,14,15,12,1971],"class_list":{"0":"post-624393","1":"post","2":"type-post","3":"status-publish","4":"format-standard","5":"has-post-thumbnail","7":"category-kiel","8":"tag-de","9":"tag-deutschland","10":"tag-eu","11":"tag-europa","12":"tag-europe","13":"tag-germany","14":"tag-headlines","15":"tag-kiel","16":"tag-nachrichten","17":"tag-news","18":"tag-schlagzeilen","19":"tag-schleswig-holstein"},"share_on_mastodon":{"url":"https:\/\/pubeurope.com\/@de\/115665301087049283","error":""},"_links":{"self":[{"href":"https:\/\/www.europesays.com\/de\/wp-json\/wp\/v2\/posts\/624393","targetHints":{"allow":["GET"]}}],"collection":[{"href":"https:\/\/www.europesays.com\/de\/wp-json\/wp\/v2\/posts"}],"about":[{"href":"https:\/\/www.europesays.com\/de\/wp-json\/wp\/v2\/types\/post"}],"author":[{"embeddable":true,"href":"https:\/\/www.europesays.com\/de\/wp-json\/wp\/v2\/users\/2"}],"replies":[{"embeddable":true,"href":"https:\/\/www.europesays.com\/de\/wp-json\/wp\/v2\/comments?post=624393"}],"version-history":[{"count":0,"href":"https:\/\/www.europesays.com\/de\/wp-json\/wp\/v2\/posts\/624393\/revisions"}],"wp:featuredmedia":[{"embeddable":true,"href":"https:\/\/www.europesays.com\/de\/wp-json\/wp\/v2\/media\/624394"}],"wp:attachment":[{"href":"https:\/\/www.europesays.com\/de\/wp-json\/wp\/v2\/media?parent=624393"}],"wp:term":[{"taxonomy":"category","embeddable":true,"href":"https:\/\/www.europesays.com\/de\/wp-json\/wp\/v2\/categories?post=624393"},{"taxonomy":"post_tag","embeddable":true,"href":"https:\/\/www.europesays.com\/de\/wp-json\/wp\/v2\/tags?post=624393"}],"curies":[{"name":"wp","href":"https:\/\/api.w.org\/{rel}","templated":true}]}}