{"id":624521,"date":"2025-12-05T06:42:12","date_gmt":"2025-12-05T06:42:12","guid":{"rendered":"https:\/\/www.europesays.com\/de\/624521\/"},"modified":"2025-12-05T06:42:12","modified_gmt":"2025-12-05T06:42:12","slug":"bayern-juwel-lennart-karl-residiert-auf-18-quadratmetern","status":"publish","type":"post","link":"https:\/\/www.europesays.com\/de\/624521\/","title":{"rendered":"Bayern-Juwel Lennart Karl residiert auf 18 Quadratmetern"},"content":{"rendered":"<ol class=\"id-DonaldBreadcrumb lp_west_breadcrumb id-DonaldBreadcrumb--default\" data-k5a-pos=\"west_breadcrumb\">\n<li class=\"id-Breadcrumb-item\"><a href=\"https:\/\/www.merkur.de\/\" class=\"id-Breadcrumb-link\" data-id-ec=\"{\" shn=\"\" textlink=\"\" data-k5a-pos=\"1_startseite\" rel=\"nofollow noopener\" target=\"_blank\">Startseite<\/a><\/li>\n<li class=\"id-Breadcrumb-item\"><a href=\"https:\/\/www.merkur.de\/sport\/\" class=\"id-Breadcrumb-link\" data-id-ec=\"{\" shn=\"\" textlink=\"\" data-k5a-pos=\"2_sport\" rel=\"nofollow noopener\" target=\"_blank\">Sport<\/a><\/li>\n<li class=\"id-Breadcrumb-item\"><a href=\"https:\/\/www.merkur.de\/sport\/fc-bayern\/\" class=\"id-Breadcrumb-link\" data-id-ec=\"{\" shn=\"\" textlink=\"\" bayern=\"\" data-k5a-pos=\"3_fcBayern\" rel=\"nofollow noopener\" target=\"_blank\">FC Bayern<\/a><\/li>\n<\/ol>\n<p class=\"id-Story-timestamp id-Story-timestamp--default\">Stand: 05.12.2025, 04:53 Uhr<\/p>\n<p class=\"id-Story-authors id-Story-authors--default\">Von: <a class=\"id-Story-authors-link lp_west_author\" href=\"https:\/\/www.merkur.de\/autor\/henning-braeuninger-swqrebvy.html\" title=\"Zur Autorenseite von Henning Br&#xE4;uninger\" data-id-ec=\"{\" shn=\"\" author-link=\"\" br=\"\" data-k5a-pos=\"west_author\" rel=\"nofollow noopener\" target=\"_blank\">Henning Br\u00e4uninger<\/a><\/p>\n<p class=\"id-Story-interactionBar id-Story-interactionBar--default\">DruckenTeilen<\/p>\n<p class=\"id-StoryElement-leadText\">Der aufstrebende FC Bayern M\u00fcnchen-Star Lennart Karl bleibt trotz seiner Erfolge in einem bescheidenen Zimmer wohnen.<\/p>\n<p class=\"id-StoryElement-paragraph\">M\u00fcnchen \u2013 Lennart Karl ist aktuell in aller Munde. Der Youngster des <a href=\"https:\/\/www.absolutfussball.com\/deutschland\/fc-bayern-muenchen\/\" class=\"id-import-Link id-pageApi-Link--externalDomain\" title=\"FC Bayern M&#xFC;nchen\" data-id-ec=\"{&quot;sht&quot;:&quot;Container&quot;,&quot;shn&quot;:&quot;Story&quot;,&quot;p&quot;:{&quot;containerType&quot;:&quot;Paragraph&quot;,&quot;displayType&quot;:&quot;Paragraph InlineLink&quot;,&quot;type&quot;:&quot;INLINE_LINK&quot;,&quot;value&quot;:&quot;FC Bayern&quot;,&quot;variant&quot;:&quot;standardLink&quot;,&quot;sponsored&quot;:false,&quot;linkHref&quot;:&quot;https:\/\/www.absolutfussball.com\/deutschland\/fc-bayern-muenchen\/&quot;,&quot;storyElementPosition&quot;:8,&quot;storyElementCount&quot;:20}}\" rel=\"nofollow noopener\" target=\"_blank\">FC Bayern<\/a>, sorgt nicht nur auf dem Spielfeld f\u00fcr Aufsehen, sondern auch mit seinem bescheidenen Lebensstil. Obwohl der 17-J\u00e4hrige in dieser Saison einen kometenhaften Aufstieg bei den Profis des deutschen Rekordmeisters hingelegt hat, bleibt sein Wohnraum auf dem Bayern-Campus \u00fcberschaubar.<\/p>\n<p><img decoding=\"async\" class=\"id-RatioPlaceholder-element wv_story_el_image\" src=\"https:\/\/www.europesays.com\/de\/wp-content\/uploads\/2025\/12\/40694599-lennart-karl-QmBG.jpg\" loading=\"lazy\"   height=\"825\" width=\"1100\" alt=\"Lennart Karl\"\/>Lennart Karl spielte sich schnell in die Herzen der Bayern-Fans. \u00a9\u00a0IMAGO\/Oryk HAIST<\/p>\n<p class=\"id-StoryElement-paragraph\">Karl lebt dort in einem der 35 Zimmer der Jugendspieler \u2013 auf gerade einmal 18 Quadratmetern. Dieser Kontrast k\u00f6nnte kaum gr\u00f6\u00dfer sein: W\u00e4hrend Karl auf dem Platz mit beeindruckenden Leistungen gl\u00e4nzt und <a href=\"https:\/\/www.merkur.de\/sport\/fc-bayern\/2026-experte-florian-plettenberg-wuenscht-sich-bayern-juwel-lennart-karl-bei-der-wm-zr-94001948.html\" class=\"id-import-Link\" data-id-ec=\"{&quot;sht&quot;:&quot;Container&quot;,&quot;shn&quot;:&quot;Story&quot;,&quot;p&quot;:{&quot;containerType&quot;:&quot;Paragraph&quot;,&quot;displayType&quot;:&quot;Paragraph InlineLink&quot;,&quot;type&quot;:&quot;INLINE_LINK&quot;,&quot;value&quot;:&quot;bereits mit einem m&#xF6;glichen Platz im deutschen WM-Kader in Verbindung gebracht wird&quot;,&quot;variant&quot;:&quot;standardLink&quot;,&quot;sponsored&quot;:false,&quot;linkHref&quot;:&quot;https:\/\/www.merkur.de\/sport\/fc-bayern\/2026-experte-florian-plettenberg-wuenscht-sich-bayern-juwel-lennart-karl-bei-der-wm-zr-94001948.html&quot;,&quot;storyElementPosition&quot;:11,&quot;storyElementCount&quot;:20}}\" rel=\"nofollow noopener\" target=\"_blank\">bereits mit einem m\u00f6glichen Platz im deutschen WM-Kader in Verbindung gebracht wird<\/a>, bleibt er in seinem Alltag bodenst\u00e4ndig.<\/p>\n<p>Bayern-Wunderkind Karl lebt noch immer auf dem Campus<\/p>\n<p class=\"id-StoryElement-paragraph\">Karl wurde von Trainer Vincent Kompany in die Profimannschaft hochgezogen und hat sich seitdem eindrucksvoll etabliert. Mit vier Toren und zwei Assists in 16 Spielen hat er sich fast schon einen festen Platz in der Startelf erk\u00e4mpft. Auch in seinen ersten zwei Spielen bei der U21-Nationalmannschaft wusste der 17-J\u00e4hrige zu begeistern und traf in beiden Partien.<\/p>\n<p class=\"id-StoryElement-paragraph\">Dennoch hat sich seine Wohnsituation bisher nicht ver\u00e4ndert und er lebt weiter auf dem Bayern-Campus, um sich auf seinen anstehenden Realschulabschluss zu konzentrieren. Seine Eltern planen jedoch, im n\u00e4chsten Jahr nach M\u00fcnchen zu ziehen, dann k\u00f6nnte sich die Adresse des Youngsters eventuell doch \u00e4ndern. <\/p>\n<p>Der rasante Aufstieg von Lennart Karl beim FC Bayern<img decoding=\"async\" class=\"id-RatioPlaceholder-element wv_story_el_interstitialImage\" src=\"https:\/\/www.europesays.com\/de\/wp-content\/uploads\/2025\/12\/40570385-karls-aufstieg-bei-den-bayern-22fe.jpg\" loading=\"lazy\"   height=\"2250\" width=\"4000\" alt=\"Karls Aufstieg bei den Bayern.\"\/><a href=\"https:\/\/www.merkur.de\/sport\/fc-bayern\/der-rasante-aufstieg-von-lennart-karl-beim-fc-bayern-zr-94052538.html\" class=\"id-StoryElement-intestitialLink-link\" data-id-ec=\"{\" shn=\"\" ansehen=\"\" data-k5a-pos=\"west_story_16_photoGalleryLink\" title=\"Zur Fotostrecke: Der rasante Aufstieg von Lennart Karl beim FC Bayern\" rel=\"nofollow noopener\" target=\"_blank\">Fotostrecke ansehen<\/a><\/p>\n<p class=\"id-StoryElement-paragraph\">Zudem wird zu <a href=\"https:\/\/www.merkur.de\/sport\/fc-bayern\/bayern-youngster-karl-pikante-vertragsdetails-bekannt-geworden-zr-94051112.html\" class=\"id-import-Link\" data-id-ec=\"{&quot;sht&quot;:&quot;Container&quot;,&quot;shn&quot;:&quot;Story&quot;,&quot;p&quot;:{&quot;containerType&quot;:&quot;Paragraph&quot;,&quot;displayType&quot;:&quot;Paragraph InlineLink&quot;,&quot;type&quot;:&quot;INLINE_LINK&quot;,&quot;value&quot;:&quot;seinem 18. Geburtstag im kommenden Februar sein F&#xF6;rdervertrag beim Rekordmeister zu einem Profivertrag umgewandelt&quot;,&quot;variant&quot;:&quot;standardLink&quot;,&quot;sponsored&quot;:false,&quot;linkHref&quot;:&quot;https:\/\/www.merkur.de\/sport\/fc-bayern\/bayern-youngster-karl-pikante-vertragsdetails-bekannt-geworden-zr-94051112.html&quot;,&quot;storyElementPosition&quot;:18,&quot;storyElementCount&quot;:20}}\" rel=\"nofollow noopener\" target=\"_blank\">seinem 18. Geburtstag im kommenden Februar sein F\u00f6rdervertrag beim Rekordmeister zu einem Profivertrag umgewandelt<\/a> \u2013 inklusive einer Anpassung des Gehalts. Sp\u00e4testens dann sollte das n\u00f6tige Kleingeld f\u00fcr die eigenen vier W\u00e4nde wohl vorhanden sein \u2013 auch wenn das wahrscheinlich jetzt schon der Fall ist. Doch bisher zeigt Karl, dass Erfolg und Bescheidenheit Hand in Hand gehen k\u00f6nnen.<\/p>\n<p class=\"id-StoryElement-paragraph\">Dieser Ansatz k\u00f6nnte ihm nicht nur sportlich, sondern auch pers\u00f6nlich zugutekommen. Denn neben seinem Abschluss hat der Youngster noch ein weiteres Ziel im kommenden Sommer vor Augen: Die Weltmeisterschaft in den USA, Mexiko und Kanada w\u00e4re definitiv eine ganz besondere Abschlussfahrt. \u201eIch probiere einfach, Vollgas zu geben. Dann muss ich schauen, was Julian (Nagelsmann, d. Red.) macht.\u00a0Daher hoffe ich, dass es klappt\u201c, so Karl. (hbr)<\/p>\n","protected":false},"excerpt":{"rendered":"Startseite Sport FC Bayern Stand: 05.12.2025, 04:53 Uhr Von: Henning Br\u00e4uninger DruckenTeilen Der aufstrebende FC Bayern M\u00fcnchen-Star Lennart&hellip;\n","protected":false},"author":2,"featured_media":624522,"comment_status":"","ping_status":"","sticky":false,"template":"","format":"standard","meta":{"footnotes":""},"categories":[136],"tags":[29,30,265],"class_list":{"0":"post-624521","1":"post","2":"type-post","3":"status-publish","4":"format-standard","5":"has-post-thumbnail","7":"category-sport","8":"tag-deutschland","9":"tag-germany","10":"tag-sport"},"share_on_mastodon":{"url":"https:\/\/pubeurope.com\/@de\/115665603571467001","error":""},"_links":{"self":[{"href":"https:\/\/www.europesays.com\/de\/wp-json\/wp\/v2\/posts\/624521","targetHints":{"allow":["GET"]}}],"collection":[{"href":"https:\/\/www.europesays.com\/de\/wp-json\/wp\/v2\/posts"}],"about":[{"href":"https:\/\/www.europesays.com\/de\/wp-json\/wp\/v2\/types\/post"}],"author":[{"embeddable":true,"href":"https:\/\/www.europesays.com\/de\/wp-json\/wp\/v2\/users\/2"}],"replies":[{"embeddable":true,"href":"https:\/\/www.europesays.com\/de\/wp-json\/wp\/v2\/comments?post=624521"}],"version-history":[{"count":0,"href":"https:\/\/www.europesays.com\/de\/wp-json\/wp\/v2\/posts\/624521\/revisions"}],"wp:featuredmedia":[{"embeddable":true,"href":"https:\/\/www.europesays.com\/de\/wp-json\/wp\/v2\/media\/624522"}],"wp:attachment":[{"href":"https:\/\/www.europesays.com\/de\/wp-json\/wp\/v2\/media?parent=624521"}],"wp:term":[{"taxonomy":"category","embeddable":true,"href":"https:\/\/www.europesays.com\/de\/wp-json\/wp\/v2\/categories?post=624521"},{"taxonomy":"post_tag","embeddable":true,"href":"https:\/\/www.europesays.com\/de\/wp-json\/wp\/v2\/tags?post=624521"}],"curies":[{"name":"wp","href":"https:\/\/api.w.org\/{rel}","templated":true}]}}