{"id":624553,"date":"2025-12-05T07:00:12","date_gmt":"2025-12-05T07:00:12","guid":{"rendered":"https:\/\/www.europesays.com\/de\/624553\/"},"modified":"2025-12-05T07:00:12","modified_gmt":"2025-12-05T07:00:12","slug":"messerattacke-bei-streit-im-kreis-karlsruhe-polizei-nimmt-verdaechtigen-fest-baden-wuerttemberg","status":"publish","type":"post","link":"https:\/\/www.europesays.com\/de\/624553\/","title":{"rendered":"Messerattacke bei Streit im Kreis Karlsruhe \u2013 Polizei nimmt Verd\u00e4chtigen fest &#8211; Baden-W\u00fcrttemberg"},"content":{"rendered":"<p><strong>Dettenheim-Liedolsheim (dpa\/lsw) &#8211; <\/strong> Bei einem Streit in Dettenheim-Liedolsheim (Kreis Karlsruhe) ist ein Mensch mit einem Messer schwer verletzt worden. Rettungskr\u00e4fte brachten die Person am Donnerstagabend in ein Krankenhaus, wie die Polizei mitteilte.<\/p>\n<p>Eine zweite beteiligte Person sei vorl\u00e4ufig festgenommen worden. Wie der SWR berichtete, waren zw\u00f6lf Streifen, eine Hundestaffel und zivile Kr\u00e4fte im Einsatz. Weitere Details sind laut Polizei noch unklar.<\/p>\n","protected":false},"excerpt":{"rendered":"Dettenheim-Liedolsheim (dpa\/lsw) &#8211; Bei einem Streit in Dettenheim-Liedolsheim (Kreis Karlsruhe) ist ein Mensch mit einem Messer schwer verletzt&hellip;\n","protected":false},"author":2,"featured_media":624554,"comment_status":"","ping_status":"","sticky":false,"template":"","format":"standard","meta":{"footnotes":""},"categories":[1844],"tags":[1634,3364,29,30,8903,1584,4823,7490],"class_list":{"0":"post-624553","1":"post","2":"type-post","3":"status-publish","4":"format-standard","5":"has-post-thumbnail","7":"category-karlsruhe","8":"tag-baden-wuerttemberg","9":"tag-de","10":"tag-deutschland","11":"tag-germany","12":"tag-karlsruhe","13":"tag-kriminalitaet","14":"tag-meldung","15":"tag-vermischtes"},"share_on_mastodon":{"url":"https:\/\/pubeurope.com\/@de\/115665674288196474","error":""},"_links":{"self":[{"href":"https:\/\/www.europesays.com\/de\/wp-json\/wp\/v2\/posts\/624553","targetHints":{"allow":["GET"]}}],"collection":[{"href":"https:\/\/www.europesays.com\/de\/wp-json\/wp\/v2\/posts"}],"about":[{"href":"https:\/\/www.europesays.com\/de\/wp-json\/wp\/v2\/types\/post"}],"author":[{"embeddable":true,"href":"https:\/\/www.europesays.com\/de\/wp-json\/wp\/v2\/users\/2"}],"replies":[{"embeddable":true,"href":"https:\/\/www.europesays.com\/de\/wp-json\/wp\/v2\/comments?post=624553"}],"version-history":[{"count":0,"href":"https:\/\/www.europesays.com\/de\/wp-json\/wp\/v2\/posts\/624553\/revisions"}],"wp:featuredmedia":[{"embeddable":true,"href":"https:\/\/www.europesays.com\/de\/wp-json\/wp\/v2\/media\/624554"}],"wp:attachment":[{"href":"https:\/\/www.europesays.com\/de\/wp-json\/wp\/v2\/media?parent=624553"}],"wp:term":[{"taxonomy":"category","embeddable":true,"href":"https:\/\/www.europesays.com\/de\/wp-json\/wp\/v2\/categories?post=624553"},{"taxonomy":"post_tag","embeddable":true,"href":"https:\/\/www.europesays.com\/de\/wp-json\/wp\/v2\/tags?post=624553"}],"curies":[{"name":"wp","href":"https:\/\/api.w.org\/{rel}","templated":true}]}}