{"id":624721,"date":"2025-12-05T08:34:14","date_gmt":"2025-12-05T08:34:14","guid":{"rendered":"https:\/\/www.europesays.com\/de\/624721\/"},"modified":"2025-12-05T08:34:14","modified_gmt":"2025-12-05T08:34:14","slug":"usa-verkuerzen-gueltigkeitsdauer-von-arbeitsgenehmigungen-fuer-fluechtlinge-deutlich","status":"publish","type":"post","link":"https:\/\/www.europesays.com\/de\/624721\/","title":{"rendered":"USA verk\u00fcrzen G\u00fcltigkeitsdauer von Arbeitsgenehmigungen f\u00fcr Fl\u00fcchtlinge deutlich"},"content":{"rendered":"<p>      USA verk\u00fcrzen G\u00fcltigkeitsdauer von Arbeitsgenehmigungen f\u00fcr Fl\u00fcchtlinge deutlich<\/p>\n<p>            Kopiere den aktuellen Link<\/p>\n<p>          Zur Merkliste hinzuf\u00fcgen<\/p>\n<p>Die Regierung von US-Pr\u00e4sident Donald Trump verk\u00fcrzt die G\u00fcltigkeitsdauer von Arbeitsgenehmigungen f\u00fcr Fl\u00fcchtlinge, Asylsuchende und andere Migranten deutlich von f\u00fcnf Jahren auf 18 Monate. Der Leiter der Einwanderungsbeh\u00f6rde (USCIS), Joseph Edlow, begr\u00fcndete den Schritt am Donnerstag (Ortszeit) mit dem Schusswaffenangriff auf zwei Nationalgardisten in Washington in der vergangenen Woche, der mutma\u00dflich von einem Afghanen ver\u00fcbt wurde.<\/p>\n<p class=\"typo-body-sc-md\">&#8222;Durch die Verk\u00fcrzung der maximalen G\u00fcltigkeitsdauer f\u00fcr Arbeitsgenehmigungen wird sichergestellt, dass diejenigen, die in den Vereinigten Staaten arbeiten m\u00f6chte, keine Gefahr f\u00fcr die \u00f6ffentliche Sicherheit darstellen oder sch\u00e4dliche antiamerikanische Ideologien verbreiten&#8220;, erkl\u00e4rte Edlow. &#8222;Nach dem Angriff auf Angeh\u00f6rige der Nationalgarde in unserer Hauptstadt durch einen Ausl\u00e4nder, dem die Einreise in dieses Land von der vorherigen Regierung gestattet wurde, ist es noch deutlicher geworden, dass USCIS Ausl\u00e4nder h\u00e4ufiger \u00fcberpr\u00fcfen muss.&#8220;<\/p>\n<p class=\"typo-body-sc-md\">Die US-Regierung hatte zuletzt ihre Migrationspolitik nochmals versch\u00e4rft. So stoppte sie am Dienstag Einwanderungsantr\u00e4ge aus 19 L\u00e4ndern.<\/p>\n<p class=\"typo-body-sc-md\">Am Mittwoch vergangener Woche waren eine Soldatin und ein Soldat der Nationalgarde im Zentrum der US-Hauptstadt durch Sch\u00fcsse schwer verletzt worden. Die 20-j\u00e4hrige Nationalgardistin erlag sp\u00e4ter ihren Verletzungen. Der mutma\u00dfliche Angreifer, ein 29-j\u00e4hriger Afghane, wurde festgenommen und wegen Mordes und Mordversuchs angeklagt.<\/p>\n<p class=\"typo-body-sc-md\">Der Mann war im Zuge der Massenevakuierungen beim chaotischen R\u00fcckzug der westlichen Streitkr\u00e4fte aus Afghanistan 2021 in die <a class=\"taxonomy-entity place\" data-target-type=\"article\" href=\"https:\/\/www.stern.de\/politik\/ausland\/us-wahl-2024\/\" rel=\"nofollow noopener\" target=\"_blank\">USA<\/a> gekommen. Er soll laut Medienberichten in seiner Heimat unter anderem mit dem US-Auslandsgeheimdienst CIA zusammengearbeitet haben. Sein Asylantrag in den USA wurde im April genehmigt &#8211; also unter der Trump-Regierung.<\/p>\n<p>\n    AFP\n  <\/p>\n","protected":false},"excerpt":{"rendered":"USA verk\u00fcrzen G\u00fcltigkeitsdauer von Arbeitsgenehmigungen f\u00fcr Fl\u00fcchtlinge deutlich Kopiere den aktuellen Link Zur Merkliste hinzuf\u00fcgen Die Regierung von&hellip;\n","protected":false},"author":2,"featured_media":624722,"comment_status":"","ping_status":"","sticky":false,"template":"","format":"standard","meta":{"footnotes":""},"categories":[3977],"tags":[331,332,13,14,15,12,4017,4018,4016,64,4019,4020],"class_list":{"0":"post-624721","1":"post","2":"type-post","3":"status-publish","4":"format-standard","5":"has-post-thumbnail","7":"category-usa","8":"tag-aktuelle-nachrichten","9":"tag-aktuelle-news","10":"tag-headlines","11":"tag-nachrichten","12":"tag-news","13":"tag-schlagzeilen","14":"tag-united-states","15":"tag-united-states-of-america","16":"tag-us","17":"tag-usa","18":"tag-vereinigte-staaten","19":"tag-vereinigte-staaten-von-amerika"},"share_on_mastodon":{"url":"https:\/\/pubeurope.com\/@de\/115666043690605280","error":""},"_links":{"self":[{"href":"https:\/\/www.europesays.com\/de\/wp-json\/wp\/v2\/posts\/624721","targetHints":{"allow":["GET"]}}],"collection":[{"href":"https:\/\/www.europesays.com\/de\/wp-json\/wp\/v2\/posts"}],"about":[{"href":"https:\/\/www.europesays.com\/de\/wp-json\/wp\/v2\/types\/post"}],"author":[{"embeddable":true,"href":"https:\/\/www.europesays.com\/de\/wp-json\/wp\/v2\/users\/2"}],"replies":[{"embeddable":true,"href":"https:\/\/www.europesays.com\/de\/wp-json\/wp\/v2\/comments?post=624721"}],"version-history":[{"count":0,"href":"https:\/\/www.europesays.com\/de\/wp-json\/wp\/v2\/posts\/624721\/revisions"}],"wp:featuredmedia":[{"embeddable":true,"href":"https:\/\/www.europesays.com\/de\/wp-json\/wp\/v2\/media\/624722"}],"wp:attachment":[{"href":"https:\/\/www.europesays.com\/de\/wp-json\/wp\/v2\/media?parent=624721"}],"wp:term":[{"taxonomy":"category","embeddable":true,"href":"https:\/\/www.europesays.com\/de\/wp-json\/wp\/v2\/categories?post=624721"},{"taxonomy":"post_tag","embeddable":true,"href":"https:\/\/www.europesays.com\/de\/wp-json\/wp\/v2\/tags?post=624721"}],"curies":[{"name":"wp","href":"https:\/\/api.w.org\/{rel}","templated":true}]}}