{"id":624761,"date":"2025-12-05T08:58:13","date_gmt":"2025-12-05T08:58:13","guid":{"rendered":"https:\/\/www.europesays.com\/de\/624761\/"},"modified":"2025-12-05T08:58:13","modified_gmt":"2025-12-05T08:58:13","slug":"konzert-in-der-weihnachtszeit-sorgt-fuer-besondere-musikmischung","status":"publish","type":"post","link":"https:\/\/www.europesays.com\/de\/624761\/","title":{"rendered":"\u201eKonzert in der Weihnachtszeit\u201c sorgt f\u00fcr besondere Musikmischung"},"content":{"rendered":"<p class=\"expressive-copy-lg-body\">Alle Jahre wieder und doch immer wieder anders. Das \u201eKonzert in der Weihnachtszeit\u201c hat in Essen Tradition und steht gleichzeitig doch f\u00fcr kontinuierliche Ver\u00e4nderung. Das betrifft nicht nur die Konzert-Location: Nach Philharmonie und Grugahalle wird das adventliche Musikevent in der Erl\u00f6serkirche gefeiert. <\/p>\n<p>   Essen-Newsletter: Jetzt kostenlos anmelden!<\/p>\n<p class=\"text-body2 mt-2\">Nachrichten, Service, Reportagen: Jeden Tag wissen, was in unserer Stadt los ist.<\/p>\n<p class=\"text-caption text-copy-secondary\">\n          Mit meiner Anmeldung zum Newsletter stimme ich der<br \/>\n          <a href=\"https:\/\/www.waz.de\/services\/newsletter-adconsent\" class=\"text-overline text-copy-accent-negative dark:underline\" rel=\"nofollow noopener\" target=\"_blank\">Werbevereinbarung<\/a><br \/>\n          zu.\n        <\/p>\n<p class=\"expressive-copy-lg-body\">Am Donnerstag, 11. Dezember, 20 Uhr, sorgt die 17. Ausgabe von \u201eDas Konzert in der Weihnachtszeit\u201c wieder f\u00fcr den besonderen Musikmix: Statt traditioneller Weihnachtskl\u00e4nge pr\u00e4sentiert das Konzert ein energiegeladenes Crossover, das Klassik, Rock, Pop, Soul und festliche Klangfarben miteinander verbindet.<\/p>\n<p>    <img decoding=\"async\" src=\"https:\/\/www.europesays.com\/de\/wp-content\/uploads\/2025\/12\/410608945_1764922884_v16_9_1200.jpeg\" class=\"block w-full object-cover relative z-10 aspect-[3\/4] md:aspect-[3\/4] lg:aspect-[3\/4] \" alt=\"Steven Maganey kommt zum \u201eKonzert in der Weihnachtszeit\u201c nach Essen. \" title=\"Steven Maganey kommt zum \u201eKonzert in der Weihnachtszeit\u201c nach Essen. \" loading=\"lazy\"\/><\/p>\n<p>\n      Steven Maganey kommt zum \u201eKonzert in der Weihnachtszeit\u201c nach Essen. <\/p>\n<p class=\"expressive-copy-lg-body\">Das von Veranstalter Igor Albanese zusammengestellte K\u00fcnstlerensemble vereint bekannte Stimmen, langj\u00e4hrige Wegbegleiter und neue G\u00e4ste: Opernsopran Christiane Linke und Tenor Stefan Lex sollen f\u00fcr vokale Eleganz sorgen, begleitet von Pianistin Sigrid Althoff. Rockstimme Steven Mageney, Soul-S\u00e4ngerin Daisiana Lekatompessy, der italienische Tenor Vincenzo Dacaro und die charaktervolle Stimme von Alexx Marone erweitern die stilistische Vielfalt. Zudem sind weitere \u00dcberraschungsg\u00e4ste angek\u00fcndigt. <\/p>\n<p>  Musikalischer Br\u00fcckenschlag<\/p>\n<p class=\"expressive-copy-lg-body\">Ein fester Bestandteil der Konzertreihe ist seit 2009 das Essener Musikduo Benny &amp; Joyce. F\u00fcr viele Besucherinnen und Besucher sei das \u201eKonzert in der Weihnachtszeit\u201c inzwischen sogar untrennbar mit dem Musikduo verbunden, wissen die Veranstalter. Benjamin Nausch\u00fctz, der nicht nur am Klavier sitzt und singt, sondern aus moderierend durch den Abend f\u00fchrt, ist deshalb immer wieder auf der Suche nach passenden Titeln: \u201eWir wollen uns ja nicht wiederholen\u201c <\/p>\n<p class=\"expressive-copy-lg-body\">F\u00fcr Veranstalter Igor Albanese steht vor allem \u201edie Freude am musikalischen Br\u00fcckenschlag\u201c im Vordergrund.  <\/p>\n<p class=\"expressive-copy-lg-body\">Infos unter Tel. 0170 779 7229  und info@albanese-music.de Tickets (ab 16,50 Euro) unter <a href=\"https:\/\/konzerteinderweihnachtszeit.ticket.io\/\" target=\"_blank\" rel=\"nofollow noopener\">konzerteinderweihnachtszeit.ticket.io<\/a><\/p>\n","protected":false},"excerpt":{"rendered":"Alle Jahre wieder und doch immer wieder anders. Das \u201eKonzert in der Weihnachtszeit\u201c hat in Essen Tradition und&hellip;\n","protected":false},"author":2,"featured_media":624762,"comment_status":"","ping_status":"","sticky":false,"template":"","format":"standard","meta":{"footnotes":""},"categories":[1834],"tags":[3364,29,3688,30,1209],"class_list":{"0":"post-624761","1":"post","2":"type-post","3":"status-publish","4":"format-standard","5":"has-post-thumbnail","7":"category-essen","8":"tag-de","9":"tag-deutschland","10":"tag-essen","11":"tag-germany","12":"tag-nordrhein-westfalen"},"share_on_mastodon":{"url":"https:\/\/pubeurope.com\/@de\/115666140171027872","error":""},"_links":{"self":[{"href":"https:\/\/www.europesays.com\/de\/wp-json\/wp\/v2\/posts\/624761","targetHints":{"allow":["GET"]}}],"collection":[{"href":"https:\/\/www.europesays.com\/de\/wp-json\/wp\/v2\/posts"}],"about":[{"href":"https:\/\/www.europesays.com\/de\/wp-json\/wp\/v2\/types\/post"}],"author":[{"embeddable":true,"href":"https:\/\/www.europesays.com\/de\/wp-json\/wp\/v2\/users\/2"}],"replies":[{"embeddable":true,"href":"https:\/\/www.europesays.com\/de\/wp-json\/wp\/v2\/comments?post=624761"}],"version-history":[{"count":0,"href":"https:\/\/www.europesays.com\/de\/wp-json\/wp\/v2\/posts\/624761\/revisions"}],"wp:featuredmedia":[{"embeddable":true,"href":"https:\/\/www.europesays.com\/de\/wp-json\/wp\/v2\/media\/624762"}],"wp:attachment":[{"href":"https:\/\/www.europesays.com\/de\/wp-json\/wp\/v2\/media?parent=624761"}],"wp:term":[{"taxonomy":"category","embeddable":true,"href":"https:\/\/www.europesays.com\/de\/wp-json\/wp\/v2\/categories?post=624761"},{"taxonomy":"post_tag","embeddable":true,"href":"https:\/\/www.europesays.com\/de\/wp-json\/wp\/v2\/tags?post=624761"}],"curies":[{"name":"wp","href":"https:\/\/api.w.org\/{rel}","templated":true}]}}