{"id":624773,"date":"2025-12-05T09:06:16","date_gmt":"2025-12-05T09:06:16","guid":{"rendered":"https:\/\/www.europesays.com\/de\/624773\/"},"modified":"2025-12-05T09:06:16","modified_gmt":"2025-12-05T09:06:16","slug":"film-doku-dance-around-the-world-brasiliens-tanzwunder-eric-gauthier-zwischen-favelas-und-opern-prunk-kultur","status":"publish","type":"post","link":"https:\/\/www.europesays.com\/de\/624773\/","title":{"rendered":"Film-Doku \u201eDance Around the World\u201c: Brasiliens Tanzwunder: Eric Gauthier zwischen Favelas und Opern-Prunk &#8211; Kultur"},"content":{"rendered":"<p>Eine Tanzstunde, die man nicht verpassen sollte: In der neuen Folge der Doku-Reihe \u201eDance Around the World\u201c reist Eric Gauthier quer durch Brasilien. Premiere war jetzt in Stuttgart.<\/p>\n<p>Ganz frisch ist die siebte Folge der <a href=\"https:\/\/www.ardmediathek.de\/sendung\/dance-around-the-world-mit-eric-gauthier\/Y3JpZDovL3N3ci5kZS9zZGIvc3RJZC8xNDQ3\" target=\"_blank\" rel=\"noopener\">SWR-Doku-Reihe \u201eDance Around the World\u201c in der ARD-Mediathek<\/a> verf\u00fcgbar. Dass der <a href=\"https:\/\/www.esslinger-zeitung.de\/thema\/Brasilien\" title=\"Brasilien\" class=\"art_thema\" target=\"_blank\" rel=\"noopener\">Brasilien<\/a> gewidmete Beitrag fast zu schade f\u00fcr den kleinen TV-Bildschirm ist, war am Donnerstag bei der Filmschau Baden-W\u00fcrttemberg zu erleben. Mit <a href=\"https:\/\/www.esslinger-zeitung.de\/thema\/Eric_Gauthier\" title=\"Eric Gauthier\" class=\"art_thema\" target=\"_blank\" rel=\"noopener\">Eric Gauthier<\/a> als bew\u00e4hrtem Tourguide geht es zu wichtigen und \u00fcberraschenden Kompanien des Landes. Von der Armut der Favelas bis zum Prunk der Opernh\u00e4user in Rio und S\u00e3o Paulo: Entstanden ist eine Tanzstunde, die so dicht dran ist an der Emotionalit\u00e4t und Sinnlichkeit Brasiliens, dass sie locker jede Kinoleinwand f\u00fcllt. Ein treibender Soundtrack sowie ein entfesselt wirbelnder Eric Gauthier machten im Kino Gloria ordentlich Stimmung.<\/p>\n","protected":false},"excerpt":{"rendered":"Eine Tanzstunde, die man nicht verpassen sollte: In der neuen Folge der Doku-Reihe \u201eDance Around the World\u201c reist&hellip;\n","protected":false},"author":2,"featured_media":624774,"comment_status":"","ping_status":"","sticky":false,"template":"","format":"standard","meta":{"footnotes":""},"categories":[1830],"tags":[147910,1634,5697,147911,3364,29,20613,40184,92,30,80,1441,1755],"class_list":{"0":"post-624773","1":"post","2":"type-post","3":"status-publish","4":"format-standard","5":"has-post-thumbnail","7":"category-stuttgart","8":"tag-andreas-ammer","9":"tag-baden-wuerttemberg","10":"tag-brasilien","11":"tag-dance-around-the-world","12":"tag-de","13":"tag-deutschland","14":"tag-dokumentation","15":"tag-eric-gauthier","16":"tag-film","17":"tag-germany","18":"tag-kultur","19":"tag-stuttgart","20":"tag-swr"},"share_on_mastodon":{"url":"https:\/\/pubeurope.com\/@de\/115666169793541037","error":""},"_links":{"self":[{"href":"https:\/\/www.europesays.com\/de\/wp-json\/wp\/v2\/posts\/624773","targetHints":{"allow":["GET"]}}],"collection":[{"href":"https:\/\/www.europesays.com\/de\/wp-json\/wp\/v2\/posts"}],"about":[{"href":"https:\/\/www.europesays.com\/de\/wp-json\/wp\/v2\/types\/post"}],"author":[{"embeddable":true,"href":"https:\/\/www.europesays.com\/de\/wp-json\/wp\/v2\/users\/2"}],"replies":[{"embeddable":true,"href":"https:\/\/www.europesays.com\/de\/wp-json\/wp\/v2\/comments?post=624773"}],"version-history":[{"count":0,"href":"https:\/\/www.europesays.com\/de\/wp-json\/wp\/v2\/posts\/624773\/revisions"}],"wp:featuredmedia":[{"embeddable":true,"href":"https:\/\/www.europesays.com\/de\/wp-json\/wp\/v2\/media\/624774"}],"wp:attachment":[{"href":"https:\/\/www.europesays.com\/de\/wp-json\/wp\/v2\/media?parent=624773"}],"wp:term":[{"taxonomy":"category","embeddable":true,"href":"https:\/\/www.europesays.com\/de\/wp-json\/wp\/v2\/categories?post=624773"},{"taxonomy":"post_tag","embeddable":true,"href":"https:\/\/www.europesays.com\/de\/wp-json\/wp\/v2\/tags?post=624773"}],"curies":[{"name":"wp","href":"https:\/\/api.w.org\/{rel}","templated":true}]}}