{"id":624885,"date":"2025-12-05T10:10:17","date_gmt":"2025-12-05T10:10:17","guid":{"rendered":"https:\/\/www.europesays.com\/de\/624885\/"},"modified":"2025-12-05T10:10:17","modified_gmt":"2025-12-05T10:10:17","slug":"bonn-bornheimer-strasse-nach-drei-jahren-bauzeit-fertig","status":"publish","type":"post","link":"https:\/\/www.europesays.com\/de\/624885\/","title":{"rendered":"Bonn: Bornheimer Stra\u00dfe nach drei Jahren Bauzeit fertig"},"content":{"rendered":"<p class=\"small date article__date\">Ver\u00f6ffentlicht:\u00a0Freitag, 05.12.2025 10:33<\/p>\n<p>Es ist geschafft &#8211; die Bauarbeiten auf der Bornheimer Stra\u00dfe in Bonn sind fertig. Knapp drei Jahre hat der Umbau zu einer modernen Stadtstra\u00dfe gedauert. Das war das Ziel der Stadt.<\/p>\n<p><img decoding=\"async\" alt=\"\" src=\"https:\/\/www.europesays.com\/de\/wp-content\/uploads\/2025\/12\/9c14cf5f1f76ba61003a8e81c478d824.jpg&#038;crop=118x0x1011x632&#038;resize=1011x632&#038;dt=202512051040320.webp\" data-size=\"1011x632\"\/>\u00a9 Bundesstadt BonnNur noch letzte Versch\u00f6nerungen n\u00f6tig<\/p>\n<p>Zuerst wurden alle Leitungen in der Erde neu gemacht, auf einer L\u00e4nge von 800 Metern, zwischen dem Berliner Platz und dem Kreisverkehr an der Ellerstra\u00dfe. Fernw\u00e4rme, Gas, Wasser, Strom und Kommunikation &#8211; alles wurde mit Blick auf den zuk\u00fcnftigen Bedarf erneuert, modernisiert und erweitert. Danach wurde die Stra\u00dfe neu gestaltet, neu geordnet und damit besser an die Innenstadt angebunden. Probleme gab es unter anderem, weil in der Erde bis dahin unbekannte Leitungen gefunden wurden. Im kommenden Jahr wollen die Stadtwerke Bonn noch die Stromk\u00e4sten versch\u00f6nern lassen, mit Graffiti-Motiven.<\/p>\n","protected":false},"excerpt":{"rendered":"Ver\u00f6ffentlicht:\u00a0Freitag, 05.12.2025 10:33 Es ist geschafft &#8211; die Bauarbeiten auf der Bornheimer Stra\u00dfe in Bonn sind fertig. Knapp&hellip;\n","protected":false},"author":2,"featured_media":624886,"comment_status":"","ping_status":"","sticky":false,"template":"","format":"standard","meta":{"footnotes":""},"categories":[1842],"tags":[97112,147933,2081,1741,3364,29,30,1209],"class_list":{"0":"post-624885","1":"post","2":"type-post","3":"status-publish","4":"format-standard","5":"has-post-thumbnail","7":"category-bonn","8":"tag-bornheimer-strae","9":"tag-stadtstrae","10":"tag-bauarbeiten","11":"tag-bonn","12":"tag-de","13":"tag-deutschland","14":"tag-germany","15":"tag-nordrhein-westfalen"},"share_on_mastodon":{"url":"https:\/\/pubeurope.com\/@de\/115666422134555502","error":""},"_links":{"self":[{"href":"https:\/\/www.europesays.com\/de\/wp-json\/wp\/v2\/posts\/624885","targetHints":{"allow":["GET"]}}],"collection":[{"href":"https:\/\/www.europesays.com\/de\/wp-json\/wp\/v2\/posts"}],"about":[{"href":"https:\/\/www.europesays.com\/de\/wp-json\/wp\/v2\/types\/post"}],"author":[{"embeddable":true,"href":"https:\/\/www.europesays.com\/de\/wp-json\/wp\/v2\/users\/2"}],"replies":[{"embeddable":true,"href":"https:\/\/www.europesays.com\/de\/wp-json\/wp\/v2\/comments?post=624885"}],"version-history":[{"count":0,"href":"https:\/\/www.europesays.com\/de\/wp-json\/wp\/v2\/posts\/624885\/revisions"}],"wp:featuredmedia":[{"embeddable":true,"href":"https:\/\/www.europesays.com\/de\/wp-json\/wp\/v2\/media\/624886"}],"wp:attachment":[{"href":"https:\/\/www.europesays.com\/de\/wp-json\/wp\/v2\/media?parent=624885"}],"wp:term":[{"taxonomy":"category","embeddable":true,"href":"https:\/\/www.europesays.com\/de\/wp-json\/wp\/v2\/categories?post=624885"},{"taxonomy":"post_tag","embeddable":true,"href":"https:\/\/www.europesays.com\/de\/wp-json\/wp\/v2\/tags?post=624885"}],"curies":[{"name":"wp","href":"https:\/\/api.w.org\/{rel}","templated":true}]}}