{"id":624921,"date":"2025-12-05T10:33:11","date_gmt":"2025-12-05T10:33:11","guid":{"rendered":"https:\/\/www.europesays.com\/de\/624921\/"},"modified":"2025-12-05T10:33:11","modified_gmt":"2025-12-05T10:33:11","slug":"betrunkene-frauen-rauben-taxi-in-wiesbaden-raucherin-schlaegt-in-offenbacher-taxi-zu","status":"publish","type":"post","link":"https:\/\/www.europesays.com\/de\/624921\/","title":{"rendered":"Betrunkene Frauen rauben Taxi in Wiesbaden, Raucherin schl\u00e4gt in Offenbacher Taxi zu"},"content":{"rendered":"<p>Erst stritten sie untereinander &#8211; dann griffen sie Fahrer an: Vier Frauen haben in Wiesbaden einem 66-J\u00e4hrigen das Taxi geraubt und ihn verletzt. Auch in Offenbach eskalierte ein Streit in einem Taxi.<\/p>\n<p><img decoding=\"async\"  loading=\"auto\" fetchpriority=\"high\"  src=\"data:image\/gif;base64,R0lGODlhAQABAIAAAP\/\/\/wAAACH5BAEAAAAALAAAAAABAAEAAAICRAEAOw==\" alt=\"Ein Taxi f\u00e4hrt duch die Nacht\" class=\"w-full\"\/><\/p>\n<p>In Wiesbaden endete eine Taxifahrt mit einem Raub.<br \/>\nBild \u00a9  picture-alliance\/dpa                                                            <\/p>\n<p>                    Audiobeitrag                             <\/p>\n<p>Audio<\/p>\n<p>00:41 Min.|04.12.25|Gabi Beck                                                                        <\/p>\n<p>Bild \u00a9  Imago Images|<a href=\"https:\/\/www.hessenschau.de\/panorama\/betrunkene-fahrgaeste-rauben-taxi,audio-114600.html\" class=\"ds-link js-load  hover:underline hover:!decoration-1 text-link dark:text-link-dark \" target=\"_blank\" rel=\"noopener\"><br \/>\nzur Audio-Einzelseite<br \/>\n<\/a>                                            <\/p>\n<p>Ende des Audiobeitrags <\/p>\n<p class=\"hrds-copytext__paragraph mt-4 sm:mt-5 text-lg leading-normal sm480:text-xl lg:leading-7.5 dark:text-text-dark\">Vier junge Frauen im Alter zwischen 16 und 24 Jahren haben in der Nacht zum Mittwoch einen Taxifahrer angegriffen und ihm sein Taxi geraubt.<\/p>\n<p class=\"hrds-copytext__paragraph mt-4 sm:mt-5 text-lg leading-normal sm480:text-xl lg:leading-7.5 dark:text-text-dark\">Wie die Polizei am Donnerstag mitteilte, wollten zwei der Frauen an einem Halt aussteigen, zwei wollten noch weiterfahren. Wegen der Bezahlung kam es zum Streit zwischen dem Fahrer und seinen Fahrg\u00e4sten.<\/p>\n<p>Flucht zu Fu\u00df und im Taxi<\/p>\n<p class=\"hrds-copytext__paragraph mt-4 sm:mt-5 text-lg leading-normal sm480:text-xl lg:leading-7.5 dark:text-text-dark\">Statt zu zahlen, forderten die Frauen den Fahrer auf, ihnen sein Geld zu geben. Als er dem nicht zustimmte, attackierten sie ihn gemeinsam und zerrten ihn aus dem Auto. Der 66-J\u00e4hrige wurde bei der Aktion am Bein verletzt. Er konnte einen Notruf absetzen.<\/p>\n<p class=\"hrds-copytext__paragraph mt-4 sm:mt-5 text-lg leading-normal sm480:text-xl lg:leading-7.5 dark:text-text-dark\">Zwei der Frauen fl\u00fcchteten nach den Angaben der Polizei zu Fu\u00df, die anderen beiden zogen es vor, das Taxi f\u00fcr ihre Flucht zu w\u00e4hlen. Die Polizei konnte alle Fl\u00fcchtigen ausfindig machen.<\/p>\n<p class=\"hrds-copytext__paragraph mt-4 sm:mt-5 text-lg leading-normal sm480:text-xl lg:leading-7.5 dark:text-text-dark\">Die beiden 23 und 24 Jahre alten Frauen aus dem Taxi waren stark alkoholisiert, die Fahrerin hatte zudem keinen F\u00fchrerschein. Die Polizei brachte die beiden f\u00fcr die restliche Nacht in Polizeigewahrsam. Gegen alle vier Frauen wird ermittelt.<\/p>\n<p>Offenbach: Raucherin schl\u00e4gt Taxifahrer mit Handy<\/p>\n<p class=\"hrds-copytext__paragraph mt-4 sm:mt-5 text-lg leading-normal sm480:text-xl lg:leading-7.5 dark:text-text-dark\">Auch in Offenbach geriet ein Streit zwischen Fahrgast und Taxifahrer au\u00dfer Kontrolle: Dort z\u00fcndete sich eine Frau w\u00e4hrend der Fahrt eine Zigarette an und bestand offenbar auf das Rauchen im Taxi. Die Aufforderung des Fahrers, dies zu unterlassen, habe die Frau ignoriert, teilte die Polizei mit.<\/p>\n<p>Audiobeitrag                             <\/p>\n<p>Audio<\/p>\n<p>00:41 Min.|05.12.25|Saskia Klingelschmitt                                                                        <\/p>\n<p>Bild \u00a9  hessenschau.de|<a href=\"https:\/\/www.hessenschau.de\/panorama\/streit-im-taxi-eskaliert-in-offenbach,audio-114612.html\" class=\"ds-link js-load  hover:underline hover:!decoration-1 text-link dark:text-link-dark \" target=\"_blank\" rel=\"noopener\"><br \/>\nzur Audio-Einzelseite<br \/>\n<\/a>                                            <\/p>\n<p>Ende des Audiobeitrags <\/p>\n<p class=\"hrds-copytext__paragraph mt-4 sm:mt-5 text-lg leading-normal sm480:text-xl lg:leading-7.5 dark:text-text-dark\">Als der Fahrer die 60-J\u00e4hrige daraufhin des Wagens verwies, soll die Frau den gleichaltrigen Mann beleidigt und mit ihrem Handy geschlagen haben. Der Fahrer erlitt demnach eine Platzwunde am Kopf. Au\u00dferdem weigerte sich die Frau laut Polizei, die Taxifahrt zu bezahlen. Die Beamten beleidigte sie demnach ebenfalls.<\/p>\n<p>Anzeigen wegen K\u00f6rperverletzung<\/p>\n<p class=\"hrds-copytext__paragraph mt-4 sm:mt-5 text-lg leading-normal sm480:text-xl lg:leading-7.5 dark:text-text-dark\">Die Frau selbst gab an, vom Fahrer gewaltsam aus dem Wagen gezogen worden zu sein.\u00a0Bei einen Atem-Alkoholtest stellte die Polizei 1,3 Promille bei der Frau fest.<\/p>\n<p class=\"hrds-copytext__paragraph mt-4 sm:mt-5 text-lg leading-normal sm480:text-xl lg:leading-7.5 dark:text-text-dark\">Gegen die 60-J\u00e4hrige wird nun unter anderem wegen gef\u00e4hrlicher K\u00f6rperverletzung, Beleidigung, Bedrohung sowie Erschleichens von Leistungen ermittelt. Der Taxifahrer sieht sich wegen des Vorwurfs der K\u00f6rperverletzung mit Ermittlungen konfrontiert.<\/p>\n<p>\nSendung:<br \/>\nhessenschau.de, Betrunkene Fahrg\u00e4ste rauben Taxi,<\/p>\n<p>04.12.25, 19:26 Uhr<\/p>\n<p>Quelle: hessenschau.de<\/p>\n<p>\nVer\u00f6ffentlicht am 04.12.25 um 19:51 Uhr<\/p>\n","protected":false},"excerpt":{"rendered":"Erst stritten sie untereinander &#8211; dann griffen sie Fahrer an: Vier Frauen haben in Wiesbaden einem 66-J\u00e4hrigen das&hellip;\n","protected":false},"author":2,"featured_media":623371,"comment_status":"","ping_status":"","sticky":false,"template":"","format":"standard","meta":{"footnotes":""},"categories":[1829],"tags":[29,2050,2051,30,2052],"class_list":{"0":"post-624921","1":"post","2":"type-post","3":"status-publish","4":"format-standard","5":"has-post-thumbnail","7":"category-frankfurt-am-main","8":"tag-deutschland","9":"tag-frankfurt","10":"tag-frankfurt-am-main","11":"tag-germany","12":"tag-hessen"},"share_on_mastodon":{"url":"https:\/\/pubeurope.com\/@de\/115666511771899255","error":""},"_links":{"self":[{"href":"https:\/\/www.europesays.com\/de\/wp-json\/wp\/v2\/posts\/624921","targetHints":{"allow":["GET"]}}],"collection":[{"href":"https:\/\/www.europesays.com\/de\/wp-json\/wp\/v2\/posts"}],"about":[{"href":"https:\/\/www.europesays.com\/de\/wp-json\/wp\/v2\/types\/post"}],"author":[{"embeddable":true,"href":"https:\/\/www.europesays.com\/de\/wp-json\/wp\/v2\/users\/2"}],"replies":[{"embeddable":true,"href":"https:\/\/www.europesays.com\/de\/wp-json\/wp\/v2\/comments?post=624921"}],"version-history":[{"count":0,"href":"https:\/\/www.europesays.com\/de\/wp-json\/wp\/v2\/posts\/624921\/revisions"}],"wp:featuredmedia":[{"embeddable":true,"href":"https:\/\/www.europesays.com\/de\/wp-json\/wp\/v2\/media\/623371"}],"wp:attachment":[{"href":"https:\/\/www.europesays.com\/de\/wp-json\/wp\/v2\/media?parent=624921"}],"wp:term":[{"taxonomy":"category","embeddable":true,"href":"https:\/\/www.europesays.com\/de\/wp-json\/wp\/v2\/categories?post=624921"},{"taxonomy":"post_tag","embeddable":true,"href":"https:\/\/www.europesays.com\/de\/wp-json\/wp\/v2\/tags?post=624921"}],"curies":[{"name":"wp","href":"https:\/\/api.w.org\/{rel}","templated":true}]}}