{"id":624995,"date":"2025-12-05T11:17:18","date_gmt":"2025-12-05T11:17:18","guid":{"rendered":"https:\/\/www.europesays.com\/de\/624995\/"},"modified":"2025-12-05T11:17:18","modified_gmt":"2025-12-05T11:17:18","slug":"naechster-haertetest-fuer-derbysieger-aus-muenster","status":"publish","type":"post","link":"https:\/\/www.europesays.com\/de\/624995\/","title":{"rendered":"N\u00e4chster H\u00e4rtetest f\u00fcr Derbysieger aus M\u00fcnster"},"content":{"rendered":"<p>Nach dem Derbysieg in Bielefeld richtet Preu\u00dfen M\u00fcnster den Blick auf Hannover 96. Die ausw\u00e4rtsst\u00e4rkste Elf der Liga kommt ins Preu\u00dfenstadion.<\/p>\n<p>M\u00fcnster (gl) &#8211; Die ausgelassene Party nach dem umjubelten Derbysieg in Bielefeld fiel trotz des Feierbefehls von Trainer Alexander Ende aus. In einer kurzen Woche mit der n\u00e4chsten H\u00e4rtepr\u00fcfung bereits am Freitag ging der Blick bei Preu\u00dfen M\u00fcnster schnell wieder nach vorne.<\/p>\n<p class=\"contextmenu caption\">\u201eWir sind noch nicht fertig\u201c<\/p>\n<p>\u201eAlle hatten das Gef\u00fchl, dass wir noch nicht fertig sind, das n\u00e4chste Kapitel kommt direkt\u201c, umschrieb Sportdirektor Jan Uphues die allgemeine Gem\u00fctslage nach dem 2:1-Erfolg bei Arminia Bielefeld. Noch drei Spiele bis Weihnachten: An diesem Freitag (18.30 Uhr, Sky) gastiert Hannover 96 im Preu\u00dfenstadion, es folgen die Partien in Darmstadt (Sonntag, 14. Dezember) und das Heimspiel gegen Elversberg (Sonntag, 21. Dezember) \u2013 ein anspruchsvoller Dreierpack zum Jahresausklang gegen drei Teams aus den Top 5 der 2. Fu\u00dfball-Bundesliga.<\/p>\n<p>\u201eDer Derbysieg hat uns in allen Belangen gutgetan und gibt uns die Best\u00e4tigung, dass wir in dieser Liga gegen jeden Gegner bestehen k\u00f6nnen\u201c, ist Preu\u00dfen-Trainer Alexander Ende optimistisch. Die Aufgabe gegen Aufstiegskandidat Hannover beschreibt er als \u201eanalytisch sehr herausfordernd und hochinteressant\u201c, weil 96-Torh\u00fcter Nahuell Noll wie ein Feldspieler agiere. \u201eDas kommt nicht so oft vor und macht einen Unterschied im Pressingverhalten.\u201c<\/p>\n<p class=\"contextmenu caption\">Zwei gesperrte Spieler<\/p>\n<p>Dass die Niedersachsen als beste Ausw\u00e4rts-Mannschaft der Liga (vier Siege, drei Unentschieden, keine Niederlage) an die Hammer Stra\u00dfe reisen, l\u00e4sst Ende ziemlich kalt: \u201eWir sind ja zuhause auch nicht ganz so schlecht.\u201c Korrekt, in der Heimtabelle belegt der SCP mit drei Siegen, drei Unentschieden und einer Niederlage Platz neun. Apropos Tabelle: Der misst der Preu\u00dfen-Trainer zu diesem fr\u00fchen Saison-Zeitpunkt keine allzu gro\u00dfe Bedeutung bei. Dass viele Kellerkinder am vergangenen Wochenende dreifach gepunktet und das Feld enger zusammengeschoben haben, registrierte Ende \u2013 mehr aber auch nicht. Seine Sicht der Dinge: \u201eNat\u00fcrlich schauen wir auf die Tabelle, aber sie beeinflusst nicht unsere Herangehensweise an ein Spiel. Da stehen die Inhalte im Fokus.\u201c<\/p>\n<p>Wer den gelb-gesperrten Jano ter Horst auf der Rechtsverteidiger-Position vertritt, lie\u00df Ende hoffen. Im Tor steht erneut Morten Behrens f\u00fcr den rot-gesperrten Johannes Schenk.<\/p>\n<p>Texte und Fotos von die-glocke.de sind urheberrechtlich gesch\u00fctzt.<br \/>\n            Weiterverwendung nur mit Genehmigung der Chefredaktion.<\/p>\n","protected":false},"excerpt":{"rendered":"Nach dem Derbysieg in Bielefeld richtet Preu\u00dfen M\u00fcnster den Blick auf Hannover 96. Die ausw\u00e4rtsst\u00e4rkste Elf der Liga&hellip;\n","protected":false},"author":2,"featured_media":624996,"comment_status":"","ping_status":"","sticky":false,"template":"","format":"standard","meta":{"footnotes":"","_share_on_mastodon":"0"},"categories":[1843],"tags":[8559,3364,16877,29,30,2366,8970,1209,7650],"class_list":["post-624995","post","type-post","status-publish","format-standard","has-post-thumbnail","category-muenster","tag-2-fussball-bundesliga","tag-de","tag-derbysieg","tag-deutschland","tag-germany","tag-hannover-96","tag-muenster","tag-nordrhein-westfalen","tag-preussen-muenster"],"share_on_mastodon":{"url":"https:\/\/pubeurope.com\/@de\/115666684750743348","error":""},"_links":{"self":[{"href":"https:\/\/www.europesays.com\/de\/wp-json\/wp\/v2\/posts\/624995","targetHints":{"allow":["GET"]}}],"collection":[{"href":"https:\/\/www.europesays.com\/de\/wp-json\/wp\/v2\/posts"}],"about":[{"href":"https:\/\/www.europesays.com\/de\/wp-json\/wp\/v2\/types\/post"}],"author":[{"embeddable":true,"href":"https:\/\/www.europesays.com\/de\/wp-json\/wp\/v2\/users\/2"}],"replies":[{"embeddable":true,"href":"https:\/\/www.europesays.com\/de\/wp-json\/wp\/v2\/comments?post=624995"}],"version-history":[{"count":0,"href":"https:\/\/www.europesays.com\/de\/wp-json\/wp\/v2\/posts\/624995\/revisions"}],"wp:featuredmedia":[{"embeddable":true,"href":"https:\/\/www.europesays.com\/de\/wp-json\/wp\/v2\/media\/624996"}],"wp:attachment":[{"href":"https:\/\/www.europesays.com\/de\/wp-json\/wp\/v2\/media?parent=624995"}],"wp:term":[{"taxonomy":"category","embeddable":true,"href":"https:\/\/www.europesays.com\/de\/wp-json\/wp\/v2\/categories?post=624995"},{"taxonomy":"post_tag","embeddable":true,"href":"https:\/\/www.europesays.com\/de\/wp-json\/wp\/v2\/tags?post=624995"}],"curies":[{"name":"wp","href":"https:\/\/api.w.org\/{rel}","templated":true}]}}