{"id":625021,"date":"2025-12-05T11:32:13","date_gmt":"2025-12-05T11:32:13","guid":{"rendered":"https:\/\/www.europesays.com\/de\/625021\/"},"modified":"2025-12-05T11:32:13","modified_gmt":"2025-12-05T11:32:13","slug":"us-sicherheitsstrategie-sieht-unterdrueckung-in-europa","status":"publish","type":"post","link":"https:\/\/www.europesays.com\/de\/625021\/","title":{"rendered":"US-Sicherheitsstrategie sieht \u00abUnterdr\u00fcckung\u00bb in Europa"},"content":{"rendered":"<p class=\"is-first-paragraph\" data-external=\"Article.FirstParagraph\">Die USA beklagen in einer neuen Sicherheitsstrategie einen Verlust der Demokratie und Meinungsfreiheit in Europa und fordern eine Kurskorrektur. Europa stehe vor gro\u00dfen Problemen, hei\u00dft es in dem Dokument, das das Wei\u00dfe Haus am Donnerstagabend (Ortszeit) ver\u00f6ffentlichte. Dazu z\u00e4hlen nach Ansicht der US-Regierung unter anderem die \u00abZensur der freien Meinungs\u00e4u\u00dferung und die Unterdr\u00fcckung der politischen Opposition, abst\u00fcrzende Geburtenraten sowie der Verlust nationaler Identit\u00e4ten und des Selbstvertrauens\u00bb.<\/p>\n<p>Als Problem in Europa macht die US-Regierung auch die Einwanderungspolitik aus, die den Kontinent ver\u00e4ndere und Konflikte erzeuge. \u00abWir m\u00f6chten, dass Europa europ\u00e4isch bleibt\u00bb, hei\u00dft es in dem Dokument. Der Charakter und die Geschichte der einzelnen europ\u00e4ischen Staaten m\u00fcssten gewahrt und ihr Selbstbewusstsein gest\u00e4rkt werden. \u00abAnlass zu gro\u00dfem Optimismus\u00bb gebe der wachsende Einfluss \u00abpatriotischer europ\u00e4ischer Parteien\u00bb.<\/p>\n<p>\u00abStrategische Stabilit\u00e4t\u00bb mit Russland herstellen<\/p>\n<p>Sollten sich die aktuellen Trends fortsetzen, werde Europa in 20 Jahren oder weniger nicht mehr wiederzuerkennen sein, hei\u00dft es in dem Text. Daher sei \u00aballes andere als klar\u00bb, ob Europa weiterhin ein verl\u00e4sslicher Verb\u00fcndeter bleiben k\u00f6nne. \u00abUnser Ziel sollte es sein, Europa dabei zu helfen, seinen derzeitigen Kurs zu korrigieren.\u00bb<\/p>\n<p>Obwohl die US-Regierung in dem Dokument ein Ende des Kriegs in der Ukraine als zentrales Interesse bezeichnet, finden sich kaum kritische Worte f\u00fcr Russland. Ein Ende der Feindseligkeiten sei notwendig, \u00abum die europ\u00e4ischen Volkswirtschaften zu stabilisieren und eine unbeabsichtigte Eskalation oder Ausweitung des Kriegs zu verhindern\u00bb. Mit Russland m\u00fcsse eine \u00abstrategische Stabilit\u00e4t\u00bb hergestellt werden.<\/p>\n","protected":false},"excerpt":{"rendered":"Die USA beklagen in einer neuen Sicherheitsstrategie einen Verlust der Demokratie und Meinungsfreiheit in Europa und fordern eine&hellip;\n","protected":false},"author":2,"featured_media":625022,"comment_status":"","ping_status":"","sticky":false,"template":"","format":"standard","meta":{"footnotes":""},"categories":[3933],"tags":[331,332,548,663,158,3934,3935,13,14,15,12],"class_list":{"0":"post-625021","1":"post","2":"type-post","3":"status-publish","4":"format-standard","5":"has-post-thumbnail","7":"category-eu","8":"tag-aktuelle-nachrichten","9":"tag-aktuelle-news","10":"tag-eu","11":"tag-europa","12":"tag-europaeische-union","13":"tag-europe","14":"tag-european-union","15":"tag-headlines","16":"tag-nachrichten","17":"tag-news","18":"tag-schlagzeilen"},"share_on_mastodon":{"url":"https:\/\/pubeurope.com\/@de\/115666743931598725","error":""},"_links":{"self":[{"href":"https:\/\/www.europesays.com\/de\/wp-json\/wp\/v2\/posts\/625021","targetHints":{"allow":["GET"]}}],"collection":[{"href":"https:\/\/www.europesays.com\/de\/wp-json\/wp\/v2\/posts"}],"about":[{"href":"https:\/\/www.europesays.com\/de\/wp-json\/wp\/v2\/types\/post"}],"author":[{"embeddable":true,"href":"https:\/\/www.europesays.com\/de\/wp-json\/wp\/v2\/users\/2"}],"replies":[{"embeddable":true,"href":"https:\/\/www.europesays.com\/de\/wp-json\/wp\/v2\/comments?post=625021"}],"version-history":[{"count":0,"href":"https:\/\/www.europesays.com\/de\/wp-json\/wp\/v2\/posts\/625021\/revisions"}],"wp:featuredmedia":[{"embeddable":true,"href":"https:\/\/www.europesays.com\/de\/wp-json\/wp\/v2\/media\/625022"}],"wp:attachment":[{"href":"https:\/\/www.europesays.com\/de\/wp-json\/wp\/v2\/media?parent=625021"}],"wp:term":[{"taxonomy":"category","embeddable":true,"href":"https:\/\/www.europesays.com\/de\/wp-json\/wp\/v2\/categories?post=625021"},{"taxonomy":"post_tag","embeddable":true,"href":"https:\/\/www.europesays.com\/de\/wp-json\/wp\/v2\/tags?post=625021"}],"curies":[{"name":"wp","href":"https:\/\/api.w.org\/{rel}","templated":true}]}}