{"id":625278,"date":"2025-12-05T13:58:12","date_gmt":"2025-12-05T13:58:12","guid":{"rendered":"https:\/\/www.europesays.com\/de\/625278\/"},"modified":"2025-12-05T13:58:12","modified_gmt":"2025-12-05T13:58:12","slug":"lauter-knall-und-dann-brannte-ein-auto","status":"publish","type":"post","link":"https:\/\/www.europesays.com\/de\/625278\/","title":{"rendered":"Lauter Knall \u2013 und dann brannte ein Auto"},"content":{"rendered":"<p class=\"richtext text-em-55 !leading-serif mx-6 desktop:mx-0\">Gemeinsam mit der Feuerwehr untersuchte die Polizei das stark besch\u00e4digte Auto, das am Stra\u00dfenrand der Dahlener Stra\u00dfe geparkt war. Die Polizei stellte das Fahrzeug schlie\u00dflich sicher und ermittelt nun zum Ursprung des Knallger\u00e4usches in Zusammenhang mit den besch\u00e4digten Autos. Sie geht derzeit von einer Sachbesch\u00e4digung durch einen oder mehrere T\u00e4ter aus, hei\u00dft es in der Polizeimitteilung.<\/p>\n","protected":false},"excerpt":{"rendered":"Gemeinsam mit der Feuerwehr untersuchte die Polizei das stark besch\u00e4digte Auto, das am Stra\u00dfenrand der Dahlener Stra\u00dfe geparkt&hellip;\n","protected":false},"author":2,"featured_media":625279,"comment_status":"","ping_status":"","sticky":false,"template":"","format":"standard","meta":{"footnotes":""},"categories":[1849],"tags":[51076,3364,29,548,663,3934,30,13,40138,106844,4455,14,15,1209,2552,12],"class_list":{"0":"post-625278","1":"post","2":"type-post","3":"status-publish","4":"format-standard","5":"has-post-thumbnail","7":"category-moenchengladbach","8":"tag-brannte","9":"tag-de","10":"tag-deutschland","11":"tag-eu","12":"tag-europa","13":"tag-europe","14":"tag-germany","15":"tag-headlines","16":"tag-knall","17":"tag-lauter","18":"tag-moenchengladbach","19":"tag-nachrichten","20":"tag-news","21":"tag-nordrhein-westfalen","22":"tag-sachbeschaedigung","23":"tag-schlagzeilen"},"share_on_mastodon":{"url":"https:\/\/pubeurope.com\/@de\/115667317953325699","error":""},"_links":{"self":[{"href":"https:\/\/www.europesays.com\/de\/wp-json\/wp\/v2\/posts\/625278","targetHints":{"allow":["GET"]}}],"collection":[{"href":"https:\/\/www.europesays.com\/de\/wp-json\/wp\/v2\/posts"}],"about":[{"href":"https:\/\/www.europesays.com\/de\/wp-json\/wp\/v2\/types\/post"}],"author":[{"embeddable":true,"href":"https:\/\/www.europesays.com\/de\/wp-json\/wp\/v2\/users\/2"}],"replies":[{"embeddable":true,"href":"https:\/\/www.europesays.com\/de\/wp-json\/wp\/v2\/comments?post=625278"}],"version-history":[{"count":0,"href":"https:\/\/www.europesays.com\/de\/wp-json\/wp\/v2\/posts\/625278\/revisions"}],"wp:featuredmedia":[{"embeddable":true,"href":"https:\/\/www.europesays.com\/de\/wp-json\/wp\/v2\/media\/625279"}],"wp:attachment":[{"href":"https:\/\/www.europesays.com\/de\/wp-json\/wp\/v2\/media?parent=625278"}],"wp:term":[{"taxonomy":"category","embeddable":true,"href":"https:\/\/www.europesays.com\/de\/wp-json\/wp\/v2\/categories?post=625278"},{"taxonomy":"post_tag","embeddable":true,"href":"https:\/\/www.europesays.com\/de\/wp-json\/wp\/v2\/tags?post=625278"}],"curies":[{"name":"wp","href":"https:\/\/api.w.org\/{rel}","templated":true}]}}