{"id":625526,"date":"2025-12-05T16:24:16","date_gmt":"2025-12-05T16:24:16","guid":{"rendered":"https:\/\/www.europesays.com\/de\/625526\/"},"modified":"2025-12-05T16:24:16","modified_gmt":"2025-12-05T16:24:16","slug":"mehrere-tausend-schueler-protestieren-gegen-wehrdienst-plaene","status":"publish","type":"post","link":"https:\/\/www.europesays.com\/de\/625526\/","title":{"rendered":"Mehrere Tausend Sch\u00fcler protestieren gegen Wehrdienst-Pl\u00e4ne"},"content":{"rendered":"<p>In Potsdam beteiligten sich nach ersten Angaben der Polizei ebenfalls rund 1.000 Teilnehmende. Auftaktort war der Alte Markt am Landtag. Als Demonstrationsroute war eine Strecke angek\u00fcndigt, die an verschiedenen Schulen vorbeif\u00fchrte. Im Aufruf hie\u00df es, &#8222;wir sagen nein zur Wehrpflicht&#8220;. Auch allen anderen Zwangsdiensten werde eine Absage erteilt. In Brandenburg soll es neben dem Potsdamer Protest weitere Aktionen geben wie in Cottbus und in Falkensee (Havelland).<\/p>\n<p>In Cottbus beteiligten sich nach Angaben der Polizei rund 200 Menschen an der Demonstration. &#8222;Wir werden auch jetzt, obwohl dieses Gesetz beschlossen ist, weiter k\u00e4mpfen&#8220;, sagte Sprecherin Svenja Levermann am Freitag, &#8222;weil Gesetze auch wieder zur\u00fcckgenommen werden k\u00f6nnen.&#8220; Und weiter: Es gehe auch darum, Versch\u00e4rfungen zu verhindern. Unterst\u00fctzt wurden die Sch\u00fcler und Sch\u00fclerinnen in Cottbus durch das B\u00fcndnis &#8222;Nein zur Wehrpflicht&#8220;, aber auch einen Teil der Cottbuser Schulen selbst, indem die ihnen keine Fehlstunden anrechneten, wie sie mitteilten.<\/p>\n<p>Sowohl die Berliner Senatsbildungsverwaltung als auch das Brandenburger Bildungsministerium hatten im Vorfeld des Protests mitgeteilt, dass die Schulpflicht gelte. Ein Fernbleiben vom Unterricht aus Anlass der angek\u00fcndigten Aktionen werde als unentschuldigt vermerkt. Sch\u00fcler m\u00fcssten mit m\u00f6glichen Konsequenzen leben, hie\u00df es, so k\u00f6nnten nicht erbrachte Leistungen bei unentschuldigtem Fehlen mit ungen\u00fcgend bewertet werden.<\/p>\n","protected":false},"excerpt":{"rendered":"In Potsdam beteiligten sich nach ersten Angaben der Polizei ebenfalls rund 1.000 Teilnehmende. Auftaktort war der Alte Markt&hellip;\n","protected":false},"author":2,"featured_media":625527,"comment_status":"","ping_status":"","sticky":false,"template":"","format":"standard","meta":{"footnotes":""},"categories":[1825],"tags":[1941,1939,296,1937,1890,8432,29,30,24912,1940,1938,7610,141781,134294,134296],"class_list":{"0":"post-625526","1":"post","2":"type-post","3":"status-publish","4":"format-standard","5":"has-post-thumbnail","7":"category-berlin","8":"tag-aktuelle-nachrichten-aus-berlin","9":"tag-aktuelle-news-aus-berlin","10":"tag-berlin","11":"tag-berlin-news","12":"tag-brandenburg","13":"tag-cottbus","14":"tag-deutschland","15":"tag-germany","16":"tag-havelland","17":"tag-nachrichten-aus-berlin","18":"tag-news-aus-berlin","19":"tag-potsdam","20":"tag-rbb24bundeswehr","21":"tag-rbb24schule","22":"tag-rbb24tagesschau"},"share_on_mastodon":{"url":"https:\/\/pubeurope.com\/@de\/115667891906765720","error":""},"_links":{"self":[{"href":"https:\/\/www.europesays.com\/de\/wp-json\/wp\/v2\/posts\/625526","targetHints":{"allow":["GET"]}}],"collection":[{"href":"https:\/\/www.europesays.com\/de\/wp-json\/wp\/v2\/posts"}],"about":[{"href":"https:\/\/www.europesays.com\/de\/wp-json\/wp\/v2\/types\/post"}],"author":[{"embeddable":true,"href":"https:\/\/www.europesays.com\/de\/wp-json\/wp\/v2\/users\/2"}],"replies":[{"embeddable":true,"href":"https:\/\/www.europesays.com\/de\/wp-json\/wp\/v2\/comments?post=625526"}],"version-history":[{"count":0,"href":"https:\/\/www.europesays.com\/de\/wp-json\/wp\/v2\/posts\/625526\/revisions"}],"wp:featuredmedia":[{"embeddable":true,"href":"https:\/\/www.europesays.com\/de\/wp-json\/wp\/v2\/media\/625527"}],"wp:attachment":[{"href":"https:\/\/www.europesays.com\/de\/wp-json\/wp\/v2\/media?parent=625526"}],"wp:term":[{"taxonomy":"category","embeddable":true,"href":"https:\/\/www.europesays.com\/de\/wp-json\/wp\/v2\/categories?post=625526"},{"taxonomy":"post_tag","embeddable":true,"href":"https:\/\/www.europesays.com\/de\/wp-json\/wp\/v2\/tags?post=625526"}],"curies":[{"name":"wp","href":"https:\/\/api.w.org\/{rel}","templated":true}]}}