{"id":625750,"date":"2025-12-05T18:36:17","date_gmt":"2025-12-05T18:36:17","guid":{"rendered":"https:\/\/www.europesays.com\/de\/625750\/"},"modified":"2025-12-05T18:36:17","modified_gmt":"2025-12-05T18:36:17","slug":"qatar-news-agency-12","status":"publish","type":"post","link":"https:\/\/www.europesays.com\/de\/625750\/","title":{"rendered":"Qatar news agency"},"content":{"rendered":"<p>                                                Zu Ehren des FIFA-Pr\u00e4sidenten: Offizieller Abendessen-Empfang bei der Botschaft des Staates Katar in den Vereinigten Staaten von Amerika<\/p>\n<p>                                                                    <a href=\"https:\/\/qna.org.qa\/de-DE\/News-Area\/News\/2025-12\/5\/javascript:void(0)\" class=\"main-news-link detail-bg\" target=\"_blank\" rel=\"noopener\"><br \/>\n                                                                        <img decoding=\"async\" src=\"https:\/\/cdn.qna.org.qa\/media\/13rjyp2y\/qna_katarundfifa_02_05-12-2025_ger.jpg?width=1200&amp;height=900&amp;v=1dc65ea09783de0\" onerror=\"this.onerror=null; this.src=\" https:=\"\" this.setattribute=\"\" class=\"img-fluid\" alt=\"news\" loading=\"lazy\"\/><br \/>\n                                                                    <\/a><\/p>\n<p>                                                                    <a href=\"https:\/\/qna.org.qa\/de-DE\/News-Area\/News\/2025-12\/5\/javascript:void(0)\" class=\"main-news-link detail-bg\" target=\"_blank\" rel=\"noopener\"><br \/>\n                                                                        <img decoding=\"async\" src=\"https:\/\/cdn.qna.org.qa\/media\/xpebho1y\/qna_katarundfifa_01_05-12-2025_ger.jpg?width=1200&amp;height=900&amp;v=1dc65ea078658f0\" onerror=\"this.onerror=null; this.src=\" https:=\"\" this.setattribute=\"\" class=\"img-fluid\" alt=\"news\" loading=\"lazy\"\/><br \/>\n                                                                    <\/a><\/p>\n<p>Washington, den 04. Dezember \/QNA\/ Die Botschaft des Staates Katar in den Vereinigten Staaten von Amerika veranstaltete in Zusammenarbeit mit dem \u201eKennedy Center\u201c ein offizielles Abendessen zu Ehren von Herrn Gianni Infantino, Pr\u00e4sident der Internationalen F\u00f6deration der Fu\u00dfballverb\u00e4nde (FIFA), und Mitgliedern des Vorstands der F\u00f6deration im Rahmen der Auslosung f\u00fcr die FIFA-Weltmeisterschaft 2026, die n\u00e4chstes Jahr in den Vereinigten Staaten von Amerika, Kanada und Mexiko stattfinden wird.<\/p>\n<p>An der Zeremonie nahmen Seine Exzellenz Scheich Meshal bin Hamad Al Thani, Botschafter des Staates Katar in den Vereinigten Staaten, und Seine Exzellenz Jassim bin Rashid Al-Buainain, Pr\u00e4sident des katarischen Fu\u00dfballverbandes (QFA), teil. An dem Dinner nahmen auch Seine Exzellenz Doug Burgum, US-Innenminister, Seine Exzellenz Botschafter Richard Grenell, Pr\u00e4sident des Kennedy Centers, sowie eine Reihe prominenter Pers\u00f6nlichkeiten aus der US-Regierung und Mitglieder des diplomatischen Corps teil.<\/p>\n<p>Ein symbolischer Moment des Abendessens war die \u00dcbergabe des Balls der FIFA-Weltmeisterschaft Katar 2022 an die Vereinigten Staaten, die Mitveranstalter der FIFA-Weltmeisterschaft 2026 sind. Damit wurde die Weitergabe des Erbes des Turniers an das n\u00e4chste Gastgeberland symbolisiert und gezeigt, wie die Erfahrungen Katars genutzt werden k\u00f6nnen, um die Zusammenarbeit zwischen den beiden L\u00e4ndern zur Unterst\u00fctzung des gr\u00f6\u00dften Sportereignisses der Welt zu optimieren.<\/p>\n<p>Im Laufe des Abends wurden auch Diskussionen \u00fcber Sportdiplomatie und die laufenden Vorbereitungen f\u00fcr die Weltmeisterschaft 2026 gef\u00fchrt sowie die f\u00fchrende Rolle Katars bei der Entwicklung der Weltmeisterschaft gelobt, die eine einmalige Gelegenheit darstellt, den Dialog und die Kommunikationsbr\u00fccken zwischen den V\u00f6lkern zu verbessern und verschiedene Kulturen einander n\u00e4her zu bringen.<\/p>\n","protected":false},"excerpt":{"rendered":"Zu Ehren des FIFA-Pr\u00e4sidenten: Offizieller Abendessen-Empfang bei der Botschaft des Staates Katar in den Vereinigten Staaten von Amerika&hellip;\n","protected":false},"author":2,"featured_media":625751,"comment_status":"","ping_status":"","sticky":false,"template":"","format":"standard","meta":{"footnotes":""},"categories":[3977],"tags":[331,332,11696,24704,148171,148169,13,148168,14,15,12,4017,4018,4016,64,4019,4020,148170],"class_list":{"0":"post-625750","1":"post","2":"type-post","3":"status-publish","4":"format-standard","5":"has-post-thumbnail","7":"category-usa","8":"tag-aktuelle-nachrichten","9":"tag-aktuelle-news","10":"tag-botschaft","11":"tag-erbe","12":"tag-fifa-prsident","13":"tag-fifa-weltmeisterschaft","14":"tag-headlines","15":"tag-kommunikationsbrcken","16":"tag-nachrichten","17":"tag-news","18":"tag-schlagzeilen","19":"tag-united-states","20":"tag-united-states-of-america","21":"tag-us","22":"tag-usa","23":"tag-vereinigte-staaten","24":"tag-vereinigte-staaten-von-amerika","25":"tag-zu-ehren"},"share_on_mastodon":{"url":"https:\/\/pubeurope.com\/@de\/115668411053286306","error":""},"_links":{"self":[{"href":"https:\/\/www.europesays.com\/de\/wp-json\/wp\/v2\/posts\/625750","targetHints":{"allow":["GET"]}}],"collection":[{"href":"https:\/\/www.europesays.com\/de\/wp-json\/wp\/v2\/posts"}],"about":[{"href":"https:\/\/www.europesays.com\/de\/wp-json\/wp\/v2\/types\/post"}],"author":[{"embeddable":true,"href":"https:\/\/www.europesays.com\/de\/wp-json\/wp\/v2\/users\/2"}],"replies":[{"embeddable":true,"href":"https:\/\/www.europesays.com\/de\/wp-json\/wp\/v2\/comments?post=625750"}],"version-history":[{"count":0,"href":"https:\/\/www.europesays.com\/de\/wp-json\/wp\/v2\/posts\/625750\/revisions"}],"wp:featuredmedia":[{"embeddable":true,"href":"https:\/\/www.europesays.com\/de\/wp-json\/wp\/v2\/media\/625751"}],"wp:attachment":[{"href":"https:\/\/www.europesays.com\/de\/wp-json\/wp\/v2\/media?parent=625750"}],"wp:term":[{"taxonomy":"category","embeddable":true,"href":"https:\/\/www.europesays.com\/de\/wp-json\/wp\/v2\/categories?post=625750"},{"taxonomy":"post_tag","embeddable":true,"href":"https:\/\/www.europesays.com\/de\/wp-json\/wp\/v2\/tags?post=625750"}],"curies":[{"name":"wp","href":"https:\/\/api.w.org\/{rel}","templated":true}]}}