{"id":625789,"date":"2025-12-05T18:59:13","date_gmt":"2025-12-05T18:59:13","guid":{"rendered":"https:\/\/www.europesays.com\/de\/625789\/"},"modified":"2025-12-05T18:59:13","modified_gmt":"2025-12-05T18:59:13","slug":"zwei-autobahnen-werden-zeitweise-gesperrt","status":"publish","type":"post","link":"https:\/\/www.europesays.com\/de\/625789\/","title":{"rendered":"Zwei Autobahnen werden zeitweise gesperrt"},"content":{"rendered":"<p class=\"expressive-copy-lg-body\">Mehrere Stra\u00dfensperrungen kommen ab Montag, 8. Dezember, auf die Autofahrerinnen und Autofahrer in Essen zu: Unter anderem m\u00fcssen sowohl die <strong>A40<\/strong> als auch die <strong>A52<\/strong> zeitweise gesperrt werden. <\/p>\n<p class=\"expressive-copy-lg-body\">Sechs N\u00e4chte lang bleibt jeweils eine Fahrtrichtung der A40 in der Innenstadt dicht. Die Autobahn GmbH f\u00fchrt von Montag, 8. Dezember, bis Samstag, 13. Dezember, in der Zeit von jeweils 21 Uhr bis 5 Uhr Wartungsarbeiten im <strong>A40-Ruhrschnellwegtunnel<\/strong> durch. <\/p>\n<p>N\u00e4chtliche Sperrungen auf der A40 und der A52 in Essen<\/p>\n<p class=\"expressive-copy-lg-body\">Der Tunnel zwischen den Anschlussstellen Holsterhausen und Essen-Zentrum ist in Fahrtrichtung Dortmund in der Nacht von Montag, 8. Dezember, bis Dienstag, 10. Dezember, gesperrt. In Fahrtrichtung Duisburg kommt man in der Nacht von Mittwoch, 10. Dezember, bis Freitag, 12. Dezember, nicht durch.<\/p>\n<p class=\"expressive-copy-lg-body\">Auch <a href=\"https:\/\/www.waz.de\/lokales\/essen\/article410617559\/wieder-sperrung-auf-der-a52-in-essen-jetzt-wird-ein-tunnel-gewartet.html\" data-category-full-path=\"https:\/\/www.waz.de\/lokales\/essen\/\" data-paid-status=\"premium\" data-article-publish-date=\"1764782683\" rel=\"nofollow noopener\" target=\"_blank\">auf der <strong>A52<\/strong> finden Wartungsarbeiten statt<\/a>. Daf\u00fcr wird der Huttrop-Tunnel am Montag, 8. Dezember, und Dienstag, 9. Dezember, jeweils von 20 bis 5 Uhr, in Fahrtrichtung Bochum gesperrt. Am Mittwoch, 10. Dezember, und Donnerstag, 11. Dezember, ebenfalls jeweils von 20 bis 5 Uhr, wird der Tunnel in Fahrtrichtung Duisburg gesperrt.<\/p>\n<p class=\"expressive-copy-lg-body\"><strong>Essen-Newsletter: <\/strong><a href=\"https:\/\/abo-funkemedien.de\/?k=2025%2FNewsletter_WAZ%2FEssen_WAZ_Landingpage%2F1%2Fwaz\" target=\"_blank\" rel=\"nofollow noopener\">hier abonnieren<\/a> | <strong>Social Media:<\/strong> <a href=\"https:\/\/www.facebook.com\/WAZEssen\" target=\"_blank\" rel=\"nofollow noopener\">Facebook<\/a>, <a href=\"https:\/\/www.instagram.com\/waz_essen\/\" target=\"_blank\" rel=\"nofollow noopener\">Instagram<\/a> &amp; <a href=\"https:\/\/www.whatsapp.com\/channel\/0029VaNmPLK9xVJlCV8WcH2c\" target=\"_blank\" rel=\"nofollow noopener\">WhatsApp<\/a> | <strong>Unsere Schwerpunkte: <\/strong><a href=\"https:\/\/www.waz.de\/staedte\/essen\/blaulicht\/\" target=\"_blank\" rel=\"nofollow noopener\">Polizei- und Feuerwehr<\/a> + <a href=\"https:\/\/www.waz.de\/thema\/innenstadt-einkaufen-essen\/\" target=\"_blank\" rel=\"nofollow noopener\">Innenstadt<\/a> + <a href=\"https:\/\/www.waz.de\/sport\/fussball\/rwe\/\" target=\"_blank\" rel=\"nofollow noopener\">Rot-Weiss Essen<\/a> + <a href=\"https:\/\/www.waz.de\/sport\/lokalsport\/essen\/\" target=\"_blank\" rel=\"nofollow noopener\">Lokalsport<\/a> | <strong>Nachrichten <a href=\"https:\/\/www.waz.de\/lokales\/essen\/\" target=\"_blank\" rel=\"nofollow noopener\">aus ganz Essen<\/a>: <\/strong><a href=\"https:\/\/www.waz.de\/staedte\/essen\/sued\/\" target=\"_blank\" rel=\"nofollow noopener\">S\u00fcd<\/a> + <a href=\"https:\/\/www.waz.de\/staedte\/essen\/ruettenscheid-suedviertel-holsterhausen\/\" target=\"_blank\" rel=\"nofollow noopener\">R\u00fcttenscheid<\/a> + <a href=\"https:\/\/www.waz.de\/staedte\/essen\/nord\/\" target=\"_blank\" rel=\"nofollow noopener\">Nord<\/a> + <a href=\"https:\/\/www.waz.de\/staedte\/essen\/ost\/\" target=\"_blank\" rel=\"nofollow noopener\">Ost<\/a> + <a href=\"https:\/\/www.waz.de\/staedte\/essen\/kettwig-und-werden\/\" target=\"_blank\" rel=\"nofollow noopener\">Kettwig und Werden<\/a> + <a href=\"https:\/\/www.waz.de\/staedte\/essen\/borbeck-und-west\/\" target=\"_blank\" rel=\"nofollow noopener\">Borbeck und West<\/a> +++<\/p>\n<p>  Staugefahr auf der Gladbecker Stra\u00dfe in Essen<\/p>\n<p class=\"expressive-copy-lg-body\">Zwar nur eine Teilsperrung, aber eine, die f\u00fcr (noch mehr) Stau sorgen d\u00fcrfte: Aufgrund von Bauwerkspr\u00fcfungen am Kreuz Essen-Nord A42 kommt es ab Montag, 8. Dezember, zu einzelnen Fahrspursperrungen auf der <strong>Gladbecker Stra\u00dfe<\/strong> im Essener Norden. Mindestens eine Fahrspur auf der Haupt- und Nebenfahrbahn in beide Richtungen bleibt frei. Die Arbeiten dauern voraussichtlich bis Freitag, 12. Dezember.<\/p>\n<p class=\"expressive-copy-lg-body\">Voll gesperrt wird ab Montag eine Fahrtrichtung auf der<strong> Rotthauser Stra\u00dfe<\/strong> in Kray. Die Stadt Essen erneuert dort die Fahrbahn. Im Zuge der Arbeiten wird die Stra\u00dfe im Abschnitt zwischen Am Pumpwerk bis Bonifaciusstra\u00dfe halbseitig gesperrt und in Richtung Bonifaciusstra\u00dfe als Einbahnstra\u00dfe ausgewiesen. Am Freitag soll die Stra\u00dfe wieder frei sein.<\/p>\n<p>   Essen-Newsletter: Jetzt kostenlos anmelden!<\/p>\n<p class=\"text-body2 mt-2\">Nachrichten, Service, Reportagen: Jeden Tag wissen, was in unserer Stadt los ist.<\/p>\n<p class=\"text-caption text-copy-secondary\">\n          Mit meiner Anmeldung zum Newsletter stimme ich der<br \/>\n          <a href=\"https:\/\/www.waz.de\/services\/newsletter-adconsent\" class=\"text-overline text-copy-accent-negative dark:underline\" rel=\"nofollow noopener\" target=\"_blank\">Werbevereinbarung<\/a><br \/>\n          zu.\n        <\/p>\n<p class=\"expressive-copy-lg-body\">L\u00e4nger dauert es <a href=\"https:\/\/www.waz.de\/lokales\/essen\/article409962613\/parkdruck-auf-der-margarethenhoehe-fehlen-261-parkplaetze.html\" data-category-full-path=\"https:\/\/www.waz.de\/lokales\/essen\/\" data-paid-status=\"premium\" data-article-publish-date=\"1757523900\" target=\"_blank\" rel=\"nofollow noopener\">auf der Margarethenh\u00f6he<\/a>. Dort finden ab der kommenden Woche Arbeiten der Stadtwerke an den Versorgungsleitungen auf der <strong>Sommerburgstra\u00dfe<\/strong> statt. Deshalb wird ab Montag, 8. Dezember, die rechte der beiden stadteinw\u00e4rts f\u00fchrenden Fahrspuren im Abschnitt zwischen L\u00fchrmannwald und L\u00fchrmannstra\u00dfe gesperrt. Die Einschr\u00e4nkungen werden voraussichtlich bis Montag, 29. Dezember, andauern.<\/p>\n<p class=\"expressive-copy-lg-body\">Au\u00dferdem wird ab Montag der<strong> Schuirweg<\/strong> zwischen Ruhrland und Ruhrtalstra\u00dfe nur noch stadtausw\u00e4rts befahrbar sein, die andere Fahrtrichtung wird wegen Arbeiten an den Telekommunikationsleitungen der Telekom gesperrt. Ende der Arbeiten: Freitag, 12. Dezember.<\/p>\n<p>    <script async src=\"\/\/www.instagram.com\/embed.js\"><\/script><\/p>\n","protected":false},"excerpt":{"rendered":"Mehrere Stra\u00dfensperrungen kommen ab Montag, 8. Dezember, auf die Autofahrerinnen und Autofahrer in Essen zu: Unter anderem m\u00fcssen&hellip;\n","protected":false},"author":2,"featured_media":625790,"comment_status":"","ping_status":"","sticky":false,"template":"","format":"standard","meta":{"footnotes":""},"categories":[1834],"tags":[3364,29,3688,30,1209],"class_list":{"0":"post-625789","1":"post","2":"type-post","3":"status-publish","4":"format-standard","5":"has-post-thumbnail","7":"category-essen","8":"tag-de","9":"tag-deutschland","10":"tag-essen","11":"tag-germany","12":"tag-nordrhein-westfalen"},"share_on_mastodon":{"url":"https:\/\/pubeurope.com\/@de\/115668501491123662","error":""},"_links":{"self":[{"href":"https:\/\/www.europesays.com\/de\/wp-json\/wp\/v2\/posts\/625789","targetHints":{"allow":["GET"]}}],"collection":[{"href":"https:\/\/www.europesays.com\/de\/wp-json\/wp\/v2\/posts"}],"about":[{"href":"https:\/\/www.europesays.com\/de\/wp-json\/wp\/v2\/types\/post"}],"author":[{"embeddable":true,"href":"https:\/\/www.europesays.com\/de\/wp-json\/wp\/v2\/users\/2"}],"replies":[{"embeddable":true,"href":"https:\/\/www.europesays.com\/de\/wp-json\/wp\/v2\/comments?post=625789"}],"version-history":[{"count":0,"href":"https:\/\/www.europesays.com\/de\/wp-json\/wp\/v2\/posts\/625789\/revisions"}],"wp:featuredmedia":[{"embeddable":true,"href":"https:\/\/www.europesays.com\/de\/wp-json\/wp\/v2\/media\/625790"}],"wp:attachment":[{"href":"https:\/\/www.europesays.com\/de\/wp-json\/wp\/v2\/media?parent=625789"}],"wp:term":[{"taxonomy":"category","embeddable":true,"href":"https:\/\/www.europesays.com\/de\/wp-json\/wp\/v2\/categories?post=625789"},{"taxonomy":"post_tag","embeddable":true,"href":"https:\/\/www.europesays.com\/de\/wp-json\/wp\/v2\/tags?post=625789"}],"curies":[{"name":"wp","href":"https:\/\/api.w.org\/{rel}","templated":true}]}}