{"id":625917,"date":"2025-12-05T20:15:26","date_gmt":"2025-12-05T20:15:26","guid":{"rendered":"https:\/\/www.europesays.com\/de\/625917\/"},"modified":"2025-12-05T20:15:26","modified_gmt":"2025-12-05T20:15:26","slug":"das-gipfeltreffen-zwischen-duisburg-und-cottbus-live-auf-fupa","status":"publish","type":"post","link":"https:\/\/www.europesays.com\/de\/625917\/","title":{"rendered":"Das Gipfeltreffen zwischen Duisburg und Cottbus live auf FuPa"},"content":{"rendered":"<p>   Das Gipfeltreffen zwischen Duisburg und Cottbus live auf FuPa &#8211; FuPa                                                <\/p>\n<p>FuPa ben\u00f6tigt JavaScript, um richtig zu funktionieren.<\/p>\n<p> Browser nicht unterst\u00fctzt <\/p>\n<p>  Du verwendest einen veralteten Browser, wodurch die Funktionalit\u00e4t von FuPa eingeschr\u00e4nkt ist und es zu unerwarteten Fehlern kommen kann. Damit du FuPa vollumf\u00e4nglich nutzen kannst und wir dir eine bessere Nutzungserfahrung und mehr Sicherheit auf unserer Anwendung bieten k\u00f6nnen, nutze bitte einen aktuellen Browser.      <img loading=\"lazy\" decoding=\"async\" src=\"https:\/\/www.europesays.com\/de\/wp-content\/uploads\/2025\/12\/vgzm.2780411-3150014.gif\" height=\"1\" width=\"1\" class=\"sc-1wcyr0h-16 hojaCI\"\/>Du wirst automatisch weitergeleitet&#8230;<img fetchpriority=\"high\" decoding=\"async\" loading=\"eager\" src=\"https:\/\/www.europesays.com\/de\/wp-content\/uploads\/2025\/12\/1764965725_355_960x640.jpeg\" alt=\"Wirbelt Can Coskun auch in der Lausitz?\" title=\"Wirbelt Can Coskun auch in der Lausitz?\" width=\"960\" height=\"640\" class=\"sc-wadapo-3 klmthQ mui-style-2vfs2l\"\/>Wirbelt Can Coskun auch in der Lausitz? \u2013 Foto: Markus Verwimp<a data-google-interstitial=\"false\" target=\"_blank\" href=\"https:\/\/rp-online.de\" rel=\"noopener\"><img decoding=\"async\" loading=\"eager\" src=\"https:\/\/image.fupa.net\/cobranding-white\/5WaGLwM8E9Sb\/image.svg\" alt=\"\" title=\"\" width=\"400\" height=\"80\" class=\"sc-wadapo-3 ftUxsc\"\/><\/a>Viel mehr als das Kr\u00e4ftemessen des Spitzenduos, bestehend aus dem MSV Duisburg und Energie Cottbus,  d\u00fcrfte die 3. Liga derzeit nicht zu bieten haben. FuPa begleitet die Partie in einem ausf\u00fchrlichen Liveticker.<\/p>\n<p>Vor \u00fcber zehn Jahren trafen sich der MSV Duisburg und Energie Cottbus letztmals f\u00fcr ein Punktspiel, <a href=\"https:\/\/www.fupa.net\/match\/msv-duisburg-m1-fc-energie-cottbus-m1-150418\" target=\"_blank\" rel=\"noopener\">die Duisburger gewannen die Partie damals noch mit 3:2.<\/a> Mit Torben Mei\u00dfner (1. FC Schweinfurt) ist immerhin auch ein damaliger Akteur immer noch in der 3. Liga vertreten. Auf Seiten der Cottbuser standen unter anderem Tim Kleindienst (Borussia M\u00f6nchengladbach) und Sven Michel (SC Paderborn) in der Startelf. <\/p>\n<p> Duisburg zeigte sich gegen Aachen wieder von seiner Schokoladenseite   <\/p>\n<p>Beide Seiten sind ohnehin im vergangenen Jahrzehnt eine nahezu unaufh\u00f6rliche Berg- und Talfahrt durchlaufen. Das Wiedersehen in Liga drei (Samstag, 14 Uhr, FuPa-Liveticker) ist auch mit einem sportlichen Licht am Ende des Tunnels f\u00fcr beide Seiten verbunden. Die Lausitzer schnupperten schon in der Vorsaison ganz intensiv an der lang ersehnten R\u00fcckkehr in die Zweitklassigkeit, die Duisburger scheinen dahingehend schon seit Monaten von einer allseits herrschenden Euphorie durch die Stahlstadt getragen zu werden. <\/p>\n<p>  <a href=\"https:\/\/www.fupa.net\/match\/fc-energie-cottbus-m1-msv-duisburg-m1-251206\" target=\"_blank\" rel=\"noopener\">&gt;&gt;&gt; Zum ausf\u00fchrlichen Liveticker<\/a> <\/p>\n<p>Doch nachdem die Zebras zu Saisonbeginn mit dem Nimbus der Unschlagbarkeit \u00fcber die Liga gerollt sind, zeigte sich das Team von Dietmar Hirsch in der Zwischenzeit immer wieder verwundbar. Der 3:1-Sieg gegen Alemannia Aachen stellt zwar unter Beweis, wie schnell die Duisburger zuschlagen, wenn ihnen zu viele R\u00e4ume gew\u00e4hrt werden. Doch das erschreckend biedere 1:4 gegen die TSG Hoffenheim II aus der Woche zuvor darf noch weiter als warnendes Beispiel durch die Hinrunde getragen werden, um aufzuzeigen, dass eben nicht immer alles schlafwandlerisch beim Aufsteiger von der Hand gehen kann. <\/p>\n<p> Augen sind aufs Offensiv-Duo der Cottbuser gerichtet <\/p>\n<p>Gleiches gilt nat\u00fcrlich auch f\u00fcr die Cottbuser, die auf die beiden Willensleistungen zuletzt gegen Rot-Weiss Essen und Viktoria K\u00f6ln (jeweils 3:2) auch im Spitzenspiel bauen k\u00f6nnen. Vieles beruht dabei auch auf einen guten Tag der Offensivpr\u00e4senzen Tolcay Cigerci und Erik Engelhardt, die alleine 21 der 36 Cottbuser Treffer erzielten. Auf Fanunterst\u00fctzung d\u00fcrften im Zuge des Protestes gegen die <a href=\"https:\/\/www.fupa.net\/news\/unsere-arena-ist-sicher-msv-stellt-sich-gegen-faneinschraenkungen-3148527\" target=\"_blank\" rel=\"noopener\">derzeit tagende Innenministerkonferenz<\/a> keines der Teams bauen. Doch sp\u00e4testens nach den ersten zw\u00f6lf Minuten verspricht es ein stimmungsgeladenes Topspiel \u2013 auf und neben dem Platz \u2013 zu werden.<\/p>\n<p>Aufrufe: 05.12.2025, 21:00 Uhr<\/p>\n<p>Markus BeckerAutor<\/p>\n<p><img decoding=\"async\" loading=\"lazy\" src=\"https:\/\/www.europesays.com\/de\/wp-content\/uploads\/2025\/05\/64x64.jpeg\" alt=\"\" title=\"\" width=\"64\" height=\"64\" class=\"sc-wadapo-3 imUdKn\"\/><\/p>\n","protected":false},"excerpt":{"rendered":"Das Gipfeltreffen zwischen Duisburg und Cottbus live auf FuPa &#8211; FuPa FuPa ben\u00f6tigt JavaScript, um richtig zu funktionieren.&hellip;\n","protected":false},"author":2,"featured_media":625918,"comment_status":"","ping_status":"","sticky":false,"template":"","format":"standard","meta":{"footnotes":""},"categories":[1838],"tags":[995,3364,29,3715,5953,30,3721,1209],"class_list":{"0":"post-625917","1":"post","2":"type-post","3":"status-publish","4":"format-standard","5":"has-post-thumbnail","7":"category-duisburg","8":"tag-3-liga","9":"tag-de","10":"tag-deutschland","11":"tag-duisburg","12":"tag-fc-energie-cottbus","13":"tag-germany","14":"tag-msv-duisburg","15":"tag-nordrhein-westfalen"},"share_on_mastodon":{"url":"https:\/\/pubeurope.com\/@de\/115668801224956668","error":""},"_links":{"self":[{"href":"https:\/\/www.europesays.com\/de\/wp-json\/wp\/v2\/posts\/625917","targetHints":{"allow":["GET"]}}],"collection":[{"href":"https:\/\/www.europesays.com\/de\/wp-json\/wp\/v2\/posts"}],"about":[{"href":"https:\/\/www.europesays.com\/de\/wp-json\/wp\/v2\/types\/post"}],"author":[{"embeddable":true,"href":"https:\/\/www.europesays.com\/de\/wp-json\/wp\/v2\/users\/2"}],"replies":[{"embeddable":true,"href":"https:\/\/www.europesays.com\/de\/wp-json\/wp\/v2\/comments?post=625917"}],"version-history":[{"count":0,"href":"https:\/\/www.europesays.com\/de\/wp-json\/wp\/v2\/posts\/625917\/revisions"}],"wp:featuredmedia":[{"embeddable":true,"href":"https:\/\/www.europesays.com\/de\/wp-json\/wp\/v2\/media\/625918"}],"wp:attachment":[{"href":"https:\/\/www.europesays.com\/de\/wp-json\/wp\/v2\/media?parent=625917"}],"wp:term":[{"taxonomy":"category","embeddable":true,"href":"https:\/\/www.europesays.com\/de\/wp-json\/wp\/v2\/categories?post=625917"},{"taxonomy":"post_tag","embeddable":true,"href":"https:\/\/www.europesays.com\/de\/wp-json\/wp\/v2\/tags?post=625917"}],"curies":[{"name":"wp","href":"https:\/\/api.w.org\/{rel}","templated":true}]}}