{"id":626018,"date":"2025-12-05T21:12:20","date_gmt":"2025-12-05T21:12:20","guid":{"rendered":"https:\/\/www.europesays.com\/de\/626018\/"},"modified":"2025-12-05T21:12:20","modified_gmt":"2025-12-05T21:12:20","slug":"ludwigshafen-drei-verletzte-nach-zusammenstoss","status":"publish","type":"post","link":"https:\/\/www.europesays.com\/de\/626018\/","title":{"rendered":"Ludwigshafen \u2013 Drei Verletzte nach Zusammensto\u00df"},"content":{"rendered":"<p><img loading=\"lazy\" decoding=\"async\" src=\"https:\/\/www.europesays.com\/de\/wp-content\/uploads\/2025\/12\/Krankenwagen-I.jpg\" alt=\"Krankenwagen I\" width=\"938\" height=\"479\" class=\"alignnone size-full wp-image-614403\"  \/>Ludwigshafen \/ Metropolregion Rhein-Neckar \u2013 Am Donnerstagabend (4. Dezember 2025) kam es gegen 21:30 Uhr an der Einm\u00fcndung Brunckstra\u00dfe\/Ammoniakstra\u00dfe zu einem Verkehrsunfall, bei dem drei Personen verletzt wurden.<\/p>\n<p>Nach ersten Erkenntnissen war eine 52-j\u00e4hrige Fahrerin auf der Ammoniakstra\u00dfe in Richtung Innenstadt unterwegs und wollte nach links in die Brunckstra\u00dfe abbiegen. Dabei \u00fcbersah sie einen von rechts kommenden, vorfahrtsberechtigten 49-j\u00e4hrigen Autofahrer. In der Folge prallten beide Fahrzeuge zusammen.<\/p>\n<p>Die 52-J\u00e4hrige, ihre Beifahrerin sowie der 49-j\u00e4hrige Fahrer wurden bei dem Zusammensto\u00df verletzt und nach der Erstversorgung durch den Rettungsdienst in umliegende Krankenh\u00e4user gebracht. Beide Autos waren nicht mehr fahrbereit und mussten abgeschleppt werden.<\/p>\n<p>F\u00fcr die Unfallaufnahme musste die Brunckstra\u00dfe in Fahrtrichtung Worms zeitweise gesperrt werden.<\/p>\n<p>Quelle: Polizeipr\u00e4sidium Rheinpfalz (ots)<\/p>\n<p class=\"post-modified-info\">Zuletzt aktualisiert am 5. Dezember 2025, 21:30<\/p>\n","protected":false},"excerpt":{"rendered":"Ludwigshafen \/ Metropolregion Rhein-Neckar \u2013 Am Donnerstagabend (4. Dezember 2025) kam es gegen 21:30 Uhr an der Einm\u00fcndung&hellip;\n","protected":false},"author":2,"featured_media":626019,"comment_status":"","ping_status":"","sticky":false,"template":"","format":"standard","meta":{"footnotes":"","_share_on_mastodon":"0"},"categories":[1845],"tags":[6175,1634,3364,29,548,663,3934,4731,6850,11998,30,13,18491,25476,2096,25488,25489,14,14480,15,23148,11413,145684,3906,5206,28951,12,3260,5662],"class_list":["post-626018","post","type-post","status-publish","format-standard","has-post-thumbnail","category-mannheim","tag-autofahrer","tag-baden-wuerttemberg","tag-de","tag-deutschland","tag-eu","tag-europa","tag-europe","tag-fahrer","tag-fahrerin","tag-fahrzeuge","tag-germany","tag-headlines","tag-kreuzung","tag-ludwigshafen","tag-mannheim","tag-metropolregion","tag-metropolregion-rhein-neckar","tag-nachrichten","tag-neckar","tag-news","tag-personen","tag-polizeipraesidium","tag-polizeipraesidium-rheinpfalz","tag-rettungsdienst","tag-rhein","tag-rhein-neckar","tag-schlagzeilen","tag-verkehrsunfall","tag-worms"],"share_on_mastodon":{"url":"https:\/\/pubeurope.com\/@de\/115669025024079971","error":""},"_links":{"self":[{"href":"https:\/\/www.europesays.com\/de\/wp-json\/wp\/v2\/posts\/626018","targetHints":{"allow":["GET"]}}],"collection":[{"href":"https:\/\/www.europesays.com\/de\/wp-json\/wp\/v2\/posts"}],"about":[{"href":"https:\/\/www.europesays.com\/de\/wp-json\/wp\/v2\/types\/post"}],"author":[{"embeddable":true,"href":"https:\/\/www.europesays.com\/de\/wp-json\/wp\/v2\/users\/2"}],"replies":[{"embeddable":true,"href":"https:\/\/www.europesays.com\/de\/wp-json\/wp\/v2\/comments?post=626018"}],"version-history":[{"count":0,"href":"https:\/\/www.europesays.com\/de\/wp-json\/wp\/v2\/posts\/626018\/revisions"}],"wp:featuredmedia":[{"embeddable":true,"href":"https:\/\/www.europesays.com\/de\/wp-json\/wp\/v2\/media\/626019"}],"wp:attachment":[{"href":"https:\/\/www.europesays.com\/de\/wp-json\/wp\/v2\/media?parent=626018"}],"wp:term":[{"taxonomy":"category","embeddable":true,"href":"https:\/\/www.europesays.com\/de\/wp-json\/wp\/v2\/categories?post=626018"},{"taxonomy":"post_tag","embeddable":true,"href":"https:\/\/www.europesays.com\/de\/wp-json\/wp\/v2\/tags?post=626018"}],"curies":[{"name":"wp","href":"https:\/\/api.w.org\/{rel}","templated":true}]}}