{"id":626054,"date":"2025-12-05T21:34:15","date_gmt":"2025-12-05T21:34:15","guid":{"rendered":"https:\/\/www.europesays.com\/de\/626054\/"},"modified":"2025-12-05T21:34:15","modified_gmt":"2025-12-05T21:34:15","slug":"tabellenfuehrer-schalke-04-zu-stark-fuer-fortuna-duesseldorf","status":"publish","type":"post","link":"https:\/\/www.europesays.com\/de\/626054\/","title":{"rendered":"Tabellenf\u00fchrer Schalke 04 zu stark f\u00fcr Fortuna D\u00fcsseldorf"},"content":{"rendered":"<p>            <img loading=\"lazy\" decoding=\"async\" class=\"ts-image\" src=\"https:\/\/www.europesays.com\/de\/wp-content\/uploads\/2025\/12\/wdr-kenan-karaman-bejubelt-seinen-treffer-mit-seinen-teamkollegen-100.jpg\" alt=\"Kenan Karaman bejubelt seinen Treffer mit seinen Teamkollegen\" title=\"Kenan Karaman bejubelt seinen Treffer mit seinen Teamkollegen | Getty Images\"\/><\/p>\n<p class=\"metatextline\">Stand: 05.12.2025 20:32 Uhr<\/p>\n<p class=\"article-head__shorttext\">\n        <strong><strong>Der FC Schalke 04 unterstreicht beim Ausw\u00e4rtsspiel bei Fortuna F\u00fcsseldorf, weshalb das Team von Trainer Miron Muslic Tabellenf\u00fchrer in der 2. Liga ist.<\/strong><\/strong>\n    <\/p>\n<p class=\"textabsatz m-ten m-offset-one l-eight l-offset-two columns twelve\">Der FC <a href=\"https:\/\/www1.wdr.de\/uebersicht-schalke-null-vier-100.html\" title=\"FC Schalke 04\" class=\"textlink--extern\" target=\"_blank\" rel=\"noopener nofollow\">Schalke 04<\/a> ist in dieser Saison in der 2. Liga einfach nicht zu stoppen. Das Team von Trainer Miron Muslic setzte sich am Freitagabend (5.12.2025) bei <a href=\"https:\/\/www1.wdr.de\/uebersicht-fortuna-duesseldorf-100.html\" title=\"Fortuna D\u00fcsseldorf\" class=\"textlink--extern\" target=\"_blank\" rel=\"noopener nofollow\">Fortuna D\u00fcsseldorf<\/a> verdient mit 2:0 (1:0) durch und hat zumindest \u00fcber Nacht als Tabellenf\u00fchrer f\u00fcnf Punkte Vorsprung vor der Konkurrenz.<\/p>\n<p class=\"textabsatz m-ten m-offset-one l-eight l-offset-two columns twelve\">Kenan Karaman (45.+2) und Vitalie Becker (81.) erzielten die Treffer des Abends f\u00fcr die K\u00f6nigsblauen im D\u00fcsseldorfer Stadion. Es war bereits der elfte Sieg in dieser Saison und der vierte Ausw\u00e4rtserfolg.<\/p>\n<ul class=\"buttongroup buttongroup--copytext\">\n<li class=\"buttongroup__item\">\n<p>    <a class=\"btn btn--text btn--standard-secondary btn--fullwidth\" href=\"https:\/\/www.sportschau.de\/live-und-ergebnisse\/fussball\/deutschland-2-bundesliga\/ma11201201\/fortuna-duesseldorf_fc-schalke-04\/liveticker\" rel=\"nofollow noopener\" target=\"_blank\"><br \/>\n        D\u00fcsseldorf &#8211; Schalke, Fr. 18.30 Uhr<br \/>\n        Pfeil rechts<\/p>\n<p>    <\/a>\n<\/li>\n<li class=\"buttongroup__item\">\n<p>    <a class=\"btn btn--text btn--standard-secondary btn--fullwidth\" href=\"https:\/\/www.sportschau.de\/live-und-ergebnisse\/fussball\/deutschland-2-bundesliga\/spiele-und-ergebnisse\" rel=\"nofollow noopener\" target=\"_blank\"><br \/>\n        15. Spieltag<br \/>\n        Pfeil rechts<\/p>\n<p>    <\/a>\n<\/li>\n<\/ul>\n<p class=\"textabsatz m-ten m-offset-one l-eight l-offset-two columns twelve\">Die D\u00fcsseldorfer, die als Aufstiegskandidat in die Saison gestartet waren, rutschen dagegen immer weiter in Richtung Abstiegsplatz ab. Die Krise unter Trainer Markus Anfang setzt sich zudem weiter fort. Im siebten Zweitliga-Spiel unter seiner Verantwortung war die neuerliche Pleite bereits die f\u00fcnfte Niederlage bei einem Sieg und einem Unentschieden. Die Diskussionen um den ehemaligen Fu\u00dfballprofi d\u00fcrften in den kommenden Tagen weiter Fahrt aufnehmen.<\/p>\n<p>    Muslija verliert die Nerven<\/p>\n<p class=\"textabsatz m-ten m-offset-one l-eight l-offset-two columns twelve\">Beide Teams arbeiteten sich in den ersten Minuten erst einmal aneinander ab, ohne dass es vor einem der Tore etwas erw\u00e4hnenswerte passierte. Nach acht Minuten hatten die D\u00fcsseldorfer die erste gef\u00e4hrliche Torann\u00e4herung. Florent Muslija hatte viel Platz auf der rechten Seite, seine Hereingabe in den Schalker Strafraum verpasste St\u00fcrmer Cedric Itten nur um Zentimeter.<\/p>\n<p class=\"textabsatz m-ten m-offset-one l-eight l-offset-two columns twelve\">Die Schalker warteten ab und hofften auf Fehler der Fortuna. Allerdings leiste sich das Muslic-Team einige Unachtsamkeiten in der Defensive. Und der S04 hatte Gl\u00fcck, dass Fortuna-Offensivspieler Florent Muslija alleine vor S04-Torh\u00fcter Loris Karius v\u00f6llig die Nerven verlor und den Ball nahezu steil \u00fcber das Tor schoss (17.).<\/p>\n<p>    Gro\u00dfe Unterst\u00fctzung f\u00fcr die Schalker<\/p>\n<p class=\"textabsatz m-ten m-offset-one l-eight l-offset-two columns twelve\">Die Schalker blieben in Sachen Offensive \u00e4u\u00dferst zur\u00fcckhaltend, achteten vor allem darauf, die Gastgeber m\u00f6glichst weit vom eigenen Tor fernzuhalten. Den rund 20.000 Schalke-Anh\u00e4ngern gefiel der Auftritt ihres Lieblingsteams dennoch ausgesprochen gut, entsprechend laut war ihre Unterst\u00fctzung. Nach 31 Minuten hatte dann auch der S04 die erste Torgelegenheit.<\/p>\n<p class=\"textabsatz m-ten m-offset-one l-eight l-offset-two columns twelve\">Kenan Karaman startete mit dem Ball an der linken Strafraumecke, zog ein paar Meter in die Mitte, um den Ball dann auf das lange Eck zu schlenzen. Fortuna-Torh\u00fcter Florian Kastenmeier musste sich ganz lang machen, um den Ball noch zu parieren. Die aktivere Mannschaft in der ersten H\u00e4lfte waren aber die D\u00fcsseldorfer, denen zu h\u00e4ufig die Genauigkeit beim letzten Pass fehlte.<\/p>\n<p>    Karaman trifft<\/p>\n<p class=\"textabsatz m-ten m-offset-one l-eight l-offset-two columns twelve\">Die Schalker machten aber unbeirrt weiter und bekamen kurz vor der Halbzeit einen Elfmeter von Schiedsrichter Felix Prigan zugesprochen. Nach einem langen Einwurf von Christopher Antwi-Adjei versuchte Tim Oberdorf den Ball auf Kopfh\u00f6he von Nikola Katic mit dem Fu\u00df zu kl\u00e4ren, der D\u00fcsseldorfer Abwehrspieler traf den Schalker Innenverteidiger dabei aber an den Schl\u00e4fe. Den Strafsto\u00df verwandelte Kapit\u00e4n Karaman etwas gl\u00fccklich &#8211; Kastenmeier war mit seinen Fingern noch am Ball &#8211; zum 1:0 (45.+2).<\/p>\n<p class=\"textabsatz m-ten m-offset-one l-eight l-offset-two columns twelve\">Nur zwei Minuten sp\u00e4ter hatte Becker den zweiten Schalker Treffer auf dem Fu\u00df, den Distanzschuss aus 18 Metern konnte Kastenmeier gerade so parieren.<\/p>\n<p>    Oberdorf sieht Gelb-Rot<\/p>\n<p class=\"textabsatz m-ten m-offset-one l-eight l-offset-two columns twelve\">Die Schalker, bei denen zur Halbzeit Bryan Lasme f\u00fcr den gesundheitlich angschlagenen Karaman eingewechselt wurde, versuchten schnell den zweiten Treffer nachzulegen. Pl\u00f6tzlich agierte das Muslic-Team deutlich offensivfreudiger und beherrschte die Partie. Und die Fortuna schw\u00e4chte sich dann auch noch selbst. Nach einem Foulspiel an Antwi-Adjei sah Oberdorf Gelb-Rot und die Fortuna musste ab der 55. Minute in Unterzahl weiterspielen.<\/p>\n<p class=\"textabsatz m-ten m-offset-one l-eight l-offset-two columns twelve\">Die D\u00fcsseldorfer mobilisierten in den verbleibenden Minuten ihre gesamten Kr\u00e4fte und versuchten mit den Schalkern auf Augenh\u00f6he zu agieren. Sie hatten sogar noch zwei gute Einschussm\u00f6glichkeiten durch den eingewechselten Angreifer Christian Rasmussen, aber bei beiden Versuchen (72.; 75.) verfehlte der D\u00e4ne das S04-Tor.<\/p>\n<p>    Becker mit Torpremiere<\/p>\n<p class=\"textabsatz m-ten m-offset-one l-eight l-offset-two columns twelve\">Die beste Abwehr der Liga, Schalke hat nur acht Tore kassiert, wurde auch f\u00fcr die D\u00fcsseldorfer ein schier undurchdringliches Bollwerk. Und dann hatten die K\u00f6nigsblauen auch noch ihre gef\u00fcrchteten Konter im Repertoire.<\/p>\n<p class=\"textabsatz m-ten m-offset-one l-eight l-offset-two columns twelve\">Nach einem Ballverlust bediente der wenige Sekunden zuvor eingewechselte und lange verletzte Christian Gomis den mitgelaufenen Becker, der alleine vor Kastenmeier das 2:0 und gleichzeitig seinen ersten Treffer f\u00fcr den S04 erzielte. Danach war die Partie entscheiden.<\/p>\n<p>                                        <a class=\"backlink__link\" href=\"https:\/\/www1.wdr.de\/sport\/fussball\/zweite-bundesliga\/spielbericht-fortuna-duesseldorf-schalke-04-100.html\" rel=\"nofollow noopener\" target=\"_blank\"><\/p>\n<p>                                                <img decoding=\"async\" src=\"https:\/\/images.sportschau.de\/image\/9ef70e2e-6dd6-4b18-afd2-7063c40e8939\/AAABlap_yqU\/AAABmt42h34\/original\/lra-wdr-logo-100.svg\" alt=\"Westdeutscher Rundfunk\"\/><\/p>\n<p>                                        <\/a><\/p>\n","protected":false},"excerpt":{"rendered":"Stand: 05.12.2025 20:32 Uhr Der FC Schalke 04 unterstreicht beim Ausw\u00e4rtsspiel bei Fortuna F\u00fcsseldorf, weshalb das Team von&hellip;\n","protected":false},"author":2,"featured_media":626055,"comment_status":"","ping_status":"","sticky":false,"template":"","format":"standard","meta":{"footnotes":""},"categories":[5],"tags":[621,331,332,3364,29,3405,3132,347,3658,30,13,14,15,16870,12,225],"class_list":{"0":"post-626054","1":"post","2":"type-post","3":"status-publish","4":"format-standard","5":"has-post-thumbnail","7":"category-nachrichten","8":"tag-2-bundesliga","9":"tag-aktuelle-nachrichten","10":"tag-aktuelle-news","11":"tag-de","12":"tag-deutschland","13":"tag-duesseldorf","14":"tag-fortuna-duesseldorf","15":"tag-fussball","16":"tag-gelsenkirchen","17":"tag-germany","18":"tag-headlines","19":"tag-nachrichten","20":"tag-news","21":"tag-schalke-04","22":"tag-schlagzeilen","23":"tag-wdr"},"share_on_mastodon":{"url":"https:\/\/pubeurope.com\/@de\/115669111181373487","error":""},"_links":{"self":[{"href":"https:\/\/www.europesays.com\/de\/wp-json\/wp\/v2\/posts\/626054","targetHints":{"allow":["GET"]}}],"collection":[{"href":"https:\/\/www.europesays.com\/de\/wp-json\/wp\/v2\/posts"}],"about":[{"href":"https:\/\/www.europesays.com\/de\/wp-json\/wp\/v2\/types\/post"}],"author":[{"embeddable":true,"href":"https:\/\/www.europesays.com\/de\/wp-json\/wp\/v2\/users\/2"}],"replies":[{"embeddable":true,"href":"https:\/\/www.europesays.com\/de\/wp-json\/wp\/v2\/comments?post=626054"}],"version-history":[{"count":0,"href":"https:\/\/www.europesays.com\/de\/wp-json\/wp\/v2\/posts\/626054\/revisions"}],"wp:featuredmedia":[{"embeddable":true,"href":"https:\/\/www.europesays.com\/de\/wp-json\/wp\/v2\/media\/626055"}],"wp:attachment":[{"href":"https:\/\/www.europesays.com\/de\/wp-json\/wp\/v2\/media?parent=626054"}],"wp:term":[{"taxonomy":"category","embeddable":true,"href":"https:\/\/www.europesays.com\/de\/wp-json\/wp\/v2\/categories?post=626054"},{"taxonomy":"post_tag","embeddable":true,"href":"https:\/\/www.europesays.com\/de\/wp-json\/wp\/v2\/tags?post=626054"}],"curies":[{"name":"wp","href":"https:\/\/api.w.org\/{rel}","templated":true}]}}