{"id":626075,"date":"2025-12-05T21:46:28","date_gmt":"2025-12-05T21:46:28","guid":{"rendered":"https:\/\/www.europesays.com\/de\/626075\/"},"modified":"2025-12-05T21:46:28","modified_gmt":"2025-12-05T21:46:28","slug":"handball-dresden-holt-u19-weltmeister-sportmix","status":"publish","type":"post","link":"https:\/\/www.europesays.com\/de\/626075\/","title":{"rendered":"Handball: Dresden holt U19-Weltmeister | Sportmix"},"content":{"rendered":"<p><b>Ein ziemlicher Coup f\u00fcr Handball-Zweitligist <\/b><a href=\"https:\/\/sportbild.bild.de\/sportmix\/handball\/handball-dresden-profi-mit-irrem-waesche-tick-6931a1fb12247ae9cd9829d9\" class=\"text-link\" target=\"_blank\" rel=\"noopener\"><b>HC Elbflorenz<\/b><\/a><b>.<\/b><\/p>\n<p>Die <a href=\"https:\/\/sportbild.bild.de\/sportmix\/handball\/handball-die-kuriosen-jobs-der-dresden-profis-68f89e7fc008edcf0c84fd0f\" class=\"text-link\" target=\"_blank\" rel=\"noopener\">Dresdener<\/a> schnappen sich einen echten Weltmeister. Anton Vo\u00df (18) kommt ab sofort auf Leihbasis mit Zweitspielrecht vom SC DHfK Leipzig und steht bereits im Heimspiel gegen den TV 05\/07 H\u00fcttenberg am Samstag im Kader. Die Leihe ist bis zum Ende der Saison 2025\/26 vereinbart.<\/p>\n<p>Dresden schnappt sich U19-Weltmeister<\/p>\n<p>Vo\u00df, der in diesem Jahr mit Deutschland die U19-WM in \u00c4gypten gewann, ersetzt den verletzten Rechtsau\u00dfen Louis Bensch, der mit R\u00fcckenproblemen ausf\u00e4llt.<\/p>\n<p><a class=\"article-image__anchor\" href=\"https:\/\/www.dyn.sport\/sport_handball\" target=\"_blank\" rel=\"noopener\"><img decoding=\"async\" width=\"992\" height=\"84\" alt=\"\" src=\"https:\/\/www.europesays.com\/de\/wp-content\/uploads\/2025\/12\/b3b848c06cf3a9d3b03f0628d9ae8e24,a8d06891\"   class=\"dynamic\" loading=\"lazy\"\/><\/a><\/p>\n<p>Foto: BILD<\/p>\n<p>Vo\u00df sagt: \u201eIch habe mich sehr dar\u00fcber gefreut, dass in dieser Notsituation im Kader an mich gedacht wurde. Jetzt m\u00f6chte ich die Mannschaft mit voller Energie unterst\u00fctzen und die Gelegenheit nutzen, m\u00f6glichst viel dazuzulernen. Am meisten freue ich mich jedoch darauf, endlich wieder in der Ballsportarena auf dem Feld zu stehen und viele bekannte Gesichter sowie alte Freunde wiederzusehen.\u201c<\/p>\n<p>Mehr zum Thema<\/p>\n<p>Aktuell geh\u00f6rt er dem Kader der deutschen U20-Nationalmannschaft an, der Anfang Dezember den n\u00e4chsten Lehrgang in Warendorf absolvierte \u2013 als Vorbereitung auf die U20-Europameisterschaft 2026 in Rum\u00e4nien.<\/p>\n<p>Rico G\u00f6de, sportlicher Leiter des HCE: \u201eWir bedauern den Ausfall von Louis Bensch sehr. Gleichzeitig sind wir in der Verantwortung, auf der Rechtsau\u00dfen-Position weiterhin qualitativ stark und neben Lukas Wucherpfennig doppelt besetzt zu sein und mussten entsprechend reagieren. Wir bedanken uns ausdr\u00fccklich bei Karsten G\u00fcnther und Matthias Albrecht vom SC DHfK Leipzig f\u00fcr die schnelle, unkomplizierte und sehr partnerschaftliche Zusammenarbeit. Durch den Ausfall von Louis \u2013 und mit Blick auf die weiterhin fehlende Option auf Rechtsau\u00dfen \u2013 mussten wir zeitnah handeln. Mit Anton haben wir eine gute L\u00f6sung gefunden, die gut zu uns passt. Dass wir diese s\u00e4chsische Verbindung so kurzfristig und geradlinig umsetzen konnten, freut uns sehr.\u201c<\/p>\n<p>Diskussion im Handball: Regel rettet Torwart vor Eigentor<a class=\"anchor video-teaser__anchor\" href=\"https:\/\/sportbild.bild.de\/sportmix\/handball\/diskussion-im-handball-regel-rettet-torwart-vor-eigentor-692b17733b1644718b3b33ba\" target=\"_blank\" rel=\"noopener\"><img decoding=\"async\" width=\"992\" height=\"558\" alt=\"\" src=\"https:\/\/www.europesays.com\/de\/wp-content\/uploads\/2025\/11\/1764498975_715_6c4e538a0eb608f99cc2c88eb32ba4a8,59f034d8\"   class=\"landscape teaser__image\" loading=\"lazy\"\/><\/a><\/p>\n<p>Quelle: DYN MEDIA29.11.2025<\/p>\n<p><b>Am 17. Dezember gibt es die s\u00e4chsische Verbindung erneut. Dann spielt der SC DHfK im DHB-Pokal in Dresden gegen den TBV Lemgo Lippe.<\/b><\/p>\n","protected":false},"excerpt":{"rendered":"Ein ziemlicher Coup f\u00fcr Handball-Zweitligist HC Elbflorenz. Die Dresdener schnappen sich einen echten Weltmeister. Anton Vo\u00df (18) kommt&hellip;\n","protected":false},"author":2,"featured_media":626076,"comment_status":"","ping_status":"","sticky":false,"template":"","format":"standard","meta":{"footnotes":""},"categories":[1835],"tags":[3364,29,11662,21540,2386,1932,30,1391,5009,96742,71,859,4580,3460,45],"class_list":{"0":"post-626075","1":"post","2":"type-post","3":"status-publish","4":"format-standard","5":"has-post-thumbnail","7":"category-dresden","8":"tag-de","9":"tag-deutschland","10":"tag-dhb","11":"tag-dhfk-leipzig","12":"tag-dresden","13":"tag-dyn-handball","14":"tag-germany","15":"tag-handball","16":"tag-hbl","17":"tag-hc-elbflorenz","18":"tag-leipzig","19":"tag-sachsen","20":"tag-schmidt-andre","21":"tag-sport-leuchtturm-leipzig","22":"tag-texttospeech"},"share_on_mastodon":{"url":"https:\/\/pubeurope.com\/@de\/115669158941037595","error":""},"_links":{"self":[{"href":"https:\/\/www.europesays.com\/de\/wp-json\/wp\/v2\/posts\/626075","targetHints":{"allow":["GET"]}}],"collection":[{"href":"https:\/\/www.europesays.com\/de\/wp-json\/wp\/v2\/posts"}],"about":[{"href":"https:\/\/www.europesays.com\/de\/wp-json\/wp\/v2\/types\/post"}],"author":[{"embeddable":true,"href":"https:\/\/www.europesays.com\/de\/wp-json\/wp\/v2\/users\/2"}],"replies":[{"embeddable":true,"href":"https:\/\/www.europesays.com\/de\/wp-json\/wp\/v2\/comments?post=626075"}],"version-history":[{"count":0,"href":"https:\/\/www.europesays.com\/de\/wp-json\/wp\/v2\/posts\/626075\/revisions"}],"wp:featuredmedia":[{"embeddable":true,"href":"https:\/\/www.europesays.com\/de\/wp-json\/wp\/v2\/media\/626076"}],"wp:attachment":[{"href":"https:\/\/www.europesays.com\/de\/wp-json\/wp\/v2\/media?parent=626075"}],"wp:term":[{"taxonomy":"category","embeddable":true,"href":"https:\/\/www.europesays.com\/de\/wp-json\/wp\/v2\/categories?post=626075"},{"taxonomy":"post_tag","embeddable":true,"href":"https:\/\/www.europesays.com\/de\/wp-json\/wp\/v2\/tags?post=626075"}],"curies":[{"name":"wp","href":"https:\/\/api.w.org\/{rel}","templated":true}]}}