{"id":626081,"date":"2025-12-05T21:49:25","date_gmt":"2025-12-05T21:49:25","guid":{"rendered":"https:\/\/www.europesays.com\/de\/626081\/"},"modified":"2025-12-05T21:49:25","modified_gmt":"2025-12-05T21:49:25","slug":"besuch-der-bezirksvertretung-iv-borbeck-im-philippusstift","status":"publish","type":"post","link":"https:\/\/www.europesays.com\/de\/626081\/","title":{"rendered":"Besuch der Bezirksvertretung IV Borbeck im Philippusstift"},"content":{"rendered":"<p class=\"notiz\">\n        Erstellt von Christa Herlinger\n    <\/p>\n<p class=\"card-text\">05.12.2025<\/p>\n<p>    Philippusstift,<\/p>\n<p>    Contilia<\/p>\n<p class=\"lead\">\n                    Die Einladung hat Tradition. Zweimal im Jahr besuchen Mitglieder der Bezirksvertretung IV das Philippusstift.\n                <\/p>\n<p>Austausch, Information, Transparenz &#8211; unter dieser Pr\u00e4misse stehen die Gespr\u00e4che. Bezirksb\u00fcrgermeisterin Margarete Roderig und ihre Delegation nutzten kurz vor dem Jahresende jetzt noch einmal die Gelegenheit, sich \u00fcber den Modernisierungsfortschritt und die Erweiterungspl\u00e4ne f\u00fcr das Krankenhaus zu informieren. Seit Jahren arbeitet die Philippusstift Essen GmbH kontinuierlich an einer umfassenden Modernisierung und Optimierung des Hauses, alles w\u00e4hrend des laufenden Krankenhausbetriebs.<\/p>\n<p>Treffpunkt f\u00fcr den Besuch der Ortspolitiker war das neue Eingriffszentrum am Philippusstift. Dort wo einst die Notdienstpraxis Borbecker \u00c4rzte ihren Sitz hatte sind moderne Eingriffsr\u00e4ume f\u00fcr die Handchirurgie und Proktologie entstanden. Zus\u00e4tzlich gibt es einen Behandlungsraum f\u00fcr \u00e4sthetisch-chirurgische Eingriffe. Das Team des Eingriffszentrums konzentriert sich auf ambulante Eingriffe, ein An\u00e4sthesieteam steht f\u00fcr Narkosen bereit. Vorgespr\u00e4ch, Eingriff und die postambulante Nachsorge finden vor Ort statt. Start war bereits Mitte Oktober, seitdem ist der Betrieb des neuen Eingriffszentrums gut angelaufen.<\/p>\n<p>Gesch\u00e4ftsf\u00fchrer Carsten Preu\u00df erl\u00e4uterte die Bedeutung der ambulanten Angebote f\u00fcr ein patientenorientiertes Gesundheitswesen. Im Fokus standen aber auch die baulichen Ver\u00e4nderungen innerhalb des Krankenhauses.<\/p>\n<p>Inzwischen wurden nahezu alle Stationen modernisiert und neue Prozesse zur optimalen Patientenversorgung implementiert.<\/p>\n<p>Ein Beispiel daf\u00fcr ist die k\u00fcrzlich umgestaltete Station C3, die ehemals als Ambulatorium f\u00fcr elektive Patient:innen genutzt wurde. Hier ist eine moderne Stroke Unit, eine Spezialstation zur Behandlung von Patient:innen nach einem Schlaganfall, entstanden. Alle neurologischen Stationen und Fachbereiche sind damit im 3. Obergeschoss des Krankenhauses zusammengef\u00fchrt. Dies verbessert den Austausch zwischen den Fachdisziplinen und optimiert die Behandlung der Patienten.<\/p>\n<p>Im kommenden Jahr steht die Modernisierung der Station B2 an. Nach Abschluss der Arbeiten dort werden dann alle Stationen des Hauses komplett renoviert sein. Einen genauen Zeitpunkt zum Start der Bauarbeiten f\u00fcr den geplanten Erweiterungsbau konnte der Gesch\u00e4ftsf\u00fchrer Bezirksb\u00fcrgermeisterin Margarete Roderig und den BV-Mitgliedern nicht nennen. Dass in naher Zukunft aber Baut\u00e4tigkeiten am Standort beginnen werden, daran lie\u00df er keinen Zweifel. Eine Nachricht, die die Ortspolitiker gerne mitnahmen.<\/p>\n","protected":false},"excerpt":{"rendered":"Erstellt von Christa Herlinger 05.12.2025 Philippusstift, Contilia Die Einladung hat Tradition. Zweimal im Jahr besuchen Mitglieder der Bezirksvertretung&hellip;\n","protected":false},"author":2,"featured_media":626082,"comment_status":"","ping_status":"","sticky":false,"template":"","format":"standard","meta":{"footnotes":""},"categories":[1834],"tags":[148216,65292,3364,29,3688,30,1209,128293],"class_list":{"0":"post-626081","1":"post","2":"type-post","3":"status-publish","4":"format-standard","5":"has-post-thumbnail","7":"category-essen","8":"tag-besuch-der-bezirksvertretung","9":"tag-contilia","10":"tag-de","11":"tag-deutschland","12":"tag-essen","13":"tag-germany","14":"tag-nordrhein-westfalen","15":"tag-philippusstift"},"share_on_mastodon":{"url":"https:\/\/pubeurope.com\/@de\/115669170028093047","error":""},"_links":{"self":[{"href":"https:\/\/www.europesays.com\/de\/wp-json\/wp\/v2\/posts\/626081","targetHints":{"allow":["GET"]}}],"collection":[{"href":"https:\/\/www.europesays.com\/de\/wp-json\/wp\/v2\/posts"}],"about":[{"href":"https:\/\/www.europesays.com\/de\/wp-json\/wp\/v2\/types\/post"}],"author":[{"embeddable":true,"href":"https:\/\/www.europesays.com\/de\/wp-json\/wp\/v2\/users\/2"}],"replies":[{"embeddable":true,"href":"https:\/\/www.europesays.com\/de\/wp-json\/wp\/v2\/comments?post=626081"}],"version-history":[{"count":0,"href":"https:\/\/www.europesays.com\/de\/wp-json\/wp\/v2\/posts\/626081\/revisions"}],"wp:featuredmedia":[{"embeddable":true,"href":"https:\/\/www.europesays.com\/de\/wp-json\/wp\/v2\/media\/626082"}],"wp:attachment":[{"href":"https:\/\/www.europesays.com\/de\/wp-json\/wp\/v2\/media?parent=626081"}],"wp:term":[{"taxonomy":"category","embeddable":true,"href":"https:\/\/www.europesays.com\/de\/wp-json\/wp\/v2\/categories?post=626081"},{"taxonomy":"post_tag","embeddable":true,"href":"https:\/\/www.europesays.com\/de\/wp-json\/wp\/v2\/tags?post=626081"}],"curies":[{"name":"wp","href":"https:\/\/api.w.org\/{rel}","templated":true}]}}