{"id":626471,"date":"2025-12-06T01:49:22","date_gmt":"2025-12-06T01:49:22","guid":{"rendered":"https:\/\/www.europesays.com\/de\/626471\/"},"modified":"2025-12-06T01:49:22","modified_gmt":"2025-12-06T01:49:22","slug":"vollsperrung-der-a1-bei-muenster-wegen-lkw-unfalls-nrw","status":"publish","type":"post","link":"https:\/\/www.europesays.com\/de\/626471\/","title":{"rendered":"Vollsperrung der A1 bei M\u00fcnster wegen Lkw-Unfalls | NRW"},"content":{"rendered":"<p>Ein Lastwagen samt Anh\u00e4nger ist auf der Autobahn umgekippt. Ein Kran soll ihn nun wieder aufrichten.<\/p>\n<p id=\"absatz1\" class=\"em_text\">Wegen eines Lastwagen-Unfalls auf der A1 bei M\u00fcnster wird die Autobahn laut Polizei am Vormittag in beiden Richtungen gesperrt. Wenn die Bergung planm\u00e4\u00dfig verl\u00e4uft, k\u00f6nne die Sperrung zwischen der Anschlussstelle M\u00fcnster-Hiltrup und dem Kreuz M\u00fcnster-S\u00fcd voraussichtlich gegen Mittag wieder aufgehoben werden, sagte eine Sprecherin.<\/p>\n<p id=\"absatz2\" class=\"em_text\">Der Lkw mit Anh\u00e4nger war den Angaben nach am fr\u00fchen Morgen gegen die Mittelleitplanke geprallt und umgekippt. Die beiden Insassen blieben unverletzt. Die Ursache f\u00fcr den Unfall ist bisher unklar.<\/p>\n<p id=\"absatz4\" class=\"em_text\">Die Autobahn wurde zun\u00e4chst teilweise f\u00fcr den Verkehr gesperrt. Der Lkw m\u00fcsse aber mit einem Kran aufgerichtet werden, sagte die Polizeisprecherin. Daf\u00fcr sei eine Vollsperrung erforderlich. <\/p>\n","protected":false},"excerpt":{"rendered":"Ein Lastwagen samt Anh\u00e4nger ist auf der Autobahn umgekippt. Ein Kran soll ihn nun wieder aufrichten. Wegen eines&hellip;\n","protected":false},"author":2,"featured_media":626472,"comment_status":"","ping_status":"","sticky":false,"template":"","format":"standard","meta":{"footnotes":""},"categories":[1843],"tags":[42915,25753,3364,29,30,8405,8970,1209,121,3043],"class_list":{"0":"post-626471","1":"post","2":"type-post","3":"status-publish","4":"format-standard","5":"has-post-thumbnail","7":"category-muenster","8":"tag-hiltrup","9":"tag-bergungsarbeit","10":"tag-de","11":"tag-deutschland","12":"tag-germany","13":"tag-mnster","14":"tag-muenster","15":"tag-nordrhein-westfalen","16":"tag-polizei","17":"tag-vollsperrung"},"share_on_mastodon":{"url":"https:\/\/pubeurope.com\/@de\/115670113584379538","error":""},"_links":{"self":[{"href":"https:\/\/www.europesays.com\/de\/wp-json\/wp\/v2\/posts\/626471","targetHints":{"allow":["GET"]}}],"collection":[{"href":"https:\/\/www.europesays.com\/de\/wp-json\/wp\/v2\/posts"}],"about":[{"href":"https:\/\/www.europesays.com\/de\/wp-json\/wp\/v2\/types\/post"}],"author":[{"embeddable":true,"href":"https:\/\/www.europesays.com\/de\/wp-json\/wp\/v2\/users\/2"}],"replies":[{"embeddable":true,"href":"https:\/\/www.europesays.com\/de\/wp-json\/wp\/v2\/comments?post=626471"}],"version-history":[{"count":0,"href":"https:\/\/www.europesays.com\/de\/wp-json\/wp\/v2\/posts\/626471\/revisions"}],"wp:featuredmedia":[{"embeddable":true,"href":"https:\/\/www.europesays.com\/de\/wp-json\/wp\/v2\/media\/626472"}],"wp:attachment":[{"href":"https:\/\/www.europesays.com\/de\/wp-json\/wp\/v2\/media?parent=626471"}],"wp:term":[{"taxonomy":"category","embeddable":true,"href":"https:\/\/www.europesays.com\/de\/wp-json\/wp\/v2\/categories?post=626471"},{"taxonomy":"post_tag","embeddable":true,"href":"https:\/\/www.europesays.com\/de\/wp-json\/wp\/v2\/tags?post=626471"}],"curies":[{"name":"wp","href":"https:\/\/api.w.org\/{rel}","templated":true}]}}