{"id":626492,"date":"2025-12-06T02:03:30","date_gmt":"2025-12-06T02:03:30","guid":{"rendered":"https:\/\/www.europesays.com\/de\/626492\/"},"modified":"2025-12-06T02:03:30","modified_gmt":"2025-12-06T02:03:30","slug":"bald-doch-f-35-fuer-die-tuerkei-trump-botschafter-kritisiert-europa-das-ist-verrueckt","status":"publish","type":"post","link":"https:\/\/www.europesays.com\/de\/626492\/","title":{"rendered":"Bald doch F-35 f\u00fcr die T\u00fcrkei? Trump-Botschafter kritisiert Europa \u2013 \u201eDas ist verr\u00fcckt\u201c"},"content":{"rendered":"<ol class=\"id-DonaldBreadcrumb lp_west_breadcrumb id-DonaldBreadcrumb--default\" data-k5a-pos=\"west_breadcrumb\">\n<li class=\"id-Breadcrumb-item\"><a href=\"https:\/\/www.fr.de\/\" class=\"id-Breadcrumb-link\" data-id-ec=\"{\" shn=\"\" textlink=\"\" data-k5a-pos=\"1_startseite\" target=\"_blank\" rel=\"noopener\">Startseite<\/a><\/li>\n<li class=\"id-Breadcrumb-item\"><a href=\"https:\/\/www.fr.de\/politik\/\" class=\"id-Breadcrumb-link\" data-id-ec=\"{\" shn=\"\" textlink=\"\" data-k5a-pos=\"2_politik\" target=\"_blank\" rel=\"noopener\">Politik<\/a><\/li>\n<\/ol>\n<p class=\"id-Story-timestamp id-Story-timestamp--default\">Stand: 05.12.2025, 21:26 Uhr<\/p>\n<p class=\"id-Story-authors id-Story-authors--default\">Von: <a class=\"id-Story-authors-link lp_west_author\" href=\"https:\/\/www.fr.de\/autor\/bedrettin-boeluekbasi-fid1pj70q.html\" title=\"Zur Autorenseite von Bedrettin B&#xF6;l&#xFC;kbasi\" data-id-ec=\"{\" shn=\"\" author-link=\"\" b=\"\" data-k5a-pos=\"west_author\" target=\"_blank\" rel=\"noopener\">Bedrettin B\u00f6l\u00fckbasi<\/a><\/p>\n<p class=\"id-Story-interactionBar id-Story-interactionBar--default\">DruckenTeilen<\/p>\n<p class=\"id-StoryElement-leadText\">Donald Trumps Botschafter Tom Barrack verk\u00fcndet eine baldige L\u00f6sung des F-35-Problems mit der T\u00fcrkei. Dabei geht er \u00fcberraschend auf Europa los.<\/p>\n<p class=\"id-StoryElement-paragraph\">Ankara\/Washington, D.C. \u2013\u00a0Die F-35-Debatte zwischen der T\u00fcrkei und den USA sorgt seit Jahren f\u00fcr Spannungen zwischen den beiden NATO-Verb\u00fcndeten. Nun herrscht vorsichtiger Optimismus, dass die t\u00fcrkische Luftwaffe bald tats\u00e4chlich die modernen Kampfjets geliefert bekommen k\u00f6nnte. Der US-Botschafter in der T\u00fcrkei, Tom Barrack, erwartet eine L\u00f6sung der finalen Meinungsverschiedenheiten innerhalb von nur wenigen Monaten.<\/p>\n<p>F-35-Jets f\u00fcr die T\u00fcrkei: Trump-Botschafter spricht von L\u00f6sung<\/p>\n<p class=\"id-StoryElement-paragraph\">Hintergrund des Streits ist dabei die t\u00fcrkische Beschaffung des russischen Luftabwehrsystems S-400. Ankara behauptete, die <a href=\"https:\/\/www.merkur.de\/politik\/nato-org27480\/\" class=\"id-import-Link id-pageApi-Link--externalDomain\" title=\"NATO\" data-id-ec=\"{&quot;sht&quot;:&quot;Container&quot;,&quot;shn&quot;:&quot;Story&quot;,&quot;p&quot;:{&quot;containerType&quot;:&quot;Paragraph&quot;,&quot;displayType&quot;:&quot;Paragraph InlineLink&quot;,&quot;type&quot;:&quot;INLINE_LINK&quot;,&quot;value&quot;:&quot;NATO&quot;,&quot;variant&quot;:&quot;standardLink&quot;,&quot;sponsored&quot;:false,&quot;linkHref&quot;:&quot;https:\/\/www.merkur.de\/politik\/nato-org27480\/&quot;,&quot;storyElementPosition&quot;:11,&quot;storyElementCount&quot;:26}}\" target=\"_blank\" rel=\"noopener\">NATO<\/a> und vor allem die US-Regierung h\u00e4tten sich ausgerechnet inmitten des syrischen B\u00fcrgerkrieges geweigert, die T\u00fcrkei mit Patriot-Luftabwehrsystemen auszustatten, weshalb man zwanghaft auf russische Systeme ausgewichen sei. In Washington hatte man daf\u00fcr allerdings kein Verst\u00e4ndnis: Im Jahr 2019 hatte US-Pr\u00e4sident <a href=\"https:\/\/www.fr.de\/politik\/donald-trump-per32650\/\" class=\"id-import-Link\" title=\"Donald Trump\" data-id-ec=\"{&quot;sht&quot;:&quot;Container&quot;,&quot;shn&quot;:&quot;Story&quot;,&quot;p&quot;:{&quot;containerType&quot;:&quot;Paragraph&quot;,&quot;displayType&quot;:&quot;Paragraph InlineLink&quot;,&quot;type&quot;:&quot;INLINE_LINK&quot;,&quot;value&quot;:&quot;Donald Trump&quot;,&quot;variant&quot;:&quot;standardLink&quot;,&quot;sponsored&quot;:false,&quot;linkHref&quot;:&quot;https:\/\/www.fr.de\/politik\/donald-trump-per32650\/&quot;,&quot;storyElementPosition&quot;:11,&quot;storyElementCount&quot;:26}}\" target=\"_blank\" rel=\"noopener\">Donald Trump<\/a> in seiner ersten Amtszeit daher Sanktionen gegen die T\u00fcrkei verh\u00e4ngt und das Land aus dem F-35-Programm ausgeschlossen, obwohl die T\u00fcrkei der Hauptproduzent des F-35-Rumpfes war.<\/p>\n<p><img decoding=\"async\" class=\"id-RatioPlaceholder-element wv_story_el_image\" src=\"https:\/\/www.europesays.com\/de\/wp-content\/uploads\/2025\/12\/40722521-die-tuerkei-koennte-bald-tatsaechlich-35-jets-erhalten-2qXaQgU7EIBG.jpg\" loading=\"lazy\"   height=\"619\" width=\"1100\" alt=\"Die T&#xFC;rkei k&#xF6;nnte bald tats&#xE4;chlich F-35-Jets erhalten.\"\/>Die T\u00fcrkei k\u00f6nnte bald tats\u00e4chlich F-35-Jets erhalten. \u00a9\u00a0Harald Tittel\/dpa\/Pablo Martinez Monsivais\/AP\/dpa\/Collage<\/p>\n<p class=\"id-StoryElement-paragraph\">Begr\u00fcndet wurde dies neben politischen Aspekten auch mit der Gefahr von russischer Spionage \u00fcber wichtige F-35-Daten, sollten die amerikanischen und russischen Systeme gleichzeitig eingesetzt werden. In der zweiten Amtszeit von Trump bahnt sich jedoch die L\u00f6sung an. Bei einer Veranstaltung in Abu Dhabi in den Vereinigten Arabischen Emiraten sagte US-Botschafter Tom Barrack, er erwarte eine finale L\u00f6sung \u201ein etwa vier bis sechs Monaten\u201c.<\/p>\n<p>F-35-Jets f\u00fcr die T\u00fcrkei: US-Botschafter Barrack kritisiert Haltung von Europa<\/p>\n<p class=\"id-StoryElement-paragraph\">In der zweiten Amtszeit von Trump <a href=\"https:\/\/www.fr.de\/politik\/neue-chance-fuer-erdogan-tuerkei-soll-nun-doch-35-kampfjets-erhalten-93645912.html\" class=\"id-import-Link\" data-id-ec=\"{&quot;sht&quot;:&quot;Container&quot;,&quot;shn&quot;:&quot;Story&quot;,&quot;p&quot;:{&quot;containerType&quot;:&quot;Paragraph&quot;,&quot;displayType&quot;:&quot;Paragraph InlineLink&quot;,&quot;type&quot;:&quot;INLINE_LINK&quot;,&quot;value&quot;:&quot;&#xE4;u&#xDF;erten US-Beamte immer wieder ihre Hoffnung, dass man die T&#xFC;rkei bald doch mit F-35-Kampfjets ausstatten k&#xF6;nnte&quot;,&quot;variant&quot;:&quot;standardLink&quot;,&quot;sponsored&quot;:false,&quot;linkHref&quot;:&quot;https:\/\/www.fr.de\/politik\/neue-chance-fuer-erdogan-tuerkei-soll-nun-doch-35-kampfjets-erhalten-93645912.html&quot;,&quot;storyElementPosition&quot;:16,&quot;storyElementCount&quot;:26}}\" target=\"_blank\" rel=\"noopener\">\u00e4u\u00dferten US-Beamte immer wieder ihre Hoffnung, dass man die T\u00fcrkei bald doch mit F-35-Kampfjets ausstatten k\u00f6nnte<\/a> \u2013 <a href=\"https:\/\/www.merkur.de\/politik\/trump-koennte-erdogan-35-verkaufen-israel-will-lieferung-blockieren-93682324.html\" class=\"id-import-Link id-pageApi-Link--externalDomain\" data-id-ec=\"{&quot;sht&quot;:&quot;Container&quot;,&quot;shn&quot;:&quot;Story&quot;,&quot;p&quot;:{&quot;containerType&quot;:&quot;Paragraph&quot;,&quot;displayType&quot;:&quot;Paragraph InlineLink&quot;,&quot;type&quot;:&quot;INLINE_LINK&quot;,&quot;value&quot;:&quot;Israel will das jedenfalls um jeden Preis verhindern und versucht daher immer wieder auf die Trump-Regierung einzuwirken&quot;,&quot;variant&quot;:&quot;standardLink&quot;,&quot;sponsored&quot;:false,&quot;linkHref&quot;:&quot;https:\/\/www.merkur.de\/politik\/trump-koennte-erdogan-35-verkaufen-israel-will-lieferung-blockieren-93682324.html&quot;,&quot;storyElementPosition&quot;:16,&quot;storyElementCount&quot;:26}}\" target=\"_blank\" rel=\"noopener\">Israel will das jedenfalls um jeden Preis verhindern und versucht daher immer wieder auf die Trump-Regierung einzuwirken<\/a>. Der US-Sender Fox News hatte etwa berichtet, dass Trump sein Team dazu angewiesen habe, nach M\u00f6glichkeiten zu suchen, um die Sanktionen aufzuheben und so die F-35-Lieferung an die T\u00fcrkei zu erm\u00f6glichen.<\/p>\n<p class=\"id-StoryElement-paragraph\">\u201eDiese Auseinandersetzung dauert seit zehn Jahren an und Pr\u00e4sident Trump zufolge ist das einfach nur verr\u00fcckt\u201c, sagte Barrack in Abu Dhabi und verwies auf die eigenen Erfolge der t\u00fcrkischen Verteidigungsindustrie sowie auf die Beschaffung von Eurofighter-Jets durch die t\u00fcrkische Luftwaffe. Er erw\u00e4hnte zudem die Rolle der T\u00fcrkei bei der F-35-Produktion und zeigte sich irritiert aufgrund der ewigen Diskussion: \u201eBis wir aus dieser Sache rauskommen, wird die F-35 irgendwo schon nachgebaut worden sein.\u201c<\/p>\n<p class=\"id-StoryElement-paragraph\">Dann richtete er seine Kritik pl\u00f6tzlich gegen europ\u00e4ische L\u00e4nder. Die T\u00fcrkei sei ein NATO-Land und man wolle, dass die t\u00fcrkische Armee Europa besch\u00fctze. Allerdings: \u201eDoch Europa will nicht, dass die T\u00fcrkei die beste Ausr\u00fcstung hat, weil sie besorgt dar\u00fcber sind, was in Russland passiert. Das ist einfach nur Wahnsinn.\u201c Damit kritisierte Barrack wohl, dass die meisten <a href=\"https:\/\/www.fr.de\/politik\/eu-europaeische-union-mitgliedstaaten-laender-gruendung-von-der-leyen-ziele-91385429.html\" class=\"id-import-Link\" data-id-ec=\"{&quot;sht&quot;:&quot;Container&quot;,&quot;shn&quot;:&quot;Story&quot;,&quot;p&quot;:{&quot;containerType&quot;:&quot;Paragraph&quot;,&quot;displayType&quot;:&quot;Paragraph InlineLink&quot;,&quot;type&quot;:&quot;INLINE_LINK&quot;,&quot;value&quot;:&quot;EU&quot;,&quot;variant&quot;:&quot;standardLink&quot;,&quot;sponsored&quot;:false,&quot;linkHref&quot;:&quot;https:\/\/www.fr.de\/politik\/eu-europaeische-union-mitgliedstaaten-laender-gruendung-von-der-leyen-ziele-91385429.html&quot;,&quot;storyElementPosition&quot;:19,&quot;storyElementCount&quot;:26}}\" target=\"_blank\" rel=\"noopener\">EU<\/a>-Mitglieder die T\u00fcrkei und Pr\u00e4sident <a href=\"https:\/\/www.fr.de\/thema\/recep-tayyip-erdogan-per68395\/\" class=\"id-import-Link\" title=\"Recep Tayyip Erdogan\" data-id-ec=\"{&quot;sht&quot;:&quot;Container&quot;,&quot;shn&quot;:&quot;Story&quot;,&quot;p&quot;:{&quot;containerType&quot;:&quot;Paragraph&quot;,&quot;displayType&quot;:&quot;Paragraph InlineLink&quot;,&quot;type&quot;:&quot;INLINE_LINK&quot;,&quot;value&quot;:&quot;Recep Tayyip Erdogan&quot;,&quot;variant&quot;:&quot;standardLink&quot;,&quot;sponsored&quot;:false,&quot;linkHref&quot;:&quot;https:\/\/www.fr.de\/thema\/recep-tayyip-erdogan-per68395\/&quot;,&quot;storyElementPosition&quot;:19,&quot;storyElementCount&quot;:26}}\" target=\"_blank\" rel=\"noopener\">Recep Tayyip Erdogan<\/a> \u00e4hnlich wie Russland und Kreml-Chef <a href=\"https:\/\/www.merkur.de\/politik\/wladimir-putin-per42970\/\" class=\"id-import-Link id-pageApi-Link--externalDomain\" title=\"Wladimir Putin\" data-id-ec=\"{&quot;sht&quot;:&quot;Container&quot;,&quot;shn&quot;:&quot;Story&quot;,&quot;p&quot;:{&quot;containerType&quot;:&quot;Paragraph&quot;,&quot;displayType&quot;:&quot;Paragraph InlineLink&quot;,&quot;type&quot;:&quot;INLINE_LINK&quot;,&quot;value&quot;:&quot;Wladimir Putin&quot;,&quot;variant&quot;:&quot;standardLink&quot;,&quot;sponsored&quot;:false,&quot;linkHref&quot;:&quot;https:\/\/www.merkur.de\/politik\/wladimir-putin-per42970\/&quot;,&quot;storyElementPosition&quot;:19,&quot;storyElementCount&quot;:26}}\" target=\"_blank\" rel=\"noopener\">Wladimir Putin<\/a> als autorit\u00e4r betrachten. In derselben Veranstaltung bem\u00e4ngelte er auch, dass die EU die T\u00fcrkei nicht genug \u201erespektiere\u201c und nicht aufnehme.<\/p>\n<p>Recep Tayyip Erdo\u011fan: Der Weg zur Macht des t\u00fcrkischen Pr\u00e4sidenten<img decoding=\"async\" class=\"id-RatioPlaceholder-element wv_story_el_interstitialImage\" src=\"https:\/\/www.europesays.com\/de\/wp-content\/uploads\/2025\/04\/29354731-im-jahr-2017-setzte-recep-tayyip-erdogan-mithilfe-eines-referendums-eine-verfassungsaenderu.jpeg\" loading=\"lazy\"   height=\"1708\" width=\"3024\" alt=\"Im Jahr 2017 setzte Recep Tayyip Erdogan mithilfe eines Referendums eine Verfassungs&#xE4;nderung durch, bei der es vor allem um die B&#xFC;ndelung der Exekutivbefugnisse ging. Dadurch gewann der t&#xFC;rkische Pr&#xE4;sident noch mehr Einfluss auf die Justiz. Die Opposition sprach von Wahlbetrug. Auch Untersuchungen von Forschenden legen nahe, dass das Referendum manipuliert wurde.\"\/><a href=\"https:\/\/www.fr.de\/politik\/recep-tayyip-erdogan-der-weg-zur-macht-des-tuerkischen-praesidenten-zr-91673655.html\" class=\"id-StoryElement-intestitialLink-link\" data-id-ec=\"{\" shn=\"\" ansehen=\"\" data-k5a-pos=\"west_story_20_photoGalleryLink\" title=\"Zur Fotostrecke: Recep Tayyip Erdo&#x11F;an: Der Weg zur Macht des t&#xFC;rkischen Pr&#xE4;sidenten\" target=\"_blank\" rel=\"noopener\">Fotostrecke ansehen<\/a>F-35-Jets f\u00fcr die T\u00fcrkei: Erdogan und Trump sollen L\u00f6sung gefunden haben<\/p>\n<p class=\"id-StoryElement-paragraph\">Ende September hatten sich Trump und Erdogan im Wei\u00dfen Haus getroffen. Barrack bescheinigte den beiden Staatschefs eine \u201eBromance\u201c und fuhr fort: \u201ePr\u00e4sident Trump und Pr\u00e4sident Erdogan haben im Wei\u00dfen Haus sechs Themen betrachtet, die seit Jahrzehnten auf dem Tisch sind.\u201c Um welche Themen es sich handelt, nannte er nicht. Doch die F-35-Sache geh\u00f6re dazu und man habe daf\u00fcr eine L\u00f6sung gefunden.<\/p>\n<p class=\"id-StoryElement-paragraph\">Details dazu, wie genau diese L\u00f6sung aussieht, nannte der US-Botschafter ebenso nicht. Er sagte aber, es gebe zwei Themen: Zum einen die Operabilit\u00e4t der S-400-Systeme, die die T\u00fcrkei bereits gel\u00f6st habe. Zum anderen gehe es um den Besitz dieser Systeme, was etwas komplexer sei. Tats\u00e4chlich: Die t\u00fcrkische Armee besitzt diese Systeme zwar und hat sie eigenen Angaben zufolge auch bereits getestet, doch wirklich operiert werden sie nicht, sondern stattdessen im Hangar aufbewahrt. Im Laufe der letzten Jahre wurde immer wieder spekuliert, dass die T\u00fcrkei auf verschiedenen Wegen das russische System wegschaffen wolle, doch es ergab sich nichts Konkretes.<\/p>\n<p class=\"id-StoryElement-paragraph\">Sollte die T\u00fcrkei tats\u00e4chlich die F-35-Jets erhalten, so w\u00e4re dies eine kr\u00e4ftige St\u00e4rkung der t\u00fcrkischen Luftwaffe, die bald auch Eurofighter erh\u00e4lt. <a href=\"https:\/\/www.fr.de\/politik\/tuerkischer-kampfjet-als-35-alternative-kaan-jetzt-im-fokus-von-eu-land-erdogan-tuerkei-93975669.html\" class=\"id-import-Link\" data-id-ec=\"{&quot;sht&quot;:&quot;Container&quot;,&quot;shn&quot;:&quot;Story&quot;,&quot;p&quot;:{&quot;containerType&quot;:&quot;Paragraph&quot;,&quot;displayType&quot;:&quot;Paragraph InlineLink&quot;,&quot;type&quot;:&quot;INLINE_LINK&quot;,&quot;value&quot;:&quot;Die T&#xFC;rkei baut indes auch weiter an ihrem eigenen Kampfjet KAAN&quot;,&quot;variant&quot;:&quot;standardLink&quot;,&quot;sponsored&quot;:false,&quot;linkHref&quot;:&quot;https:\/\/www.fr.de\/politik\/tuerkischer-kampfjet-als-35-alternative-kaan-jetzt-im-fokus-von-eu-land-erdogan-tuerkei-93975669.html&quot;,&quot;storyElementPosition&quot;:26,&quot;storyElementCount&quot;:26}}\" target=\"_blank\" rel=\"noopener\">Die T\u00fcrkei baut indes auch weiter an ihrem eigenen Kampfjet KAAN<\/a>. Bei seinem Lob der t\u00fcrkischen Verteidigungsindustrie verwies Barrack ebenso auf die t\u00fcrkische Maschine, die sich noch in Entwicklung befindet und im Prototyp-Stadium ist, allerdings bereits erste Fl\u00fcge hinter sich hat. Sowohl Griechenland als auch Israel sind jedenfalls besorgt \u00fcber die M\u00f6glichkeit einer F-35-Lieferung an die T\u00fcrkei. Die Trump-Regierung k\u00f6nnte mit diesem m\u00f6glichen Schritt das Gleichgewicht in der Region etwas st\u00e4rker zugunsten der T\u00fcrkei verschieben. (Quellen: Bloomberg, eigene Recherche) (bb)<\/p>\n","protected":false},"excerpt":{"rendered":"Startseite Politik Stand: 05.12.2025, 21:26 Uhr Von: Bedrettin B\u00f6l\u00fckbasi DruckenTeilen Donald Trumps Botschafter Tom Barrack verk\u00fcndet eine baldige&hellip;\n","protected":false},"author":2,"featured_media":626493,"comment_status":"","ping_status":"","sticky":false,"template":"","format":"standard","meta":{"footnotes":""},"categories":[3933],"tags":[331,332,548,663,158,3934,3935,13,14,15,12],"class_list":{"0":"post-626492","1":"post","2":"type-post","3":"status-publish","4":"format-standard","5":"has-post-thumbnail","7":"category-eu","8":"tag-aktuelle-nachrichten","9":"tag-aktuelle-news","10":"tag-eu","11":"tag-europa","12":"tag-europaeische-union","13":"tag-europe","14":"tag-european-union","15":"tag-headlines","16":"tag-nachrichten","17":"tag-news","18":"tag-schlagzeilen"},"share_on_mastodon":{"url":"https:\/\/pubeurope.com\/@de\/115670169306585877","error":""},"_links":{"self":[{"href":"https:\/\/www.europesays.com\/de\/wp-json\/wp\/v2\/posts\/626492","targetHints":{"allow":["GET"]}}],"collection":[{"href":"https:\/\/www.europesays.com\/de\/wp-json\/wp\/v2\/posts"}],"about":[{"href":"https:\/\/www.europesays.com\/de\/wp-json\/wp\/v2\/types\/post"}],"author":[{"embeddable":true,"href":"https:\/\/www.europesays.com\/de\/wp-json\/wp\/v2\/users\/2"}],"replies":[{"embeddable":true,"href":"https:\/\/www.europesays.com\/de\/wp-json\/wp\/v2\/comments?post=626492"}],"version-history":[{"count":0,"href":"https:\/\/www.europesays.com\/de\/wp-json\/wp\/v2\/posts\/626492\/revisions"}],"wp:featuredmedia":[{"embeddable":true,"href":"https:\/\/www.europesays.com\/de\/wp-json\/wp\/v2\/media\/626493"}],"wp:attachment":[{"href":"https:\/\/www.europesays.com\/de\/wp-json\/wp\/v2\/media?parent=626492"}],"wp:term":[{"taxonomy":"category","embeddable":true,"href":"https:\/\/www.europesays.com\/de\/wp-json\/wp\/v2\/categories?post=626492"},{"taxonomy":"post_tag","embeddable":true,"href":"https:\/\/www.europesays.com\/de\/wp-json\/wp\/v2\/tags?post=626492"}],"curies":[{"name":"wp","href":"https:\/\/api.w.org\/{rel}","templated":true}]}}