{"id":626636,"date":"2025-12-06T03:28:12","date_gmt":"2025-12-06T03:28:12","guid":{"rendered":"https:\/\/www.europesays.com\/de\/626636\/"},"modified":"2025-12-06T03:28:12","modified_gmt":"2025-12-06T03:28:12","slug":"gruene-fordern-stopp-des-rueckbaus-in-der-eu-klimapolitik","status":"publish","type":"post","link":"https:\/\/www.europesays.com\/de\/626636\/","title":{"rendered":"Gr\u00fcne fordern Stopp des R\u00fcckbaus in der EU-Klimapolitik"},"content":{"rendered":"\n<p>Gr\u00fcne fordern Stopp des R\u00fcckbaus in der EU-Klimapolitik<\/p>\n<dl class=\"article-info muted\">\n<dd class=\"readtime\">  Lesezeit: 1 Minuten <\/dd>\n<dd class=\"create\">   Erstellt: 06. Dezember 2025  <\/dd>\n<\/dl>\n<p>  <img decoding=\"async\" class=\"caption\" title=\"Foto: \u00a9 Rebecca Humann \" src=\"https:\/\/www.europesays.com\/de\/wp-content\/uploads\/2025\/12\/Web-Kraftwerk-1.jpg\" alt=\"Bildbeschreibung: Ein Kraftwerk.\"\/>  <\/p>\n<p>Die Fraktion B\u00fcndnis 90\/Die Gr\u00fcnen dringt auf einen Kurswechsel in der Klimapolitik. In einem Antrag (<a class=\"dipLink\" title=\"Die PDF-Datei Drucksache 21\/3033 \u00f6ffnet sich in einem neuen Fenster\" href=\"https:\/\/dserver.bundestag.de\/btd\/21\/030\/2103033.pdf\" target=\"_blank\" rel=\"noopener noreferrer\">21\/3033<\/a>), der am Donnerstag erstmals auf der Tagesordnung des Bundestags steht, fordert die Fraktion, den \u201eR\u00fcckbau in der EU-Klimapolitik\u201c zu stoppen und die klimapolitischen Erfolge der vergangenen Jahre zu verteidigen. <\/p>\n<p>Konkret solle die Bundesregierung allen Stimmen entgegentreten, die weitere Abschw\u00e4chungen des neuen Emissionshandels f\u00fcr Geb\u00e4ude und Verkehr (ETS 2) durchsetzen wollten. Der ETS setze ein \u201eklares Signal f\u00fcr sauberes und bezahlbares Heizen\u201c, schreiben die Abgeordneten. Durch die von der Bundesregierung mitbeschlossene Verschiebung des ETS2 auf das Jahr 2028 sei bereits \u201eerhebliches Vertrauen verspielt\u201c worden.<\/p>\n<p>Zudem verlangen die Gr\u00fcnen konkrete Ma\u00dfnahmen auf europ\u00e4ischer und nationaler Ebene, um Emissionen im Geb\u00e4ude- und Verkehrsbereich zu senken. Au\u00dferdem solle die Bundesregierung den nat\u00fcrlichen Klimaschutz voranbringen, etwa indem die EU-Verordnung zur Wiederherstellung der Natur \u201emit ausreichend Ressourcen\u201c umgesetzt wird.<\/p>\n<p>Weitere Forderungen zielen unter anderem auf die R\u00fccknahme aller geplanten \u201eVerw\u00e4sserungen der Klimapolitik\u201c, die z\u00fcgige Vorlage des ausstehenden Klimaschutzprogramms sowie die weitere Unterst\u00fctzung des neu aufgelegten Regenwaldfonds TFFF ab.<\/p>\n<p>Autor: Bundestag\/hib | \u00a9 EU-Schwerbehinderung\/Deutscher Bundestag<\/p>\n<p>      EU-Schwerbehinderung Tag: Gr\u00fcne, fordern, Stopp, R\u00fcckbau, EU, Klimapolitik, EUS, EUS-Nachrichten, Nachrichten, News, Behindertenpolitik, Inklusion, Teilhabe, Barrierefreiheit, Pflege, Schwerbehinderung, Behinderung, Gesundheit, Berichte, Informationen, Liveticker, Newsticker, Nachrichten-App, News-App, Medien, Politik, Wirtschaft, Finanzen, Kultur, Literatur   <\/p>\n<p class=\"cookieconsent-optout-marketing-header\">\n<p> EU-Schwerbehinderung Nachrichtenmagazin<\/p>\n<p style=\"line-height: 50%\">EU-Schwerbehinderung ist ein Nachrichtenmagazin und finanziert sich mit Werbung.<\/p>\n<p style=\"line-height: 50%\">Werbung unterst\u00fctzt uns unsere journalistischen Inhalte anzubieten, zu finanzieren und zu verbessern.<\/p>\n<p style=\"line-height: 50%\">Um diesen Artikel lesen zu k\u00f6nnen, m\u00fcssen Sie der Werbung zustimmen.<\/p>\n<p>Details zu Werbe- und Analyse-Trackern sowie zum jederzeit m\u00f6glichen Widerruf finden Sie in unserer <a href=\"http:\/\/datenschutz.eu-schwerbehinderung.eu\" target=\"_blank\" rel=\"noopener noreferrer\">Datenschutzerkl\u00e4rung<\/a> oder im <a href=\"https:\/\/www.eu-schwerbehinderung.eu\/index.php\/34-master\/5760-cookie-declaration\" target=\"_blank\" rel=\"noopener noreferrer\">Privacy Center<\/a> am Ende jeder Seite.<\/p>\n<p><a style=\"color: #000000;\" href=\"https:\/\/www.eu-schwerbehinderung.eu\/index.php\/richtlinien\/1318-impressum\" target=\"_blank\" rel=\"nofollow noopener noreferrer\">Impressum &#8211; <\/a> <a style=\"color: #000000;\" href=\"http:\/\/datenschutz.eu-schwerbehinderung.eu\" target=\"_blank\" rel=\"nofollow noopener noreferrer\">Datenschutz &#8211; <\/a> <a style=\"color: #000000;\" href=\"http:\/\/agb.eu-schwerbehinderung.eu\" target=\"_blank\" rel=\"nofollow noopener noreferrer\">Nutzungsbedingungen<\/a><\/p>\n<p>Werbeblocker aktiv !<\/p>\n<p>EU-Schwerbehinderung ist ein Nachrichtenmagazin und finanziert sich mit Werbung.<\/p>\n<p>Um diesen Inhalt lesen zu k\u00f6nnen, schalten sie<\/p>\n<p>bitte den Werbeblocker ab!<\/p>\n<p><strong>HINWEIS: Wird die Seite &#8218;inPrivat&#8216; oder im &#8218;Inkonito&#8216; Modus aufgerufen, kann die Seite bei einigen Browsern nicht angezeigt werden.<\/strong><\/p>\n<p>Wenn sie die Werbung zulassen, unterst\u00fctzen sie uns, auch in Zukunft unser Angebot kostenlos anbieten zu k\u00f6nnen.<\/p>\n<p><a style=\"color: #000000;\" href=\"https:\/\/www.eu-schwerbehinderung.eu\/index.php\/richtlinien\/1318-impressum\" target=\"_blank\" rel=\"nofollow noopener noreferrer\">Impressum<\/a> <a style=\"color: #000000;\" href=\"http:\/\/datenschutz.eu-schwerbehinderung.eu\" target=\"_blank\" rel=\"nofollow noopener noreferrer\">Datenschutz<\/a> <a style=\"color: #000000;\" href=\"http:\/\/agb.eu-schwerbehinderung.eu\" target=\"_blank\" rel=\"nofollow noopener noreferrer\">Nutzungsbedingungen<\/a> <a style=\"color: #000000;\" href=\"https:\/\/www.eu-schwerbehinderung.eu\/index.php\/34-master\/5760-cookie-declaration\" target=\"_blank\" rel=\"noopener\">Datenschutzeinstellung<\/a><\/p>\n","protected":false},"excerpt":{"rendered":"Gr\u00fcne fordern Stopp des R\u00fcckbaus in der EU-Klimapolitik Lesezeit: 1 Minuten Erstellt: 06. Dezember 2025 Die Fraktion B\u00fcndnis&hellip;\n","protected":false},"author":2,"featured_media":626637,"comment_status":"","ping_status":"","sticky":false,"template":"","format":"standard","meta":{"footnotes":""},"categories":[3933],"tags":[331,332,2144,22247,2062,573,548,663,158,3934,3935,22245,22246,1721,76894,141,2013,13,259,1648,4553,80,93,188,62,14,22249,15,22250,1552,9221,16,82222,12,22248,72181,7556,55],"class_list":{"0":"post-626636","1":"post","2":"type-post","3":"status-publish","4":"format-standard","5":"has-post-thumbnail","7":"category-eu","8":"tag-aktuelle-nachrichten","9":"tag-aktuelle-news","10":"tag-barrierefreiheit","11":"tag-behindertenpolitik","12":"tag-behinderung","13":"tag-berichte","14":"tag-eu","15":"tag-europa","16":"tag-europaeische-union","17":"tag-europe","18":"tag-european-union","19":"tag-eus","20":"tag-eus-nachrichten","21":"tag-finanzen","22":"tag-foerdern","23":"tag-gesundheit","24":"tag-gruene","25":"tag-headlines","26":"tag-informationen","27":"tag-inklusion","28":"tag-klimapolitik","29":"tag-kultur","30":"tag-literatur","31":"tag-liveticker","32":"tag-medien","33":"tag-nachrichten","34":"tag-nachrichten-app","35":"tag-news","36":"tag-news-app","37":"tag-newsticker","38":"tag-pflege","39":"tag-politik","40":"tag-rueckbau","41":"tag-schlagzeilen","42":"tag-schwerbehinderung","43":"tag-stopp","44":"tag-teilhabe","45":"tag-wirtschaft"},"share_on_mastodon":{"url":"","error":"Validation failed: Text character limit of 500 exceeded"},"_links":{"self":[{"href":"https:\/\/www.europesays.com\/de\/wp-json\/wp\/v2\/posts\/626636","targetHints":{"allow":["GET"]}}],"collection":[{"href":"https:\/\/www.europesays.com\/de\/wp-json\/wp\/v2\/posts"}],"about":[{"href":"https:\/\/www.europesays.com\/de\/wp-json\/wp\/v2\/types\/post"}],"author":[{"embeddable":true,"href":"https:\/\/www.europesays.com\/de\/wp-json\/wp\/v2\/users\/2"}],"replies":[{"embeddable":true,"href":"https:\/\/www.europesays.com\/de\/wp-json\/wp\/v2\/comments?post=626636"}],"version-history":[{"count":0,"href":"https:\/\/www.europesays.com\/de\/wp-json\/wp\/v2\/posts\/626636\/revisions"}],"wp:featuredmedia":[{"embeddable":true,"href":"https:\/\/www.europesays.com\/de\/wp-json\/wp\/v2\/media\/626637"}],"wp:attachment":[{"href":"https:\/\/www.europesays.com\/de\/wp-json\/wp\/v2\/media?parent=626636"}],"wp:term":[{"taxonomy":"category","embeddable":true,"href":"https:\/\/www.europesays.com\/de\/wp-json\/wp\/v2\/categories?post=626636"},{"taxonomy":"post_tag","embeddable":true,"href":"https:\/\/www.europesays.com\/de\/wp-json\/wp\/v2\/tags?post=626636"}],"curies":[{"name":"wp","href":"https:\/\/api.w.org\/{rel}","templated":true}]}}