{"id":626660,"date":"2025-12-06T03:43:24","date_gmt":"2025-12-06T03:43:24","guid":{"rendered":"https:\/\/www.europesays.com\/de\/626660\/"},"modified":"2025-12-06T03:43:24","modified_gmt":"2025-12-06T03:43:24","slug":"panther-busdeker-erklaert-die-blamage-gegen-dresden","status":"publish","type":"post","link":"https:\/\/www.europesays.com\/de\/626660\/","title":{"rendered":"Panther Busdeker erkl\u00e4rt die Blamage gegen Dresden"},"content":{"rendered":"<p class=\"mb-6 text-xs md:text-m lg:text-l font-serif group-[.font-sans]:font-sans \">\n    Es war ein gebrauchter Abend f\u00fcr alle im Curt-Frenzel-Stadion \u2013 f\u00fcr die AEV-Fans wie f\u00fcr die Panther-Mannschaft. Nach 60 Minuten gab es wie schon nach der N\u00fcrnberg-Pleite Pfiffe gegen das eigene Team. St\u00fcrmer Donald Busdeker, der als einer der wenigen Augsburger Normalform erreichte, machte im Interview nach dem Spielende einen zerknirschten Eindruck. \u201eEhrlich gesagt: Es ist frustrierend. Das war heute einfach nicht genug von uns. Wir als Mannschaft liegen nicht auf einer Wellenl\u00e4nge\u201c, sagte der US-Amerikaner.\n  <\/p>\n<p>            Ein Sieg gegen Dresden war Pflicht \u2013 doch es geriet f\u00fcr die Panther zum Desaster<\/p>\n<p class=\"mb-6 text-xs md:text-m lg:text-l font-serif group-[.font-sans]:font-sans \">\n    Noch w\u00e4hrend die Schlussminuten liefen, verlie\u00dfen etliche Besucher entt\u00e4uscht das Curt-Frenzel-Stadion, um dem Abreise-Stau zu entkommen. Schlie\u00dflich meldete der AEV wie so oft in dieser Saison: ausverkauft mit 6179 Besuchern. Und das an einem eher unbeliebten Spieltermin wie dem Donnerstagabend. Gegen einen eher unattraktiven Gegner wie dem DEL-Schlusslicht Dresden.\n  <\/p>\n<p class=\"mb-6 text-xs md:text-m lg:text-l font-serif group-[.font-sans]:font-sans \">\n    Ein Sieg war Pflicht, so <a href=\"https:\/\/www.augsburger-allgemeine.de\/sport\/aev\/warum-jason-bast-wieder-ein-panther-wird-112919908\" target=\"_self\" class=\"underline \" rel=\"noopener\">hatte es im Vorfeld Trainer Bill Peters formuliert<\/a>. Will man die Play-offs erreichen, wie die Spieler und ihr Coach immer wieder ambitioniert formulieren, m\u00fcssen zu Hause gegen das mit Abstand schw\u00e4chste Team der Deutschen Eishockey Liga drei Punkte her. In Iserlohn hatte es wenige Tage zuvor noch geklappt. Da hatten die Augsburger mit 4:1 einen sicheren Ausw\u00e4rtssieg eingefahren. Das erste Heimspiel gegen den Klub des ehemaligen Publikumslieblings Drew LeBlanc geriet jedoch zum Desaster.\n  <\/p>\n<p>            Doppelschlag der Sachsen im letzten Drittel<\/p>\n<p class=\"mb-6 text-xs md:text-m lg:text-l font-serif group-[.font-sans]:font-sans \">\n    Anfangs lief es noch nach Wunsch. Moritz Elias brachte die Gastgeber mit einem Gl\u00fccksschuss in der 6. Minute mit 1:0 in F\u00fchrung. Der Treffer brachte jedoch keine Sicherheit in die Aktionen. Gegen den mehr als biederen Aufsteiger, der l\u00e4uferische Defizite offenbarte, passten sich die Augsburger dem m\u00e4\u00dfigen Niveau der Partie an. Die Fehlerquote im eigenen Spiel war hoch. Zudem fehlte im Angriff die Geschwindigkeit. Das hat die Mannschaft von Bill Peters im bisherigen Saisonverlauf ausgezeichnet.\n  <\/p>\n<p class=\"mb-6 text-xs md:text-m lg:text-l font-serif group-[.font-sans]:font-sans \">\n    Im letzten Drittel gingen die Sachsen mit einem Doppelschlag mit 3:1 in F\u00fchrung. Donald Busdeker lie\u00df mit seinem Treffer zum 2:3 im \u00dcberzahlspiel kurzzeitig die Hoffnung aufkeimen, dass die Augsburger doch noch die Kurve kriegen. Doch nur 31 Sekunden sp\u00e4ter durfte Ex-Panther Trevor Parkes nach einem der vielen Abwehrfehler alleine auf Garteig zulaufen. Der Kanadier mit deutschem Pass <a href=\"https:\/\/www.augsburger-allgemeine.de\/sport\/aev\/augsburger-panther-verlieren-gegen-del-schlusslicht-dresden-112931240\" target=\"_self\" class=\"underline \" rel=\"noopener\">versenkte den Puck zum 4:2<\/a>.\n  <\/p>\n<p>            \u201eNicht akzeptabel\u201c: AEV-St\u00fcrmer Busdeker wirkt ratlos<\/p>\n<p class=\"mb-6 text-xs md:text-m lg:text-l font-serif group-[.font-sans]:font-sans \">\n    In der Schlussphase nahm Coach Peters fr\u00fchzeitig seinen Torh\u00fcter Michael Garteig zugunsten eines sechsten Feldspielers vom Eis. Die Panther spielten wie Handballer um das Dresdner Tor herum. Mehr als zwei Stangensch\u00fcsse von Busdeker sprangen nicht heraus. Auch Busdeker wirkte ein wenig ratlos angesichts der desolaten Vorstellung: \u201eHeute Abend gibt es nicht viel zu sagen. Jeder ist angefressen, jeder ist frustriert, und wir wissen alle, dass das nicht akzeptabel ist. Da muss man jetzt nicht lange reden.\u201c\n  <\/p>\n<p class=\"mb-6 text-xs md:text-m lg:text-l font-serif group-[.font-sans]:font-sans \">\n    <a href=\"https:\/\/www.augsburger-allgemeine.de\/sport\/torjaeger-blank-ueber-das-ende-der-panther-talfahrt-112903947\" target=\"_self\" class=\"underline \" rel=\"noopener\">In Iserlohn hatte der AEV noch souver\u00e4n <\/a>mit 4:1 gewonnen. \u201eAm Sonntag war ein Schritt nach vorne, heute wieder zwei zur\u00fcck\u201c, sagte Busdeker. Der Au\u00dfen sieht seine Mannschaft seit geraumer Zeit in einem Leistungsloch: \u201eWir spielen nicht so, wie wir uns das vorgenommen haben. Und das zieht sich eigentlich schon seit der L\u00e4nderspielpause im November so durch.\u201c\n  <\/p>\n<p>      <a href=\"https:\/\/www.augsburger-allgemeine.de\/sport\/aev\/der-kopf-ist-die-problemzone-der-augsburger-panther-112933221\" class=\"hidden  &#010;                md:block md:mr-5 md:min-w-[140px]  aspect-photo md:aspect-tv lg:aspect-tv w-fullXXX relative self-start inline overflow-hidden\" target=\"_blank\" rel=\"noopener\"><\/p>\n<p>    <img decoding=\"async\" src=\"https:\/\/images.mgpd.de\/img\/110569101\/crop\/c3_2-w100\/1912242242\/1851426050\/staker00642-05-08-25.jpg\" alt=\"Auf seine Erfahrung kommt es jetzt an: Panther-Trainer Bill Peters.\" title=\"Auf seine Erfahrung kommt es jetzt an: Panther-Trainer Bill Peters.\" class=\"h-full w-full object-cover\"\/><br \/>\n   <\/a><\/p>\n<p class=\"mb-6 text-xs md:text-m lg:text-l font-serif group-[.font-sans]:font-sans \">\n    F\u00fcr einen der wenigen guten Momente hatte Busdeker indirekt gesorgt. Vor dem Er\u00f6ffnungsbully hatte der Klub die Vertragsverl\u00e4ngerung mit dem US-Amerikaner bekannt gegeben. Der 26-J\u00e4hrige, der vor einem Jahr eher als Import-Erg\u00e4nzung geholt worden war und anfangs gar auf der Trib\u00fcne als \u00fcberz\u00e4hliger Ausl\u00e4nder Platz nehmen musste, ist angekommen: \u201eIch liebe die Truppe hier, ich liebe die Stadt, ich liebe die Fans. Es ist f\u00fcr mich wie ein zweites Zuhause geworden. Ich m\u00f6chte hier ein positiver Unterschiedsspieler sein. Der Klub hat viel f\u00fcr mich getan.\u201c Die Gespr\u00e4che mit Sportdirektor Larry Mitchell h\u00e4tten schon bald in der Saison begonnen. \u201eWir haben ziemlich fr\u00fch geredet und ich glaube, von beiden Seiten war schnell klar, dass wir das gerne fr\u00fch fix machen wollen. F\u00fcr mich war das eine einfache Entscheidung, zu bleiben\u201c, sagte der St\u00fcrmer.\n  <\/p>\n<p>            Harter Brocken wartet auf die Panther<\/p>\n<p class=\"mb-6 text-xs md:text-m lg:text-l font-serif group-[.font-sans]:font-sans \">\n    Am Sonntag in Mannheim (Spielbeginn: 16.30 Uhr) wartet eine der besten DEL-Mannschaften auf den AEV. Bis dahin m\u00fcssen die Panther wieder in die Spur finden. Sonst droht das n\u00e4chste Debakel. \u201eWir wissen, wozu wir als Gruppe in der Lage sind \u2013 wir m\u00fcssen nur wieder dahin kommen. Unser Anspruch ist nicht einfach nur, nicht abzusteigen. Daf\u00fcr spielen wir nicht. Wir wollen in die Play-offs, das ist der n\u00e4chste Schritt f\u00fcr uns als Team. Und wir wissen in der Kabine, dass wir das draufhaben\u201c, sagte der entt\u00e4uschte Busdeker und verschwand wieder in der Kabine.\n  <\/p>\n<ul data-module-id=\"DragDropModule\" class=\"flex flex-wrap justify-start group-[.no-bookmarks]:hidden\">\n<li class=\"mb-3 mr-3\">\n    Milan Sako<\/p>\n<p>      Icon Haken im Kreis gesetzt<\/p>\n<p>      Icon Plus im Kreis<\/p>\n<\/li>\n<li class=\"mb-3 mr-3\">\n    Augsburger Panther<\/p>\n<p>      Icon Haken im Kreis gesetzt<\/p>\n<p>      Icon Plus im Kreis<\/p>\n<\/li>\n<li class=\"mb-3 mr-3\">\n    Dresden<\/p>\n<p>      Icon Haken im Kreis gesetzt<\/p>\n<p>      Icon Plus im Kreis<\/p>\n<\/li>\n<\/ul>\n","protected":false},"excerpt":{"rendered":"Es war ein gebrauchter Abend f\u00fcr alle im Curt-Frenzel-Stadion \u2013 f\u00fcr die AEV-Fans wie f\u00fcr die Panther-Mannschaft. Nach&hellip;\n","protected":false},"author":2,"featured_media":626661,"comment_status":"","ping_status":"","sticky":false,"template":"","format":"standard","meta":{"footnotes":""},"categories":[1835],"tags":[96611,28914,144458,148348,3364,2097,29,2386,148349,30,148350,859,147794,148347],"class_list":{"0":"post-626660","1":"post","2":"type-post","3":"status-publish","4":"format-standard","5":"has-post-thumbnail","7":"category-dresden","8":"tag-iserlohn","9":"tag-augsburger-panther","10":"tag-bill-peters","11":"tag-curt-frenzel-stadion","12":"tag-de","13":"tag-del","14":"tag-deutschland","15":"tag-dresden","16":"tag-drew-leblanc","17":"tag-germany","18":"tag-moritz-elias","19":"tag-sachsen","20":"tag-trevor-parkes","21":"tag-wellenlaenge"},"share_on_mastodon":{"url":"https:\/\/pubeurope.com\/@de\/115670562107446680","error":""},"_links":{"self":[{"href":"https:\/\/www.europesays.com\/de\/wp-json\/wp\/v2\/posts\/626660","targetHints":{"allow":["GET"]}}],"collection":[{"href":"https:\/\/www.europesays.com\/de\/wp-json\/wp\/v2\/posts"}],"about":[{"href":"https:\/\/www.europesays.com\/de\/wp-json\/wp\/v2\/types\/post"}],"author":[{"embeddable":true,"href":"https:\/\/www.europesays.com\/de\/wp-json\/wp\/v2\/users\/2"}],"replies":[{"embeddable":true,"href":"https:\/\/www.europesays.com\/de\/wp-json\/wp\/v2\/comments?post=626660"}],"version-history":[{"count":0,"href":"https:\/\/www.europesays.com\/de\/wp-json\/wp\/v2\/posts\/626660\/revisions"}],"wp:featuredmedia":[{"embeddable":true,"href":"https:\/\/www.europesays.com\/de\/wp-json\/wp\/v2\/media\/626661"}],"wp:attachment":[{"href":"https:\/\/www.europesays.com\/de\/wp-json\/wp\/v2\/media?parent=626660"}],"wp:term":[{"taxonomy":"category","embeddable":true,"href":"https:\/\/www.europesays.com\/de\/wp-json\/wp\/v2\/categories?post=626660"},{"taxonomy":"post_tag","embeddable":true,"href":"https:\/\/www.europesays.com\/de\/wp-json\/wp\/v2\/tags?post=626660"}],"curies":[{"name":"wp","href":"https:\/\/api.w.org\/{rel}","templated":true}]}}