{"id":626714,"date":"2025-12-06T04:14:14","date_gmt":"2025-12-06T04:14:14","guid":{"rendered":"https:\/\/www.europesays.com\/de\/626714\/"},"modified":"2025-12-06T04:14:14","modified_gmt":"2025-12-06T04:14:14","slug":"stadionkonzert-von-rockband-2026-in-frankfurt-sofort-ausverkauft","status":"publish","type":"post","link":"https:\/\/www.europesays.com\/de\/626714\/","title":{"rendered":"Stadionkonzert von Rockband 2026 in Frankfurt sofort ausverkauft"},"content":{"rendered":"<ol class=\"id-DonaldBreadcrumb lp_west_breadcrumb id-DonaldBreadcrumb--default\" data-k5a-pos=\"west_breadcrumb\">\n<li class=\"id-Breadcrumb-item\"><a href=\"https:\/\/www.fr.de\/\" class=\"id-Breadcrumb-link\" data-id-ec=\"{\" shn=\"\" textlink=\"\" data-k5a-pos=\"1_startseite\" target=\"_blank\" rel=\"noopener\">Startseite<\/a><\/li>\n<li class=\"id-Breadcrumb-item\"><a href=\"https:\/\/www.fr.de\/frankfurt\/\" class=\"id-Breadcrumb-link\" data-id-ec=\"{\" shn=\"\" textlink=\"\" data-k5a-pos=\"2_frankfurt\" target=\"_blank\" rel=\"noopener\">Frankfurt<\/a><\/li>\n<\/ol>\n<p class=\"id-Story-timestamp id-Story-timestamp--default\">Stand: 06.12.2025, 04:49 Uhr<\/p>\n<p class=\"id-Story-authors id-Story-authors--default\">Von: <a class=\"id-Story-authors-link lp_west_author\" href=\"https:\/\/www.fr.de\/autor\/christoph-sahler-74rluap68.html\" title=\"Zur Autorenseite von Christoph Sahler\" data-id-ec=\"{\" shn=\"\" author-link=\"\" sahler=\"\" data-k5a-pos=\"west_author\" target=\"_blank\" rel=\"noopener\">Christoph Sahler<\/a><\/p>\n<p class=\"id-Story-interactionBar id-Story-interactionBar--default\">DruckenTeilen<\/p>\n<p class=\"id-StoryElement-leadText\">Nach den Toten Hosen und Metallica plant eine weitere Rockband im Deutsche Bank Park in Frankfurt aufzutreten. Im Sommer 2026 ist es soweit.<\/p>\n<p class=\"id-StoryElement-paragraph\"><strong>Update vom Montag, 1. Dezember, 10.38 Uhr:<\/strong> Das ging flott: Am Samstag um 12 Uhr startete der Kartenvorverkauf f\u00fcr das Konzert der B\u00f6hsen Onkelz im Deutsche Bank Park im Juli 2026 (siehe Erstmeldung) sowie f\u00fcr weitere Open-Air-Shows in Deutschland und \u00d6sterreich. Und bereits am Sonntagmorgen vermeldete die Band: \u201eDie ,Mitten Unter Euch\u2018-Tour 2026 in Deutschland ist restlos ausverkauft.\u201c <\/p>\n<p>B\u00f6hse Onkelz \u2013 Vita im \u00dcberblick<\/p>\n<p class=\"id-StoryElement-factBox-paragraph\">Die 1980 gegr\u00fcndete Band begann als Punk-\/Oi!-Gruppe. Ihre fr\u00fche N\u00e4he zur Skinhead-Szene und als rechts interpretierte Texte (Album Der nette Mann indiziert) pr\u00e4gten ihren Ruf. Sp\u00e4ter distanzierten sie sich offiziell vehement von Rechtsextremismus. Trotz dieser Distanzierung und klarer Anti-Rechts-Songs bleibt ihre Historie ein kontroverses Thema, das die Band bis heute begleitet. Sie stiegen zu einer der kommerziell erfolgreichsten deutschen Rockbands auf.<\/p>\n<p class=\"id-StoryElement-paragraph\">Doch schaut man sich die Kommentare unter dem zugeh\u00f6rigen Instagram-Post an, wird schnell klar, dass die Karten bereits nach wenigen Stunden weg waren. Resttickets gibt es Montagvormittag nur noch f\u00fcr das Konzert im Ernst-Happel-Stadion in Wien am 20. Juni 2026.<\/p>\n<p><img decoding=\"async\" class=\"id-RatioPlaceholder-element wv_story_el_image\" src=\"https:\/\/www.europesays.com\/de\/wp-content\/uploads\/2025\/11\/36215523-stephan-weidner-und-die-boehsen-onkelz-gehen-2025-wieder-auf-tour-2NMuYHW5vOBG.jpg\" loading=\"lazy\"   height=\"733\" width=\"1100\" alt=\"Stephan Weidner und die B&#xF6;hsen Onkelz gehen 2025 wieder auf Tour.\"\/>Stephan Weidner und die B\u00f6hsen Onkelz gehen 2026 wieder auf Tour. \u00a9\u00a0ImagoStadionkonzert von Rockband 2026 in Frankfurt \u2013 Vorverkauf l\u00e4uft an<\/p>\n<p class=\"id-StoryElement-paragraph\"><strong>Erstmeldung vom Mittwoch, 26. November, 17.40 Uhr: <\/strong>Frankfurt \u2013 Der <a href=\"https:\/\/www.fr.de\/frankfurt\/frankfurt-2026-ueberblick-festhalle-jahrhunderthalle-stadion-konzerte-zr-93912594.html\" class=\"id-import-Link\" data-id-ec=\"{&quot;sht&quot;:&quot;Container&quot;,&quot;shn&quot;:&quot;Story&quot;,&quot;p&quot;:{&quot;containerType&quot;:&quot;Paragraph&quot;,&quot;displayType&quot;:&quot;Paragraph InlineLink&quot;,&quot;type&quot;:&quot;INLINE_LINK&quot;,&quot;value&quot;:&quot;Konzertsommer 2026&quot;,&quot;variant&quot;:&quot;standardLink&quot;,&quot;sponsored&quot;:false,&quot;linkHref&quot;:&quot;https:\/\/www.fr.de\/frankfurt\/frankfurt-2026-ueberblick-festhalle-jahrhunderthalle-stadion-konzerte-zr-93912594.html&quot;,&quot;storyElementPosition&quot;:15,&quot;storyElementCount&quot;:21}}\" target=\"_blank\" rel=\"noopener\">Konzertsommer 2026<\/a> nimmt immer st\u00e4rker Formen an. Im <a href=\"https:\/\/www.fr.de\/eintracht-frankfurt\/eintracht-frankfurt-deutsche-bank-park-waldstadion-kapazitaet-plaetze-anfahrt-91411449.html\" class=\"id-import-Link\" data-id-ec=\"{&quot;sht&quot;:&quot;Container&quot;,&quot;shn&quot;:&quot;Story&quot;,&quot;p&quot;:{&quot;containerType&quot;:&quot;Paragraph&quot;,&quot;displayType&quot;:&quot;Paragraph InlineLink&quot;,&quot;type&quot;:&quot;INLINE_LINK&quot;,&quot;value&quot;:&quot;Deutsche Bank Park&quot;,&quot;variant&quot;:&quot;standardLink&quot;,&quot;sponsored&quot;:false,&quot;linkHref&quot;:&quot;https:\/\/www.fr.de\/eintracht-frankfurt\/eintracht-frankfurt-deutsche-bank-park-waldstadion-kapazitaet-plaetze-anfahrt-91411449.html&quot;,&quot;storyElementPosition&quot;:15,&quot;storyElementCount&quot;:21}}\" target=\"_blank\" rel=\"noopener\">Deutsche Bank Park<\/a> werden Stars wie Metallica, Helene Fischer, The Weeknd und die Toten Hosen ihre Fans begeistern. Zu diesen Vieren gesellt sich nun eine weitere deutsche Rockband, wie am Mittwoch, 26. November, bekannt wurde.<\/p>\n<p class=\"id-StoryElement-paragraph\">Am 4. Juli soll es so weit sein: Dann f\u00fcllen die B\u00f6hsen Onkelz mal wieder das Waldstadion, nachdem die Band ihrer Heimatstadt auf ihrer letzten Tour lediglich zwei \u201eWarm-up Shows\u201c in der vergleichsweise kleinen Jahrhunderthalle abstattete.<\/p>\n<p>B\u00f6hse Onkelz spielen 2026 wieder im Deutsche Bank Park in Frankfurt<\/p>\n<p class=\"id-StoryElement-paragraph\">Das Stadionkonzert ist Teil der \u201eMitten unter euch\u201c-Tour und f\u00fchrt die Deutschrocker neben <a href=\"https:\/\/www.fr.de\/frankfurt\/\" class=\"id-import-Link\" title=\"Frankfurt\" data-id-ec=\"{&quot;sht&quot;:&quot;Container&quot;,&quot;shn&quot;:&quot;Story&quot;,&quot;p&quot;:{&quot;containerType&quot;:&quot;Paragraph&quot;,&quot;displayType&quot;:&quot;Paragraph InlineLink&quot;,&quot;type&quot;:&quot;INLINE_LINK&quot;,&quot;value&quot;:&quot;Frankfurt&quot;,&quot;variant&quot;:&quot;standardLink&quot;,&quot;sponsored&quot;:false,&quot;linkHref&quot;:&quot;https:\/\/www.fr.de\/frankfurt\/&quot;,&quot;storyElementPosition&quot;:19,&quot;storyElementCount&quot;:21}}\" target=\"_blank\" rel=\"noopener\">Frankfurt<\/a> auch nach N\u00fcrnberg, Leipzig, Wien sowie nach Gelsenkirchen.<\/p>\n<p class=\"id-StoryElement-paragraph\">Der Kartenvorverkauf startet am Samstag, 29. November, um 12 Uhr, wie die Band auf ihrer Homepage und auf Social Media mitteilte.<\/p>\n","protected":false},"excerpt":{"rendered":"Startseite Frankfurt Stand: 06.12.2025, 04:49 Uhr Von: Christoph Sahler DruckenTeilen Nach den Toten Hosen und Metallica plant eine&hellip;\n","protected":false},"author":2,"featured_media":151039,"comment_status":"","ping_status":"","sticky":false,"template":"","format":"standard","meta":{"footnotes":""},"categories":[1772],"tags":[29,214,30,1779,810,215],"class_list":{"0":"post-626714","1":"post","2":"type-post","3":"status-publish","4":"format-standard","5":"has-post-thumbnail","7":"category-musik","8":"tag-deutschland","9":"tag-entertainment","10":"tag-germany","11":"tag-music","12":"tag-musik","13":"tag-unterhaltung"},"share_on_mastodon":{"url":"https:\/\/pubeurope.com\/@de\/115670684226675906","error":""},"_links":{"self":[{"href":"https:\/\/www.europesays.com\/de\/wp-json\/wp\/v2\/posts\/626714","targetHints":{"allow":["GET"]}}],"collection":[{"href":"https:\/\/www.europesays.com\/de\/wp-json\/wp\/v2\/posts"}],"about":[{"href":"https:\/\/www.europesays.com\/de\/wp-json\/wp\/v2\/types\/post"}],"author":[{"embeddable":true,"href":"https:\/\/www.europesays.com\/de\/wp-json\/wp\/v2\/users\/2"}],"replies":[{"embeddable":true,"href":"https:\/\/www.europesays.com\/de\/wp-json\/wp\/v2\/comments?post=626714"}],"version-history":[{"count":0,"href":"https:\/\/www.europesays.com\/de\/wp-json\/wp\/v2\/posts\/626714\/revisions"}],"wp:featuredmedia":[{"embeddable":true,"href":"https:\/\/www.europesays.com\/de\/wp-json\/wp\/v2\/media\/151039"}],"wp:attachment":[{"href":"https:\/\/www.europesays.com\/de\/wp-json\/wp\/v2\/media?parent=626714"}],"wp:term":[{"taxonomy":"category","embeddable":true,"href":"https:\/\/www.europesays.com\/de\/wp-json\/wp\/v2\/categories?post=626714"},{"taxonomy":"post_tag","embeddable":true,"href":"https:\/\/www.europesays.com\/de\/wp-json\/wp\/v2\/tags?post=626714"}],"curies":[{"name":"wp","href":"https:\/\/api.w.org\/{rel}","templated":true}]}}