{"id":626758,"date":"2025-12-06T04:41:35","date_gmt":"2025-12-06T04:41:35","guid":{"rendered":"https:\/\/www.europesays.com\/de\/626758\/"},"modified":"2025-12-06T04:41:35","modified_gmt":"2025-12-06T04:41:35","slug":"bahnstrecke-bielefeld-hannover-die-bahn-bevorzugt-zwei-varianten","status":"publish","type":"post","link":"https:\/\/www.europesays.com\/de\/626758\/","title":{"rendered":"Bahnstrecke Bielefeld-Hannover: Die Bahn bevorzugt zwei Varianten"},"content":{"rendered":"<p>Die Bahn treibt ihre Planungen f\u00fcr den Neubau der Bahnstrecke Bielefeld-Hannover voran. Die vormals zw\u00f6lf m\u00f6glichen Trassenkorridore f\u00fcr diese Strecke wurden nun auf zwei n\u00e4her zu untersuchende Varianten reduziert.<\/p>\n<p>Positive Reaktionen aus der Wirtschaft<\/p>\n<p>Die Industrie- und Handelskammer Ostwestfalen \u00e4u\u00dferte sich dazu positiv. \u201eDamit erreicht das Vorhaben endlich die n\u00e4chste Phase in einem mehrj\u00e4hrigen Planungsprozess\u201c, betont IHK-Gesch\u00e4ftsf\u00fchrer G\u00f6tz D\u00f6rmann.<\/p>\n<p>Kritik von Naturschutzverb\u00e4nden<\/p>\n<p>Kritik kommt von den Naturschutzverb\u00e4nden. Die Bahn plane mit zwei Vorzugsvarianten, die besonders heftig in mehrere \u00e4u\u00dferst sensible Naturschutzbereiche eingreifen, hei\u00dft es von den Natursch\u00fctzern.<\/p>\n","protected":false},"excerpt":{"rendered":"Die Bahn treibt ihre Planungen f\u00fcr den Neubau der Bahnstrecke Bielefeld-Hannover voran. Die vormals zw\u00f6lf m\u00f6glichen Trassenkorridore f\u00fcr&hellip;\n","protected":false},"author":2,"featured_media":626759,"comment_status":"","ping_status":"","sticky":false,"template":"","format":"standard","meta":{"footnotes":""},"categories":[1841],"tags":[1739,1605,3364,29,30,46,148364,953,1209],"class_list":{"0":"post-626758","1":"post","2":"type-post","3":"status-publish","4":"format-standard","5":"has-post-thumbnail","7":"category-bielefeld","8":"tag-bahn","9":"tag-bielefeld","10":"tag-de","11":"tag-deutschland","12":"tag-germany","13":"tag-hannover","14":"tag-industrie-und-handelskammer-ostwestfalen","15":"tag-naturschutz","16":"tag-nordrhein-westfalen"},"share_on_mastodon":{"url":"https:\/\/pubeurope.com\/@de\/115670789970123980","error":""},"_links":{"self":[{"href":"https:\/\/www.europesays.com\/de\/wp-json\/wp\/v2\/posts\/626758","targetHints":{"allow":["GET"]}}],"collection":[{"href":"https:\/\/www.europesays.com\/de\/wp-json\/wp\/v2\/posts"}],"about":[{"href":"https:\/\/www.europesays.com\/de\/wp-json\/wp\/v2\/types\/post"}],"author":[{"embeddable":true,"href":"https:\/\/www.europesays.com\/de\/wp-json\/wp\/v2\/users\/2"}],"replies":[{"embeddable":true,"href":"https:\/\/www.europesays.com\/de\/wp-json\/wp\/v2\/comments?post=626758"}],"version-history":[{"count":0,"href":"https:\/\/www.europesays.com\/de\/wp-json\/wp\/v2\/posts\/626758\/revisions"}],"wp:featuredmedia":[{"embeddable":true,"href":"https:\/\/www.europesays.com\/de\/wp-json\/wp\/v2\/media\/626759"}],"wp:attachment":[{"href":"https:\/\/www.europesays.com\/de\/wp-json\/wp\/v2\/media?parent=626758"}],"wp:term":[{"taxonomy":"category","embeddable":true,"href":"https:\/\/www.europesays.com\/de\/wp-json\/wp\/v2\/categories?post=626758"},{"taxonomy":"post_tag","embeddable":true,"href":"https:\/\/www.europesays.com\/de\/wp-json\/wp\/v2\/tags?post=626758"}],"curies":[{"name":"wp","href":"https:\/\/api.w.org\/{rel}","templated":true}]}}