{"id":626777,"date":"2025-12-06T04:54:12","date_gmt":"2025-12-06T04:54:12","guid":{"rendered":"https:\/\/www.europesays.com\/de\/626777\/"},"modified":"2025-12-06T04:54:12","modified_gmt":"2025-12-06T04:54:12","slug":"so-schoen-ist-das-am-wenigsten-besuchte-land-in-europa-leben-wissen","status":"publish","type":"post","link":"https:\/\/www.europesays.com\/de\/626777\/","title":{"rendered":"So sch\u00f6n ist das am wenigsten besuchte Land in Europa | Leben &#038; Wissen"},"content":{"rendered":"<p><a class=\"skip-content skip-content--link\" href=\"#in-content-skip-link-target-v-0-0\">TTS-Player \u00fcberspringen\u21b5<\/a><a id=\"in-content-skip-link-target-v-0-0\" class=\"skip-content--target-link-hidden skip-content skip-content--target-link\" href=\"#in-content-skip-link-target-v-0-0\">Artikel weiterlesen<\/a><\/p>\n<p><b>Ski fahren im Winter, wandern im Fr\u00fchling, Wein trinken im Herbst und im Sommer der Hitze entfliehen. Und doch gilt es als das am wenigsten besuchte Land Europas: Liechtenstein. <\/b><\/p>\n<p>Wer den Weg hierher findet, entdeckt ein F\u00fcrstentum, das mitten in Europa liegt und dennoch fast unsichtbar bleibt. Zwischen \u00d6sterreich und der Schweiz eingebettet, bietet Liechtenstein eindrucksvolle Berglandschaften, charmante Orte und jede Menge Ruhe. Hier gibt es Natur, Kultur und Erholung pur. Trotzdem verirren sich nur wenige Touristen ins Land. <\/p>\n<p>Kaum Touristen im F\u00fcrstentum<\/p>\n<p>Gerade einmal 101.000 Menschen reisten 2022 nach Liechtenstein, so die <a href=\"https:\/\/www.untourism.int\/tourism-statistics\/tourism-statistics-database\" target=\"_blank\" rel=\"noopener\" class=\"text-link--external text-link\">UN-Welttourismusorganisation (UNWTO)<\/a>. Damit bleibt das kleine F\u00fcrstentum zwischen \u00d6sterreich und der Schweiz Schlusslicht in Europa. Zum Vergleich: Monaco ist mit nur zwei Quadratkilometern Fl\u00e4che noch viel kleiner, hatte aber im selben Jahr 327.000 Touristen.<\/p>\n<p>San Marino mit 61,2 Quadratkilometern lockte 2019 immerhin 111.000 Besucher an. <a href=\"https:\/\/www.bild.de\/themen\/orte\/liechtenstein\/nachrichten-news-fotos-videos-17267206.bild.html\" target=\"_blank\" class=\"text-link\" rel=\"noopener\">Liechtenstein<\/a> dagegen bringt es auf 160,5 Quadratkilometer, doch kaum jemand kommt.<\/p>\n<p>Hotels gibt es kaum<\/p>\n<p>Ein Grund: Tourismus spielt hier keine gro\u00dfe Rolle. Laut <a href=\"https:\/\/www.statistikportal.li\/de\/themen\/wirtschaftsbereiche-und-unternehmen\/tourismus\" target=\"_blank\" rel=\"noopener\" class=\"text-link--external text-link\">Liechtensteinischer Landesverwaltung <\/a>gab es 2019 im ganzen Land nur 33 Hotels, 63 Ferienwohnungen, zwei Campingpl\u00e4tze und eine Jugendherberge. Zusammen: 1357 Betten.<\/p>\n<p>Zum Vergleich: In Monaco stehen allein in 12 Hotels 5528 Betten zur Verf\u00fcgung. Hinzu kommen Ferienwohnungen und Apartments.<\/p>\n<p>Schwierige Anreise<\/p>\n<p>Auch die Erreichbarkeit ist ein Problem, berichtet <a href=\"https:\/\/www.travelbook.de\" target=\"_blank\" rel=\"nofollow noopener\" class=\"text-link--external text-link\">TRAVELBOOK<\/a> (geh\u00f6rt ebenfalls zu Axel Springer). Liechtenstein hat keinen eigenen Flughafen. Am n\u00e4chsten liegen Z\u00fcrich oder Friedrichshafen, von dort dauert es mit dem Auto anderthalb Stunden nach Vaduz.<\/p>\n<p>Mit dem Zug geht es zwar auch, aber umst\u00e4ndlich. Liechtenstein hat nur drei Haltestellen entlang der Strecke von Feldkirch (\u00d6sterreich) nach Buchs (Schweiz). Die Z\u00fcge fahren nicht von einer eigenen Bahn, sondern von den \u00d6sterreichischen Bundesbahnen (\u00d6BB).<\/p>\n<p>Viel Natur, wenig Rummel<\/p>\n<p>Wer sich dennoch auf den Weg macht, erlebt ein vielf\u00e4ltiges Land mit einer reichhaltigen <a href=\"https:\/\/www.bild.de\/themen\/specials\/natur\/news-fotos-videos-17019602.bild.html\" target=\"_blank\" class=\"text-link\" rel=\"noopener\">Natur<\/a>. Liechtenstein liegt am Rhein, umgeben von Bergen, mit mehr als 100 Winzern im Rheintal. \u00dcber Vaduz thront das Schloss, das der F\u00fcrstenfamilie als Wohnsitz dient und nicht \u00f6ffentlich zug\u00e4nglich ist. Die Regierung sitzt im Regierungsgeb\u00e4ude neben der Kathedrale.<\/p>\n<p>Die Hauptstadt selbst ist klein, mit rund 5500 Einwohnern. Ein paar Museen und Kirchen schm\u00fccken das Stadtbild.<\/p>\n<p>Malbun ist das Highlight<\/p>\n<p>Beliebtestes Ziel f\u00fcr <a href=\"https:\/\/www.bild.de\/reise\/startseite\/aktivurlaub\/reise-15478744.bild.html\" class=\"text-link\" target=\"_blank\" rel=\"noopener\">Urlauber<\/a> ist Malbun, rund 1600 Meter hoch gelegen. Im Winter lockt es mit Pisten f\u00fcr Ski und Snowboard, im Sommer mit Wanderwegen durch die Bergwelt.<\/p>\n<p>Mehr Infos und Tipps stellt die offizielle <a href=\"https:\/\/tourismus.li\" rel=\"noopener\" class=\"text-link--external text-link\" target=\"_blank\">Tourismus-Website<\/a> des F\u00fcrstentums bereit.<\/p>\n","protected":false},"excerpt":{"rendered":"TTS-Player \u00fcberspringen\u21b5Artikel weiterlesen Ski fahren im Winter, wandern im Fr\u00fchling, Wein trinken im Herbst und im Sommer der&hellip;\n","protected":false},"author":2,"featured_media":626778,"comment_status":"","ping_status":"","sticky":false,"template":"","format":"standard","meta":{"footnotes":""},"categories":[3933],"tags":[331,332,548,663,158,3934,3935,40622,13,99823,103250,6169,14,15,12,2286,45,631],"class_list":{"0":"post-626777","1":"post","2":"type-post","3":"status-publish","4":"format-standard","5":"has-post-thumbnail","7":"category-eu","8":"tag-aktuelle-nachrichten","9":"tag-aktuelle-news","10":"tag-eu","11":"tag-europa","12":"tag-europaeische-union","13":"tag-europe","14":"tag-european-union","15":"tag-evergreen","16":"tag-headlines","17":"tag-ki-books","18":"tag-ki-travelbook","19":"tag-liechtenstein","20":"tag-nachrichten","21":"tag-news","22":"tag-schlagzeilen","23":"tag-seo-nicht-benutzen","24":"tag-texttospeech","25":"tag-urlaub"},"share_on_mastodon":{"url":"https:\/\/pubeurope.com\/@de\/115670840988607473","error":""},"_links":{"self":[{"href":"https:\/\/www.europesays.com\/de\/wp-json\/wp\/v2\/posts\/626777","targetHints":{"allow":["GET"]}}],"collection":[{"href":"https:\/\/www.europesays.com\/de\/wp-json\/wp\/v2\/posts"}],"about":[{"href":"https:\/\/www.europesays.com\/de\/wp-json\/wp\/v2\/types\/post"}],"author":[{"embeddable":true,"href":"https:\/\/www.europesays.com\/de\/wp-json\/wp\/v2\/users\/2"}],"replies":[{"embeddable":true,"href":"https:\/\/www.europesays.com\/de\/wp-json\/wp\/v2\/comments?post=626777"}],"version-history":[{"count":0,"href":"https:\/\/www.europesays.com\/de\/wp-json\/wp\/v2\/posts\/626777\/revisions"}],"wp:featuredmedia":[{"embeddable":true,"href":"https:\/\/www.europesays.com\/de\/wp-json\/wp\/v2\/media\/626778"}],"wp:attachment":[{"href":"https:\/\/www.europesays.com\/de\/wp-json\/wp\/v2\/media?parent=626777"}],"wp:term":[{"taxonomy":"category","embeddable":true,"href":"https:\/\/www.europesays.com\/de\/wp-json\/wp\/v2\/categories?post=626777"},{"taxonomy":"post_tag","embeddable":true,"href":"https:\/\/www.europesays.com\/de\/wp-json\/wp\/v2\/tags?post=626777"}],"curies":[{"name":"wp","href":"https:\/\/api.w.org\/{rel}","templated":true}]}}