{"id":626822,"date":"2025-12-06T05:19:23","date_gmt":"2025-12-06T05:19:23","guid":{"rendered":"https:\/\/www.europesays.com\/de\/626822\/"},"modified":"2025-12-06T05:19:23","modified_gmt":"2025-12-06T05:19:23","slug":"kreis-esslingen-8-einbrueche-in-zwei-tagen-im-kreis-erneut-einbruch-in-leinfelden-echterdingen-kreis","status":"publish","type":"post","link":"https:\/\/www.europesays.com\/de\/626822\/","title":{"rendered":"Kreis Esslingen: 8 Einbr\u00fcche in zwei Tagen im Kreis \u2013 Erneut Einbruch in Leinfelden-Echterdingen &#8211; Kreis"},"content":{"rendered":"<p>\t\t\t\t\t\t\t\t\t\t\t\t\t\t\t\t\t\t\t\t\t\t\t\t\t\t\t\t\t\t\t\t\t\t\t\t   \t\t\t\t\t \t\t\t\t   \t      \t\t\t\t   <img decoding=\"async\" id=\"article-image\" fetchpriority=\"high\" alt=\"Kreis Esslingen: 8 Einbr\u00fcche in zwei Tagen im Kreis \u2013 Erneut Einbruch in Leinfelden-Echterdingen\" title=\"Kreis Esslingen: 8 Einbr\u00fcche in zwei Tagen im Kreis \u2013 Erneut Einbruch in Leinfelden-Echterdingen\" src=\"https:\/\/www.europesays.com\/de\/wp-content\/uploads\/2025\/12\/media.media.b25f2c94-6f05-477e-ac54-f3ef33137476.original700.jpg\" data-linkto=\"https:\/\/www.esslinger-zeitung.de\/javascript:void(0);\"\/>\t\t\t\t\t\t\t\t\t\t\t\t\t\t\t\t\t\t\t\t\t\t\t\tIn den meisten F\u00e4llen gelangten die Einbrecher gewaltsam \u00fcber aufgebrochene T\u00fcren oder Fenster in die Geb\u00e4ude.\u00a0Foto: imago\/Jochen Tack\t\t\t<\/p>\n<p>Am Mittwoch gab es in Leinfelden-Echterdingen drei Einbr\u00fcche, am Donnerstag noch einen. Am selben Tag brachen auch Diebe in Notzingen in ein Wohnhaus ein.<\/p>\n<p> Erneut ist am Donnerstag in eine Wohnung in <a href=\"https:\/\/www.esslinger-zeitung.de\/thema\/Leinfelden-Echterdingen\" title=\"Leinfelden-Echterdingen\" class=\"art_thema\" target=\"_blank\" rel=\"noopener\">Leinfelden-Echterdingen<\/a> eingebrochen worden. Tags zuvor hatte es laut Polizei bereits drei <a href=\"https:\/\/www.esslinger-zeitung.de\/thema\/Einbr%C3%BCche\" title=\"Einbr\u00fcche\" class=\"art_thema\" target=\"_blank\" rel=\"noopener\">Einbr\u00fcche<\/a> im Stadtteil Stetten gegeben. Laut der Pressestelle des Polizeipr\u00e4sidiums Reutlingen ist ein Unbekannter am Donnerstagabend zwischen 17.35 und 19.45 Uhr in der Kleiststra\u00dfe in eine Wohnung eingedrungen. Dazu habe er eine T\u00fcre aufgebrochen. In der Wohnung habe der Unbekannte auf der Suche nach m\u00f6glichem Diebesgut die Einrichtung durchw\u00fchlt und Bargeld erbeutet. Das Polizeirevier Filderstadt ermittelt nun mit Unterst\u00fctzung von Spurensicherungsexperten der Kriminalpolizei. <\/p>\n<p> Auch in Notzingen waren Einbrecher unterwegs <\/p>\n<p>In Notzingen verschaffte sich ein Einbrecher zwischen 8.30 Uhr und kurz vor 23 Uhr \u00fcber ein aufgebrochenes Fenster Zutritt zu einem Wohnhaus in der Talstra\u00dfe. Auch hier ist laut Polizei die Wohnung durchw\u00fchlt worden. \u00dcber das konkrete Diebesgut liegen der Polizei noch keine Erkenntnisse vor. Kriminaltechniker kamen zur Spurensicherung vor Ort. Das Polizeirevier Kirchheim hat die Ermittlungen aufgenommen.<\/p>\n<p>Sechs Einbr\u00fcche im Kreis <a href=\"https:\/\/www.esslinger-zeitung.de\/thema\/Esslingen\" title=\"Esslingen\" class=\"art_thema\" target=\"_blank\" rel=\"noopener\">Esslingen<\/a> am Mittwoch <\/p>\n<p>Am Mittwoch hatten sich im<a href=\"https:\/\/www.esslinger-zeitung.de\/inhalt.kriminalitaet-sechs-einbrueche-im-kreis-esslingen-an-einem-tag.28398c33-00e3-49c7-9e58-1a68aaa8b2ce.html\" target=\"_blank\" rel=\"noopener\"> Kreis Esslingen insgesamt sechs Einbr\u00fcche<\/a> ereignet: Im Leinfelden-Echterdinger Stadtteil Stetten waren es allein drei in der Kasparswaldstra\u00dfe und dem nahe gelegenen Greutweg. In diesen F\u00e4llen vermutet die Polizei dieselben T\u00e4ter. In K\u00f6ngen erbeuteten Diebe Bargeld aus einem Wohnhaus. In <a href=\"https:\/\/www.esslinger-zeitung.de\/thema\/N%C3%BCrtingen\" title=\"N\u00fcrtingen\" class=\"art_thema\" target=\"_blank\" rel=\"noopener\">N\u00fcrtingen<\/a> gelangten Einbrecher \u00fcber eine aufgehebelte Balkont\u00fcr in ein Mehrfamilienhaus am Enzenhardtplatz. In eine Wohnung im Aichwalder Goetheweg sind die Einbrecher indessen wohl ohne Erfolg eingestiegen. Laut Polizei haben sie dort keine Wertgegenst\u00e4nde gefunden. <\/p>\n","protected":false},"excerpt":{"rendered":"In den meisten F\u00e4llen gelangten die Einbrecher gewaltsam \u00fcber aufgebrochene T\u00fcren oder Fenster in die Geb\u00e4ude.\u00a0Foto: imago\/Jochen Tack&hellip;\n","protected":false},"author":2,"featured_media":626823,"comment_status":"","ping_status":"","sticky":false,"template":"","format":"standard","meta":{"footnotes":""},"categories":[1830],"tags":[148371,1634,3364,29,18988,3439,30,15254,9714,12082,3440,1441],"class_list":{"0":"post-626822","1":"post","2":"type-post","3":"status-publish","4":"format-standard","5":"has-post-thumbnail","7":"category-stuttgart","8":"tag-aichwald","9":"tag-baden-wuerttemberg","10":"tag-de","11":"tag-deutschland","12":"tag-einbrueche","13":"tag-esslingen","14":"tag-germany","15":"tag-kreis-esslingen","16":"tag-leinfelden-echterdingen","17":"tag-nuertingen","18":"tag-polizeibericht-region-stuttgart","19":"tag-stuttgart"},"share_on_mastodon":{"url":"https:\/\/pubeurope.com\/@de\/115670940844728422","error":""},"_links":{"self":[{"href":"https:\/\/www.europesays.com\/de\/wp-json\/wp\/v2\/posts\/626822","targetHints":{"allow":["GET"]}}],"collection":[{"href":"https:\/\/www.europesays.com\/de\/wp-json\/wp\/v2\/posts"}],"about":[{"href":"https:\/\/www.europesays.com\/de\/wp-json\/wp\/v2\/types\/post"}],"author":[{"embeddable":true,"href":"https:\/\/www.europesays.com\/de\/wp-json\/wp\/v2\/users\/2"}],"replies":[{"embeddable":true,"href":"https:\/\/www.europesays.com\/de\/wp-json\/wp\/v2\/comments?post=626822"}],"version-history":[{"count":0,"href":"https:\/\/www.europesays.com\/de\/wp-json\/wp\/v2\/posts\/626822\/revisions"}],"wp:featuredmedia":[{"embeddable":true,"href":"https:\/\/www.europesays.com\/de\/wp-json\/wp\/v2\/media\/626823"}],"wp:attachment":[{"href":"https:\/\/www.europesays.com\/de\/wp-json\/wp\/v2\/media?parent=626822"}],"wp:term":[{"taxonomy":"category","embeddable":true,"href":"https:\/\/www.europesays.com\/de\/wp-json\/wp\/v2\/categories?post=626822"},{"taxonomy":"post_tag","embeddable":true,"href":"https:\/\/www.europesays.com\/de\/wp-json\/wp\/v2\/tags?post=626822"}],"curies":[{"name":"wp","href":"https:\/\/api.w.org\/{rel}","templated":true}]}}