{"id":626824,"date":"2025-12-06T05:20:23","date_gmt":"2025-12-06T05:20:23","guid":{"rendered":"https:\/\/www.europesays.com\/de\/626824\/"},"modified":"2025-12-06T05:20:23","modified_gmt":"2025-12-06T05:20:23","slug":"weihnachten-christbaumverkauf-in-stuttgart-wo-die-tannen-stehen","status":"publish","type":"post","link":"https:\/\/www.europesays.com\/de\/626824\/","title":{"rendered":"Weihnachten: Christbaumverkauf in Stuttgart \u2013 wo die Tannen stehen"},"content":{"rendered":"<p>\t\t\t\t\t\t\t\t\t\t\t\t\t\t\t\t\t\t\t\t\t\t\t\t\t\t\t\t      \t\t            \t\t             \t\t\t\t   \t\t\t\t\t   <img decoding=\"async\" id=\"article-image\" fetchpriority=\"high\" alt=\"Weihnachten: Christbaumverkauf in Stuttgart \u2013 wo die Tannen stehen\" title=\"Weihnachten: Christbaumverkauf in Stuttgart \u2013 wo die Tannen stehen\" src=\"https:\/\/www.europesays.com\/de\/wp-content\/uploads\/2025\/12\/media.media.8a015756-87fc-42e9-a8b8-e29d18c692ff.16x9_700.jpg\" data-linkto=\"https:\/\/www.stuttgarter-nachrichten.de\/javascript:void(0);\"\/>\t\t\t\t\t\t\t\t\t\t\t\t\t\t\t\t\t\t\t\t\t\t\t\t\u00a0\u00a0Foto: IMAGO\/Arnulf Hettrich\t\t\t<\/p>\n<p>Bald schon gibt es in Stuttgart wieder viele kleine Tannenw\u00e4lder mitten in der Stadt: der Verkauf der M\u00e4rkte Stuttgart startet. Wo und wann \u2013 ein \u00dcberblick.<\/p>\n<p>Die M\u00e4rkte <a href=\"https:\/\/www.stuttgarter-nachrichten.de\/thema\/Stuttgart\" title=\"Stuttgart\" class=\"art_thema\" target=\"_blank\" rel=\"noopener\">Stuttgart<\/a> starten schon bald wieder in ihren Christbaumverkauf. An 37 Standorten in der Stadt werden gr\u00f6\u00dfere und kleinere B\u00e4ume schon ab Mittwoch, 10. Dezember, wieder zum Verkauf angeboten.<\/p>\n<p> <a href=\"https:\/\/www.stuttgarter-nachrichten.de\/inhalt.weihnachts-un-kultur-der-fatale-trend-zum-fruehen-christbaum.2653ca46-305a-4426-bb77-a3933292bde4.html\" target=\"_blank\" rel=\"noopener\">Aber wie wichtig ist der Christbaum f\u00fcr die Weihnachtszeit \u00fcberhaupt?<\/a> Wie Zahlen der Statistik-Plattform Statista zeigen, bleibt der Wunsch nach einem Christbaum \u00fcber die Jahre hinweg bemerkenswert stabil: 44 Prozent der Befragten m\u00f6chten einen echten Baum aufstellen, 27 Prozent entscheiden sich f\u00fcr eine k\u00fcnstliche Variante, und lediglich 24 Prozent planen, ganz darauf zu verzichten. Die Verbundenheit mit dem <a href=\"https:\/\/www.stuttgarter-nachrichten.de\/thema\/Weihnachtsbaum\" title=\"Weihnachtsbaum\" class=\"art_thema\" target=\"_blank\" rel=\"noopener\">Weihnachtsbaum<\/a> ist also ungebrochen.<\/p>\n<p>In Stuttgart viele Verkaufsstellen f\u00fcr Weihnachtsb\u00e4ume auf offener Stra\u00dfe   <img decoding=\"async\" loading=\"lazy\" src=\"https:\/\/www.europesays.com\/de\/wp-content\/uploads\/2025\/12\/media.media.8cd00d0e-5497-4e74-b744-45e1315fb1e2.original1024.media.jpeg\"\/>     Eine Kundin bef\u00fchlt die Nadeln einer Nordmanntanne. (Symbolbild)    Foto: dpa\/Pia Bayer    <\/p>\n<p>In Stuttgart werden Weihnachtsb\u00e4ume unter anderem in gro\u00dfen Baum\u00e4rkten oder auch im Discounter angeboten. Auf den Stra\u00dfen sichtbar wird der Verkauf aber vor allem an all jenen Orten, wo die B\u00e4ume auf offener Stra\u00dfe verkauft werden. Die M\u00e4rkte Stuttgart GmbH hat nun eine Liste ver\u00f6ffentlicht, wo das unter anderem der Fall sein wird. <\/p>\n<p>Hier finden Sie alle Orte f\u00fcr den Verkauf der M\u00e4rkte Stuttgart:<\/p>\n<ul>\n<li>Stuttgart-Mitte: Gehweg beim Parkhaus zwischen Leonhardskirche und Katharinenstra\u00dfe <\/li>\n<li>Stuttgart-Mitte: vor der Leonhardskirche<\/li>\n<li>Stuttgart-Mitte: Wilhelmsplatz<\/li>\n<li>Stuttgart-Nord: Doggenburg <\/li>\n<li>Stuttgart-Nord: Schottstra\u00dfe bei der Aussichtsplatte<\/li>\n<li>Stuttgart-Mitte: Eugensplatz <\/li>\n<li>Stuttgart-S\u00fcd: Erwin-Sch\u00f6ttle-Platz <\/li>\n<li>Stuttgart-S\u00fcd: S\u00fcdheimer Platz<\/li>\n<li>Stuttgart-S\u00fcd: Markusplatz<\/li>\n<li>Stuttgart-S\u00fcd: Marienplatz<\/li>\n<li>Stuttgart-Ost: Platz vor dem Bergfriedhof<\/li>\n<li>Stuttgart-Ost: Fu\u00dfg\u00e4ngerbereich vor Geb\u00e4ude Ostendstr.77<\/li>\n<li>Stuttgart-Ost: Sch\u00f6nb\u00fchlstra\u00dfe\/Ecke Ostendstra\u00dfe<\/li>\n<li>Stuttgart-Ost: Urachplatz\/Gr\u00fcnanlage<\/li>\n<li>Stuttgart-Ost: G\u00e4nsheide\/Bubenbad<\/li>\n<li>Stuttgart-West: Feuerseeplatz, Seite Gutenbergstra\u00dfe<\/li>\n<li>Stuttgart-West: Johannesstra\u00dfe 6-18<\/li>\n<li>Stuttgart-West: Anton-Wilhelm-Amo-Platz fr\u00fcher Lerchenplatz<\/li>\n<li>Stuttgart-West: Gr\u00fcnanlage beim Paul-Gerhardt-Platz<\/li>\n<li>Stuttgart-West: Pauluskirche<\/li>\n<li>Bad Cannstatt: Taubenheimstra\u00dfe \/ Ganzhorn Anlage<\/li>\n<li>Bad Cannstatt: Thadd\u00e4us-Troll-Platz<\/li>\n<li>Bad Cannstatt: Bahnhofstra\u00dfe, Fu\u00dfg\u00e4ngerbereich beim Haus Nr. 17<\/li>\n<li>Bad Cannstatt: Heidelberger-\/Altenburger Stra\u00dfe<\/li>\n<li>Botnang: Eltinger-\/Griegstra\u00dfe<\/li>\n<li>Feuerbach: Klagenfurter Stra\u00dfe 25\/Kelterplatz\/Rudolf-Gehring-Platz<\/li>\n<li>Freiberg: Ladenzentrum bei der Wallensteinstra\u00dfe<\/li>\n<li>Freiberg: M\u00f6nchfeldstr.-Balthasar-Neumannstr.<\/li>\n<li>Giebel: Ecke Giebel- und Engelbergstra\u00dfe<\/li>\n<li>Hofen: Parkplatz bei der SSB-Haltestelle Max-Eyth-See<\/li>\n<li>M\u00f6hringen: Hechinger-\/Loh\u00e4cker Stra\u00dfe<\/li>\n<li>M\u00fcllhausen: Arnoldstra\u00dfe<\/li>\n<li>Uhlbach: Uhlbacher Platz<\/li>\n<li>Vaihingen: Vaihinger Markt<\/li>\n<li>Vaihingen: Feuersee<\/li>\n<li>Weilimdorf: gegen\u00fcber L\u00f6wenplatz<\/li>\n<li>Zuffenhausen: Zuffenhausen-Unterl\u00e4nder Str. bei Wassertreppe<\/li>\n<\/ul>\n<p>Die Verkaufszeiten der M\u00e4rkte Stuttgart sind jeweils werktags von 9 bis 18 Uhr; sonntags von 11 bis 18 Uhr und am 24. Dezember von 9 Uhr bis 14 Uhr.<\/p>\n","protected":false},"excerpt":{"rendered":"\u00a0\u00a0Foto: IMAGO\/Arnulf Hettrich Bald schon gibt es in Stuttgart wieder viele kleine Tannenw\u00e4lder mitten in der Stadt: der&hellip;\n","protected":false},"author":2,"featured_media":626825,"comment_status":"","ping_status":"","sticky":false,"template":"","format":"standard","meta":{"footnotes":""},"categories":[1830],"tags":[4657,1634,148372,3364,29,30,1441,141450,85897,12289,126226],"class_list":{"0":"post-626824","1":"post","2":"type-post","3":"status-publish","4":"format-standard","5":"has-post-thumbnail","7":"category-stuttgart","8":"tag-stadtreporter","9":"tag-baden-wuerttemberg","10":"tag-christbaeume","11":"tag-de","12":"tag-deutschland","13":"tag-germany","14":"tag-stuttgart","15":"tag-tannenbaum","16":"tag-textmanager","17":"tag-weihnachten","18":"tag-weihnachtsbaum"},"share_on_mastodon":{"url":"https:\/\/pubeurope.com\/@de\/115670944179491762","error":""},"_links":{"self":[{"href":"https:\/\/www.europesays.com\/de\/wp-json\/wp\/v2\/posts\/626824","targetHints":{"allow":["GET"]}}],"collection":[{"href":"https:\/\/www.europesays.com\/de\/wp-json\/wp\/v2\/posts"}],"about":[{"href":"https:\/\/www.europesays.com\/de\/wp-json\/wp\/v2\/types\/post"}],"author":[{"embeddable":true,"href":"https:\/\/www.europesays.com\/de\/wp-json\/wp\/v2\/users\/2"}],"replies":[{"embeddable":true,"href":"https:\/\/www.europesays.com\/de\/wp-json\/wp\/v2\/comments?post=626824"}],"version-history":[{"count":0,"href":"https:\/\/www.europesays.com\/de\/wp-json\/wp\/v2\/posts\/626824\/revisions"}],"wp:featuredmedia":[{"embeddable":true,"href":"https:\/\/www.europesays.com\/de\/wp-json\/wp\/v2\/media\/626825"}],"wp:attachment":[{"href":"https:\/\/www.europesays.com\/de\/wp-json\/wp\/v2\/media?parent=626824"}],"wp:term":[{"taxonomy":"category","embeddable":true,"href":"https:\/\/www.europesays.com\/de\/wp-json\/wp\/v2\/categories?post=626824"},{"taxonomy":"post_tag","embeddable":true,"href":"https:\/\/www.europesays.com\/de\/wp-json\/wp\/v2\/tags?post=626824"}],"curies":[{"name":"wp","href":"https:\/\/api.w.org\/{rel}","templated":true}]}}