{"id":626851,"date":"2025-12-06T05:36:37","date_gmt":"2025-12-06T05:36:37","guid":{"rendered":"https:\/\/www.europesays.com\/de\/626851\/"},"modified":"2025-12-06T05:36:37","modified_gmt":"2025-12-06T05:36:37","slug":"thomas-gottschalk-an-krebs-erkrankt","status":"publish","type":"post","link":"https:\/\/www.europesays.com\/de\/626851\/","title":{"rendered":"Thomas Gottschalk an Krebs erkrankt"},"content":{"rendered":"<p>Fritz Egner \u00fcber Freundschaft zu Thomas GottschalkWenn Thomas mit jemandem reden will, kann er sich jederzeit bei mir melden<img alt=\"epi_200026378___action_press_highres.jpg\" fetchpriority=\"high\" width=\"940\" height=\"529\" decoding=\"async\" data-nimg=\"1\" class=\"Image-module-scss-module__ad4lTq__image Picture-module-scss-module__qzG4NW__image\" style=\"color:transparent\"   src=\"https:\/\/www.europesays.com\/de\/wp-content\/uploads\/2025\/12\/epi_200026378___action_press_highres.webp.webp\"\/><\/p>\n<p>Fritz Egner (l.) und Thomas Gottschalk verbindet eine tiefe Freundschaft.<\/p>\n<p>action press5. Dezember 2025 um 18:17 Uhr<\/p>\n<p class=\"AnnotatedMarkup-module-scss-module__KC7sFW__paragraph\"><strong>Sie sind TV-Legenden, aber vor allem Freunde!<\/strong><br \/>1978 lernen sich Fritz Egner (76) und Thomas Gottschalk (75) beim Radiosender Bayern 3 kennen. Zusammen pr\u00e4gen sie \u00fcber Jahre das Radio des Bayerischen Rundfunks. Aus Kollegen werden Freunde. Freunde, die seit dieser Woche leider nicht mehr nur die gemeinsame Leidenschaft f\u00fcr Medien verbindet, sondern auch den Kampf gegen die Krankheit Krebs. F\u00fcr RTL.de nimmt sich Fritz Egner Zeit, um \u00fcber diese besondere Freundschaft zu sprechen.<\/p>\n<p>Fritz Egner spricht \u00fcber seinen Freund Thomas Gottschalk<\/p>\n<p class=\"AnnotatedMarkup-module-scss-module__KC7sFW__paragraph\">F\u00fcr Fritz Egner sind es in jeder Hinsicht besondere Zeiten. Der langj\u00e4hrige TV- und Radio-Moderator hat j\u00fcngst seine Autobiografie \u201eMein Leben zwischen Rhythm &amp; Blues\u201c ver\u00f6ffentlicht. In dem Buch blickt Egner auf seine aufregende Zeit beim Radio (vor allem im Bayerischen Rundfunk von 1979 bis 2024) und im Fernsehen (unter anderem \u201eDingsda\u201c von 1985 bis 1994 und 2018 bis 2019) zur\u00fcck. Ein Buch, das gerade Generationen bewegt und nostalgisch werden l\u00e4sst. \u201eIch bin durchaus \u00fcberrascht, weil ich ja in den letzten 20 Jahren mehr Radio als Fernsehen gemacht habe. Dass ich da Interesse bei Menschen auch au\u00dferhalb Bayerns erreichen kann, ist ber\u00fchrend\u201d, freut sich Egner. Auch, weil man ahnen w\u00fcrde, wen man im Radio alles erreicht.<\/p>\n<p><img alt=\"Fritz Egner_Gottschalk.jpg\" fetchpriority=\"auto\" loading=\"lazy\" width=\"940\" height=\"529\" decoding=\"async\" data-nimg=\"1\" class=\"Image-module-scss-module__ad4lTq__image Picture-module-scss-module__qzG4NW__image\" style=\"color:transparent\"   src=\"https:\/\/www.europesays.com\/de\/wp-content\/uploads\/2025\/12\/fritz_gottschalk.webp.webp\"\/><\/p>\n<p>Zigarre rauchend und bestens gelaunt! An den gemeinsamen Abend mit Thomas Gottschalk (r.) und Arnold Schwarzenegger (M.) erinnert sich Fritz Egner bis heute gerne. <\/p>\n<p>Fritz Egner privat<\/p>\n<p class=\"AnnotatedMarkup-module-scss-module__KC7sFW__paragraph\">Im Buch schreibt er unter anderem \u00fcber seine Begegnung mit Box-Legende Muhammad Ali und nat\u00fcrlich auch \u00fcber seinen ersten Kontakt zu <a href=\"https:\/\/www.rtl.de\/themen\/personen\/thomas-gottschalk-t7707.html\" target=\"_self\" rel=\"noopener\">Thomas Gottschalk<\/a>. In einem Interview aus dem Jahre 2018 beschreiben Egner und Gottschalk ihre Verbindung als \u201eechte M\u00e4nnerfreundschaft\u201d. Egner erinnert sich:<strong> \u201eUnsere erste Begegnung m\u00fcsste 1978 gewesen sein. Da hat er mich gemeinsam mit dem damaligen Kollegen J\u00fcrgen Herrmann zu einer Art Radio-Casting-Sendung eingeladen.\u201c <\/strong>Sie wollten damals von ihm ein ganz spezielles Angebot, das er auch schon beim amerikanischen Sender AFN gemacht hatte. Ein Programm, das sich vor allem an eine junge Zielgruppe richtet. \u201eIch glaube, beim Thomas war damals schon der Gedanke: Was er macht, ist nicht schlecht und er ist auch keine Konkurrenz f\u00fcr mich. Er hat mich sehr wohlwollend aufgenommen.\u201c<\/p>\n<p class=\"AnnotatedMarkup-module-scss-module__KC7sFW__paragraph\"><strong>Lese-Tipp: <\/strong><a href=\"https:\/\/www.rtl.de\/sendungen\/denn-sie-wissen-nicht-was-passiert\/thomas-gottschalks-abschiedsshow-wird-eine-grossartige-party-fuer-ihn-id30095597.html\" target=\"_self\" rel=\"noopener\">RTL-Programmchefin Inga Leschek verr\u00e4t Details zu Thomas Gottschalks Abschieds-Show<\/a><\/p>\n<p class=\"AnnotatedMarkup-module-scss-module__KC7sFW__paragraph\">Vor allem aber sind sie sich sofort sympathisch und so entsteht \u00fcber die Jahre eine M\u00e4nnerfreundschaft. \u201eDiese M\u00e4nnerfreundschaft ist vom ersten Moment an auf menschlicher Sympathie aufgebaut und das hat sich \u00fcber die Jahrzehnte auch so gehalten. 2018 nennt ihn Gottschalk in einem gemeinsamen Interview sogar als einen seiner \u201ebesten Freunde\u201c &#8211; etwas, das Egner bis heute freut. <strong>\u201eIch kenne den Thomas von einer ganz anderen Seite. Ich sch\u00e4tze ihn als TV-Moderator nat\u00fcrlich sehr hoch ein, aber der private Thomas ist wirklich ein sehr herzlicher, gro\u00dfz\u00fcgiger und verl\u00e4sslicher Freund.\u201d <\/strong><\/p>\n<p class=\"AnnotatedMarkup-module-scss-module__KC7sFW__paragraph\">Wie verl\u00e4sslich Thomas Gottschalk als Freund ist, zeigt sich f\u00fcr Egner besonders, als er vor 15 Jahren selbst an Prostatakrebs erkrankt. <strong>\u201eDa war er der Erste, der angerufen hat und gesagt hat: Ich steige sofort ins Auto oder in den Flieger und bin bei dir.\u201d Ein Angebot, das er aus R\u00fccksicht auf ihn damals dankend ablehnt. \u201eDas war aber unglaublich und werde ich nie vergessen.\u201d <\/strong>Dar\u00fcber hinaus erinnert er sich gerne an ein gemeinsames Abendessen mit \u201eThommy\u201c und Arnold Schwarzenegger, dass dann eine spannende Wendung nahm, als am Nebentisch pl\u00f6tzlich der amerikanische DJ Casey Kase sa\u00df.<strong> \u201eWir mussten ihm unbedingt die Hand sch\u00fctteln und er hat uns dann auch an seinen Tisch gebeten, was Schwarzenegger gar nicht so toll fand. Aber wir haben da einfach gleich getickt, weil wir Kases Stimme \u00fcber Jahrzehnte kannten. Solche Momente gab es immer wieder.\u201d<\/strong><\/p>\n<p>Video-Tipp: Sohn Roman \u00fcber Gottschalks Krebserkrankung<\/p>\n<p class=\"AnnotatedMarkup-module-scss-module__KC7sFW__paragraph\"><strong>Lese-Tipp: <\/strong><a href=\"https:\/\/www.rtl.de\/sendungen\/denn-sie-wissen-nicht-was-passiert\/zur-abschiedsshow-das-waren-thomas-gottschalks-groesste-tv-momente-id30108884.html\" target=\"_self\" rel=\"noopener\">DAS waren Thomas Gottschalks gr\u00f6\u00dfte TV-Momente<\/a><\/p>\n<p class=\"AnnotatedMarkup-module-scss-module__KC7sFW__paragraph\">Inzwischen sehen sie sich nicht mehr so oft &#8211; zuletzt vor wenigen Wochen auf der Geburtstagsfeier von Musik-Legende Ralph Siegel. Am Sonntag (30. November) erkl\u00e4rte Thomas Gottschalk in Bild, dass er an Krebs erkrankt ist. Von der Krebserkrankung seines Freundes hat Egner wie die meisten aus den Medien erfahren. \u201eIch habe ihn nat\u00fcrlich angerufen und ihm aufs Band gesprochen, aber er hat verst\u00e4ndlicherweise nicht zur\u00fcckgerufen, weil er gerade sicher anderes im Sinne hat. Und ich habe das Gef\u00fchl, dass er von kompetenten Menschen umgeben ist.\u201c<\/p>\n<p class=\"AnnotatedMarkup-module-scss-module__KC7sFW__paragraph\"><strong>Fest steht f\u00fcr Egner aber<\/strong>: So wie sich Gottschalk damals um ihn gek\u00fcmmert hat, so verl\u00e4sslich ist auch Egner f\u00fcr seinen Freund da. <strong>\u201eIch m\u00f6chte mich da jetzt gar nicht vordr\u00e4ngeln. Doch selbstverst\u00e4ndlich bin ich jederzeit offen und da, wenn er jemanden braucht, mit dem er reden will. Er kann sich jederzeit melden.\u201c<\/strong><\/p>\n<p>Anzeige:<\/p>\n<p>Empfehlungen unserer Partner<\/p>\n<p>Egner: Thomas soll bei den Menschen in Erinnerung bleiben, wie er es verdient hat<\/p>\n<p class=\"AnnotatedMarkup-module-scss-module__KC7sFW__paragraph\">Am Samstagabend (6. Dezember) steht Thomas Gottschalk in der Show \u201eDenn sie wissen nicht, was passiert\u201d (20.15 Uhr live bei RTL) zum letzten Mal auf der gro\u00dfen TV-B\u00fchne und feiert seinen Abschied. Ob Freund Fritz Egner dann auch vorm TV sitzt, wei\u00df er noch nicht.<\/p>\n<p class=\"AnnotatedMarkup-module-scss-module__KC7sFW__paragraph\"><strong>Er hat aber einen gro\u00dfen Wunsch: \u201eIch will, dass, wenn er sich vollkommen aus dieser \u00d6ffentlichkeit zur\u00fcckzieht, bei den Leuten so in Erinnerung bleibt, wie er es verdient hat.\u201d<\/strong><\/p>\n<p class=\"AnnotatedMarkup-module-scss-module__KC7sFW__paragraph\">Verwendete Quellen: eigene RTL-Recherche; <a rel=\"noopener noreferrer noFollow\" href=\"https:\/\/www.bild.de\/unterhaltung\/stars-und-leute\/thomas-gottschalk-75-ich-habe-krebs-692c2b8136b2b6845f1be0b1\" target=\"_blank\">bild.de<\/a><\/p>\n","protected":false},"excerpt":{"rendered":"Fritz Egner \u00fcber Freundschaft zu Thomas GottschalkWenn Thomas mit jemandem reden will, kann er sich jederzeit bei mir&hellip;\n","protected":false},"author":2,"featured_media":626852,"comment_status":"","ping_status":"","sticky":false,"template":"","format":"standard","meta":{"footnotes":""},"categories":[1776],"tags":[1801,145221,29,143739,214,148374,30,143737,143738,5276,1802,2045,12,5275,8266,215,143736,145222],"class_list":{"0":"post-626851","1":"post","2":"type-post","3":"status-publish","4":"format-standard","5":"has-post-thumbnail","7":"category-prominente","8":"tag-celebrities","9":"tag-denn-sie-wissen-nicht","10":"tag-deutschland","11":"tag-ems_unterhaltung_stars","12":"tag-entertainment","13":"tag-fritz-egner","14":"tag-germany","15":"tag-klatsch-und-tratsch","16":"tag-promi-news-aktuell","17":"tag-promi-news","18":"tag-prominente","19":"tag-promis","20":"tag-schlagzeilen","21":"tag-star-news","22":"tag-thomas-gottschalk","23":"tag-unterhaltung","24":"tag-vip-news","25":"tag-was-passiert-3455"},"share_on_mastodon":{"url":"https:\/\/pubeurope.com\/@de\/115671006519311556","error":""},"_links":{"self":[{"href":"https:\/\/www.europesays.com\/de\/wp-json\/wp\/v2\/posts\/626851","targetHints":{"allow":["GET"]}}],"collection":[{"href":"https:\/\/www.europesays.com\/de\/wp-json\/wp\/v2\/posts"}],"about":[{"href":"https:\/\/www.europesays.com\/de\/wp-json\/wp\/v2\/types\/post"}],"author":[{"embeddable":true,"href":"https:\/\/www.europesays.com\/de\/wp-json\/wp\/v2\/users\/2"}],"replies":[{"embeddable":true,"href":"https:\/\/www.europesays.com\/de\/wp-json\/wp\/v2\/comments?post=626851"}],"version-history":[{"count":0,"href":"https:\/\/www.europesays.com\/de\/wp-json\/wp\/v2\/posts\/626851\/revisions"}],"wp:featuredmedia":[{"embeddable":true,"href":"https:\/\/www.europesays.com\/de\/wp-json\/wp\/v2\/media\/626852"}],"wp:attachment":[{"href":"https:\/\/www.europesays.com\/de\/wp-json\/wp\/v2\/media?parent=626851"}],"wp:term":[{"taxonomy":"category","embeddable":true,"href":"https:\/\/www.europesays.com\/de\/wp-json\/wp\/v2\/categories?post=626851"},{"taxonomy":"post_tag","embeddable":true,"href":"https:\/\/www.europesays.com\/de\/wp-json\/wp\/v2\/tags?post=626851"}],"curies":[{"name":"wp","href":"https:\/\/api.w.org\/{rel}","templated":true}]}}