{"id":626881,"date":"2025-12-06T05:54:19","date_gmt":"2025-12-06T05:54:19","guid":{"rendered":"https:\/\/www.europesays.com\/de\/626881\/"},"modified":"2025-12-06T05:54:19","modified_gmt":"2025-12-06T05:54:19","slug":"endlich-wochenende-das-koennt-ihr-neben-dem-besuch-auf-dem-weihnachtsmarkt-heute-erleben","status":"publish","type":"post","link":"https:\/\/www.europesays.com\/de\/626881\/","title":{"rendered":"Endlich Wochenende! Das k\u00f6nnt Ihr neben dem Besuch auf dem Weihnachtsmarkt heute erleben"},"content":{"rendered":"<p>Heute noch nichts vor und keine Lust auf Weihnachtsmarkt? Kein Problem! Wir haben noch viele andere Ausflugstipps f\u00fcr Euch in Chemnitz und Umgebung.<\/p>\n<p>Chemnitz &#8211; <b>Heute noch nichts vor und keine Lust auf Weihnachtsmarkt? Kein Problem! Wir haben noch viele andere Ausflugstipps f\u00fcr Euch in <\/b><a href=\"https:\/\/www.tag24.de\/chemnitz\/lokales\" target=\"_blank\" rel=\"noopener\">Chemnitz<\/a><b> und Umgebung.<\/b><\/p>\n<p>    K\u00f6nig Drosselbart<\/p>\n<p><b>Chemnitz &#8211;<\/b> In der Jutta-M\u00fcller-Eissportzentrum (Wittgensdorfer Stra\u00dfe 2a) darf auch in diesem Jahr das Eism\u00e4rchen nicht fehlen. Dabei k\u00f6nnt Ihr Euch nur noch am Samstag \u00fcber &#8222;K\u00f6nig Drosselbart&#8220; freuen. <\/p>\n<p>Die Auff\u00fchrungen finden um 15 und 17.30 Uhr statt. Tickets gibt&#8217;s <a href=\"https:\/\/efcchemnitz.ventiq.io\/de\" target=\"_blank\" rel=\"noopener\" data-vars-href=\"https:\/\/efcchemnitz.ventiq.io\/de\" data-vars->online<\/a> ab 11 Euro.<\/p>\n<p>                        <img decoding=\"async\" class=\"article__img\" alt=\"Dieses Jahr wird das M\u00e4rchen &quot;K\u00f6nig Drosselbart&quot; im Jutta-M\u00fcller-Eissportzentrum aufgef\u00fchrt.\" width=\"951\" height=\"634\" loading=\"lazy\" src=\"https:\/\/www.europesays.com\/de\/wp-content\/uploads\/2025\/12\/zc4kaa746fvhm81o6x0137w4z5jgkbm1.jpg\"  \/><\/p>\n<p>            Dieses Jahr wird das M\u00e4rchen &#8222;K\u00f6nig Drosselbart&#8220; im Jutta-M\u00fcller-Eissportzentrum aufgef\u00fchrt.\u00a0\u00a0\u00a9\u00a0Jutta-M\u00fcller-Eissportzentrum<\/p>\n<p>    Der Nikolaus im Tierpark unterwegs<\/p>\n<p><b>Chemnitz &#8211; <\/b>Das solltet Ihr nicht verpassen: Der Nikolaus besucht am Samstag auch den <a href=\"https:\/\/tierpark-chemnitz.de\" target=\"_blank\" rel=\"noopener\" data-vars-href=\"https:\/\/tierpark-chemnitz.de\" data-vars->Tierpark Chemnitz<\/a> (Nevoigtstra\u00dfe 18). Zwischen 9 und 16 Uhr kann man ihm zwischen den Gehegen begegnen. Und nat\u00fcrlich lassen sich auch an diesem Wochenende sch\u00f6n die Tiere beobachten. <\/p>\n<p>Ge\u00f6ffnet hat der Tierpark im Dezember t\u00e4glich von 9 bis 16 Uhr. Der Eintritt kostet 9,50 Euro, erm\u00e4\u00dfigt 5 Euro.<\/p>\n<p>                        <img decoding=\"async\" class=\"article__img\" alt=\"Der Nikolaus ist am Samstag auch im Tierpark Chemnitz zu Gast. (Archivbild)\" width=\"951\" height=\"634\" loading=\"lazy\" src=\"https:\/\/www.europesays.com\/de\/wp-content\/uploads\/2025\/12\/1qua1sijdypyei95llfnd639z9jwl8p9.jpg\"  \/><\/p>\n<p>            Der Nikolaus ist am Samstag auch im Tierpark Chemnitz zu Gast. (Archivbild)\u00a0\u00a0\u00a9\u00a0Uwe Meinhold<\/p>\n<p>    100 Meter Weihnachten<\/p>\n<p><b>Chemnitz &#8211; <\/b>Auch auf dem <a href=\"https:\/\/lessingundkompanie.buchkatalog.de\/Veranstaltungen\" target=\"_blank\" rel=\"noopener\" data-vars-href=\"https:\/\/lessingundkompanie.buchkatalog.de\/Veranstaltungen\" data-vars->Ka\u00dfberg<\/a> erwartet Euch an diesem Samstag ein Weihnachtsmarkt. Von der Kreuzung Weststra\u00dfe\/Franz-Mehring-Stra\u00dfe bis zur Ecke Rudolf-Marek-Stra\u00dfe gibt es festlich geschm\u00fcckte H\u00e4user und nicht nur kulinarische \u00dcberraschungen zu bestaunen.<\/p>\n<p>Los geht&#8217;s um 13 Uhr.<\/p>\n<p>    Weihnachts-Kopfh\u00f6rer-Disco<\/p>\n<p><b>Chemnitz &#8211;<\/b> Eine &#8222;Silent Disco&#8220; in der &#8222;X-Mas-Edition&#8220; erwartet Euch ab 21.30 Uhr im <a href=\"https:\/\/kraftverkehr-chemnitz.de\" target=\"_blank\" rel=\"noopener\" data-vars-href=\"https:\/\/kraftverkehr-chemnitz.de\" data-vars->Kraftverkehr Chemnitz<\/a> (Fraunhoferstra\u00dfe 60). Dabei kann jeder selbst entscheiden, zu welchem Beat er durch die Nacht tanzt. Die Tracks laufen nicht \u00fcber Lautsprecher, sondern \u00fcber kabellose Kopfh\u00f6rer und man kann zwischen drei Musikkan\u00e4len wechseln. Es gibt Elektro, House &amp; EDM, dann 80er- und 90er-Party Classics sowie Malle-Hits und Schlager, au\u00dferdem Weihnachts-Hits zum Mitsingen. <\/p>\n<p>Der Nikolaus zieht mit seinem Geschenkesack durch die Menge und es gibt eine Santa Selfie Station. Der Dresscode ist weihnachtlich-festlich. Die Tickets gibt&#8217;s ab 12,90 Euro.<\/p>\n<p>                        <img decoding=\"async\" class=\"article__img\" alt=\"Bei der &quot;Silent Disco&quot; h\u00f6rt jeder seine Musik \u00fcber kabellose Kopfh\u00f6rer. (Archivbild)\" width=\"951\" height=\"634\" loading=\"lazy\" src=\"https:\/\/www.europesays.com\/de\/wp-content\/uploads\/2025\/12\/gxby0ax5zvr8ib5e6wnzkz4qd7uv44zu.jpg\"  \/><\/p>\n<p>            Bei der &#8222;Silent Disco&#8220; h\u00f6rt jeder seine Musik \u00fcber kabellose Kopfh\u00f6rer. (Archivbild)\u00a0\u00a0\u00a9\u00a0123rf\/ingfakrapee<\/p>\n<p>    R\u00e4tseljagd<\/p>\n<p><b>Zwickau &#8211; <\/b>Auf &#8222;Mission Mistelzweig&#8220; k\u00f6nnt Ihr am Samstag ab 14 Uhr im <a href=\"https:\/\/www.kunstsammlungen-zwickau.de\/de\/index.php\" target=\"_blank\" rel=\"noopener\" data-vars-href=\"https:\/\/www.kunstsammlungen-zwickau.de\/de\/index.php\" data-vars->Max-Pechstein-Museum im ZwischenRAUM Zwickau<\/a> (Domhof 2) gehen. Denn der magische Mistelzweig, der die Weihnachtsstimmung zum Leuchten bringt, ist weg. Nun gilt es f\u00fcr Familien, knifflige R\u00e4tsel zu l\u00f6sen. Wer in den Kunstwerken die geheimnisvollen Hinweise entdeckt, kann das Weihnachtswunder hoffentlich noch retten. <\/p>\n<p>Die Teilnahme kostet 6 Euro, erm\u00e4\u00dfigt 4,50 Euro.<\/p>\n<p>                        <img decoding=\"async\" class=\"article__img\" alt=\"Begebt Euch auf die &quot;Mission Mistelzweig&quot;. (Symbolbild)\" width=\"951\" height=\"634\" loading=\"lazy\" src=\"https:\/\/www.europesays.com\/de\/wp-content\/uploads\/2025\/12\/o4q4eru95xifbu8sd39haqzo0yl4s0ct.jpg\"  \/><\/p>\n<p>            Begebt Euch auf die &#8222;Mission Mistelzweig&#8220;. (Symbolbild)\u00a0\u00a0\u00a9\u00a0123rf\/enlanda<\/p>\n<p>    Lichterfahrt und Hutzenabend<\/p>\n<p><b>Zwickau &#8211; <\/b>Bereits zum vierten Mal findet die <a href=\"https:\/\/www.facebook.com\/events\/1178927550273282\/?active_tab=about\" target=\"_blank\" rel=\"noopener\" data-vars-href=\"https:\/\/www.facebook.com\/events\/1178927550273282\/?active_tab=about\" data-vars->Lichterfahrt in Zwickau<\/a> statt. Gestartet wird um 17.30 Uhr an der Albert-Funk-Stra\u00dfe in Eckersbach und f\u00fchrt durch P\u00f6hlau und durch Eckersbach. <\/p>\n<p>Dabei freuen sich die Fahrer \u00fcber viele strahlende Gesichter am Stra\u00dfenrand.<\/p>\n<p>Anschlie\u00dfend findet am Gasthof &#8222;Zum Vogelsiedler&#8220; noch ein gem\u00fctlicher Hutzenabend mit Live-Musik, leckeren K\u00f6stlichkeiten und warmen Getr\u00e4nken statt.<\/p>\n<p>                        <img decoding=\"async\" class=\"article__img\" alt=\"Nach einer sch\u00f6nen Lichterfahrt findet am Gasthof &quot;Zum Vogelsiedler&quot; ein Hutzenabend statt.\" width=\"951\" height=\"634\" loading=\"lazy\" src=\"https:\/\/www.europesays.com\/de\/wp-content\/uploads\/2025\/12\/7ev5qxatv08zpp485wjfcc54upqqzojo.jpg\"  \/><\/p>\n<p>            Nach einer sch\u00f6nen Lichterfahrt findet am Gasthof &#8222;Zum Vogelsiedler&#8220; ein Hutzenabend statt.\u00a0\u00a0\u00a9\u00a0Gasthof &#8222;Zum Vogelsiedler&#8220;<\/p>\n<p>    Hutzenohmd im Zoo<\/p>\n<p><b>Aue &#8211; <\/b>Der <a href=\"https:\/\/www.zooderminis.de\/\" target=\"_blank\" rel=\"noopener\" data-vars-href=\"https:\/\/www.zooderminis.de\/\" data-vars->Zoo der Minis<\/a> (Damaschkestra\u00dfe 1) l\u00e4dt zu einem besonderen Weihnachtserlebnis ein. Von 16 bis 19 Uhr verwandelt sich der Zoo in ein Weihnachtsland mit tierischen Begegnungen. <\/p>\n<p>Begleitet die Tierpfleger bei einem abendlichen Spaziergang durch den stimmungsvollen beleuchteten Zoo und freut Euch auf den Besuch vom Weihnachtsmann. Nat\u00fcrlich k\u00f6nnt Ihr Euch auch mit Gl\u00fchwein oder Kinderpunsch aufw\u00e4rmen. <\/p>\n<p>F\u00fcr den regul\u00e4ren Besuch schlie\u00dft der Zoo am Samstag um 15 Uhr.<\/p>\n<p>                        <img decoding=\"async\" class=\"article__img\" alt=\"Im Zoo der Minis weihnachtet es bereits.\" width=\"951\" height=\"634\" loading=\"lazy\" src=\"https:\/\/www.europesays.com\/de\/wp-content\/uploads\/2025\/12\/cr01okebcv1dgmv1prjdq5dhurv2br8x.jpg\"  \/><\/p>\n<p>            Im Zoo der Minis weihnachtet es bereits.\u00a0\u00a0\u00a9\u00a0Hendrik Schmidt\/dpa<\/p>\n<p>    Wie klingt Weihnachten?<\/p>\n<p><b>Reichenbach &#8211;<\/b> Felix R\u00e4uber (41) kann auf gro\u00dfe Erfolge zur\u00fcckblicken. Nicht nur mit seiner Nummer-1-Hit-Band Polarkreis 18. Auch alleine konnte er bereits ein internationales Publikum begeistern. Zudem finden sich Kompositionen von ihm auch in den beliebten Serien &#8222;How to get away with Murder&#8220; und &#8222;Grey&#8217;s Anatomy&#8220;. <\/p>\n<p>Derzeit ist der K\u00fcnstler auf Entdeckungstour und fragt sich an den Abenden &#8222;Wie klingt Weihnachten?&#8220;. Auch in Reichenbach. <\/p>\n<p>Neugierig geworden? Dann schaut im <a href=\"https:\/\/tickets.vibus.de\/00100253000000\/shop\/-\/Reichenbach\/Neuberinhaus\/Gro%c3%9fer_Saal\/Felix_R%c3%a4uber_Wie_klingt_Weihnachten\/-\/vstdetails.aspx?VstKey=10025300000617000&amp;fbclid=IwY2xjawOgIuRleHRuA2FlbQIxMABicmlkETBNc1pIZlBHbWhxc2FCQ1hNc3J0YwZhcHBfaWQQMjIyMDM5MTc4ODIwMDg5MgABHpyMuzOwyONc5LH1BmNLuTG4FpbiR96N8re5TZ13EbslZl1tdyB1NWJyxErv_aem_zr8EMgTzM1rw8nLhRS8ehg\" target=\"_blank\" rel=\"noopener\" data-vars-href=\"https:\/\/tickets.vibus.de\/00100253000000\/shop\/-\/Reichenbach\/Neuberinhaus\/Gro%c3%9fer_Saal\/Felix_R%c3%a4uber_Wie_klingt_Weihnachten\/-\/vstdetails.aspx?VstKey=10025300000617000&amp;fbclid=IwY2xjawOgIuRleHRuA2FlbQIxMABicmlkETBNc1pIZlBHbWhxc2FCQ1hNc3J0YwZhcHBfaWQQMjIyMDM5MTc4ODIwMDg5MgABHpyMuzOwyONc5LH1BmNLuTG4FpbiR96N8re5TZ13EbslZl1tdyB1NWJyxErv_aem_zr8EMgTzM1rw8nLhRS8ehg\" data-vars->Neuberinhaus Reichenbach<\/a> (Weinholdstra\u00dfe 7) vorbei. Tickets gibt es ab 25 Euro.<\/p>\n<p>                        <img decoding=\"async\" class=\"article__img\" alt=\"Felix R\u00e4uber (41) steht nicht nur mit seiner Band Polarkreis 18 auf der B\u00fchne.\" width=\"951\" height=\"634\" loading=\"lazy\" src=\"https:\/\/www.europesays.com\/de\/wp-content\/uploads\/2025\/12\/7ouuk4psjne470x4ky1gqk1y1dt4xezm.jpg\"  \/><\/p>\n<p>            Felix R\u00e4uber (41) steht nicht nur mit seiner Band Polarkreis 18 auf der B\u00fchne.\u00a0\u00a0\u00a9\u00a0Eric M\u00fcnch<\/p>\n<p>    Mega 90er und 2000er Party<\/p>\n<p><b>Annaberg-Buchholz &#8211; <\/b>In der Festhalle Annaberg-Buchholz erwartet Euch am Samstagabend wieder eine riesige <a href=\"https:\/\/www.eventim-light.com\/de\/a\/6705053205a8d6717b35c65d\/e\/68f5192947cac41f4ad52cf4?lang=de&amp;fbclid=IwY2xjawOgI7RleHRuA2FlbQIxMABicmlkETBNc1pIZlBHbWhxc2FCQ1hNc3J0YwZhcHBfaWQQMjIyMDM5MTc4ODIwMDg5MgABHumX0cAz7j1RCybeTnpZKlXS_laa7AkjPiqA6j8QmhzHVAqUwDGgI_f8dgsY_aem_0JqWgLxwy-8a8tP_uL706A\" target=\"_blank\" rel=\"noopener\" data-vars-href=\"https:\/\/www.eventim-light.com\/de\/a\/6705053205a8d6717b35c65d\/e\/68f5192947cac41f4ad52cf4?lang=de&amp;fbclid=IwY2xjawOgI7RleHRuA2FlbQIxMABicmlkETBNc1pIZlBHbWhxc2FCQ1hNc3J0YwZhcHBfaWQQMjIyMDM5MTc4ODIwMDg5MgABHumX0cAz7j1RCybeTnpZKlXS_laa7AkjPiqA6j8QmhzHVAqUwDGgI_f8dgsY_aem_0JqWgLxwy-8a8tP_uL706A\" data-vars->90er- und 2000er-Party<\/a>! Freut Euch auf ein gro\u00dfes Event mit den Venga Deejays und der Comic Dance Crew.<\/p>\n<p>Neben der coolen Musik gibt&#8217;s auch gratis LED-St\u00e4be und Knicklichter sowie viele S\u00fc\u00dfigkeiten, die Euch direkt wieder zur\u00fcck in die 90er katapultieren. <\/p>\n<p>Holt Eure Neonklamotten aus dem Schrank und los geht&#8217;s ab 21 Uhr.<\/p>\n<p><b>TAG24 w\u00fcnscht Euch einen gro\u00dfartigen Samstag!<\/b><\/p>\n<p>Titelfoto: Bildmontage: Jutta-M\u00fcller-Eissportzentrum, Uwe Meinhold, Hendrik Schmidt\/dpa, 123rf\/enlanda<\/p>\n","protected":false},"excerpt":{"rendered":"Heute noch nichts vor und keine Lust auf Weihnachtsmarkt? Kein Problem! Wir haben noch viele andere Ausflugstipps f\u00fcr&hellip;\n","protected":false},"author":2,"featured_media":626882,"comment_status":"","ping_status":"","sticky":false,"template":"","format":"standard","meta":{"footnotes":""},"categories":[1851],"tags":[2770,3364,29,548,663,3934,30,13,14,15,859,12],"class_list":{"0":"post-626881","1":"post","2":"type-post","3":"status-publish","4":"format-standard","5":"has-post-thumbnail","7":"category-chemnitz","8":"tag-chemnitz","9":"tag-de","10":"tag-deutschland","11":"tag-eu","12":"tag-europa","13":"tag-europe","14":"tag-germany","15":"tag-headlines","16":"tag-nachrichten","17":"tag-news","18":"tag-sachsen","19":"tag-schlagzeilen"},"share_on_mastodon":{"url":"https:\/\/pubeurope.com\/@de\/115671080054589117","error":""},"_links":{"self":[{"href":"https:\/\/www.europesays.com\/de\/wp-json\/wp\/v2\/posts\/626881","targetHints":{"allow":["GET"]}}],"collection":[{"href":"https:\/\/www.europesays.com\/de\/wp-json\/wp\/v2\/posts"}],"about":[{"href":"https:\/\/www.europesays.com\/de\/wp-json\/wp\/v2\/types\/post"}],"author":[{"embeddable":true,"href":"https:\/\/www.europesays.com\/de\/wp-json\/wp\/v2\/users\/2"}],"replies":[{"embeddable":true,"href":"https:\/\/www.europesays.com\/de\/wp-json\/wp\/v2\/comments?post=626881"}],"version-history":[{"count":0,"href":"https:\/\/www.europesays.com\/de\/wp-json\/wp\/v2\/posts\/626881\/revisions"}],"wp:featuredmedia":[{"embeddable":true,"href":"https:\/\/www.europesays.com\/de\/wp-json\/wp\/v2\/media\/626882"}],"wp:attachment":[{"href":"https:\/\/www.europesays.com\/de\/wp-json\/wp\/v2\/media?parent=626881"}],"wp:term":[{"taxonomy":"category","embeddable":true,"href":"https:\/\/www.europesays.com\/de\/wp-json\/wp\/v2\/categories?post=626881"},{"taxonomy":"post_tag","embeddable":true,"href":"https:\/\/www.europesays.com\/de\/wp-json\/wp\/v2\/tags?post=626881"}],"curies":[{"name":"wp","href":"https:\/\/api.w.org\/{rel}","templated":true}]}}