{"id":626960,"date":"2025-12-06T06:45:30","date_gmt":"2025-12-06T06:45:30","guid":{"rendered":"https:\/\/www.europesays.com\/de\/626960\/"},"modified":"2025-12-06T06:45:30","modified_gmt":"2025-12-06T06:45:30","slug":"duesseldorf-eurowings-werbung-zu-klimaschutzmassnahmen-irrefuehrend","status":"publish","type":"post","link":"https:\/\/www.europesays.com\/de\/626960\/","title":{"rendered":"D\u00fcsseldorf: Eurowings-Werbung zu Klimaschutzma\u00dfnahmen irref\u00fchrend"},"content":{"rendered":"<p>Urteil des Oberlandesgerichts <\/p>\n<p>Eurowings-Werbung zu CO2-Zahlung f\u00fchrt in die Irre<\/p>\n<p>05.12.2025 &#8211; 16:12 UhrLesedauer: 2 Min.<\/p>\n<p><a href=\"#focus-0\" class=\"transition-colors duration-200 block text-current relative\" data-sctrack=\"FocusGalleryImage.Reference\"><img fetchpriority=\"high\" data-testid=\"Opener.Image\" style=\"--lqipURL:url('https:\/\/images.t-online.de\/2025\/12\/c3PFXbTGFqU0\/0x209:4000x2250\/fit-in\/150x0\/filters:blur(25)\/image.jpg')\"   loading=\"eager\" src=\"https:\/\/www.europesays.com\/de\/wp-content\/uploads\/2025\/12\/1765003530_329_image.jpg\" alt=\"imago images 0838111343\" title=\"imago images 0838111343\" width=\"4000\" height=\"2250\" class=\"bg-[url:var(--lqipURL)] bg-cover bg-center flex h-full w-full max-w-full\" decoding=\"async\"\/><img style=\"--width:32;--height:32\" loading=\"lazy\" src=\"https:\/\/duesseldorf.t-online.de\/s\/paper\/_next\/static\/media\/zoom-in.f7dae02f.svg\" alt=\"Vergr\u00f6\u00dfern des Bildes\" title=\"Vergr\u00f6\u00dfern des Bildes\" class=\"block h-[calc(var(--height)_\/_16_*_1rem)] w-[calc(var(--width)_\/_16_*_1rem)] max-w-none absolute bottom-8 right-8 rounded-4 bg-snow p-8\" decoding=\"async\"\/><\/a><\/p>\n<p>Eurowings-Maschinen am Flughafen D\u00fcsseldorf (Archivbild): Die Airline hat ihre Kunden nach einem Urteil des OLG mit Werbung f\u00fcr Klimaschutzma\u00dfnahmen in die Irre gef\u00fchrt. (Quelle: IMAGO\/Jochen Tack)<\/p>\n<p class=\"font-bold text-18 leading-17\">Das Oberlandesgericht D\u00fcsseldorf stuft die Werbung von Eurowings als irref\u00fchrend ein. Ab 2026 sind solche Aussagen in der EU verboten.<\/p>\n<p class=\"text-18 leading-17\">Das Oberlandesgericht D\u00fcsseldorf hat entschieden, dass die Werbung der Fluggesellschaft Eurowings f\u00fcr Klimaschutzma\u00dfnahmen irref\u00fchrend ist. Die Werbung vermittelte den Kunden laut Gericht den Eindruck, dass sie klimaneutral reisen k\u00f6nnten, obwohl nicht alle Emissionen ausgeglichen werden.<\/p>\n<p class=\"text-18 leading-17\">Diese Entscheidung betrifft eine spezifische Werbeaussage, die laut Gericht den Eindruck erweckt, s\u00e4mtliche klimasch\u00e4dlichen Emissionen eines Fluges w\u00fcrden kompensiert. Kunden konnten ihren Flug mit einem Neun-Euro-Beitrag &#8222;zu hochwertigen Klimaschutzprojekten&#8220; kompensieren, wie es die Airline Gerichtsangaben zufolge bei der Online-Buchung formuliert hatte.<\/p>\n<p class=\"text-18 leading-17\">Aus Sicht des Gerichts f\u00fchrte die Werbung, in der etwa die Passage &#8222;Die Zukunft des CO2-neutralen Fliegens ist nur einen Klick entfernt&#8220; zu lesen war, beim Verbraucher zu der falschen Vorstellung.<\/p>\n<p class=\"text-18 leading-17\">Der Verbraucherzentrale Bundesverband hatte gegen Eurowings geklagt und in der zweiten Instanz teilweise Recht bekommen. Das Gericht stellte klar, dass die Begriffe CO2-neutral und klimaneutral im allgemeinen Sprachgebrauch synonym verwendet werden, was zu Missverst\u00e4ndnissen bei den Verbrauchern f\u00fchren kann. An einer anderen Werbepassage zu nachhaltigen Kraftstoffen hatte das Gericht hingegen nichts zu beanstanden \u2013 deren Wortwahl sei nicht irref\u00fchrend.<\/p>\n<p class=\"text-18 leading-17\">Ab September 2026 wird die Werbung f\u00fcr Klimakompensationszahlungen aufgrund eines neuen EU-Regelwerks verboten. Die EU-Kommission hat angek\u00fcndigt, dass irref\u00fchrende Aussagen zur Neutralisierung von Emissionen durch finanzielle Beitr\u00e4ge nicht mehr zul\u00e4ssig sind.<\/p>\n<p class=\"text-18 leading-17\">Bei Fl\u00fcgen wird die Umwelt durch Treibhausgase und weitere Emissionen stark belastet. Viele Fluggesellschaften bieten bei der Buchung eine Kompensation an \u2013 oft eine finanzielle Unterst\u00fctzung eines Klimaschutzprojektes wie Aufforstung. Das von Kritikern als &#8222;Ablasshandel&#8220; bezeichnete System gilt aber nicht als richtige Kompensation, da nicht der eigene konkrete CO2-Aussto\u00df ausgeglichen, sondern nur allgemein zum Klimaschutz beigetragen wird. F\u00fcr Flugreisende entstehe der Eindruck, sie w\u00fcrden klimaneutral fliegen, so die EU-Kommission vor einem Monat.<\/p>\n<p class=\"text-18 leading-17\">Eurowings und 20 weitere europ\u00e4ische Airlines haben sich bereits verpflichtet, k\u00fcnftig auf solche Aussagen zu verzichten.<\/p>\n","protected":false},"excerpt":{"rendered":"Urteil des Oberlandesgerichts Eurowings-Werbung zu CO2-Zahlung f\u00fchrt in die Irre 05.12.2025 &#8211; 16:12 UhrLesedauer: 2 Min. Eurowings-Maschinen am&hellip;\n","protected":false},"author":2,"featured_media":626961,"comment_status":"","ping_status":"","sticky":false,"template":"","format":"standard","meta":{"footnotes":""},"categories":[1831],"tags":[722,17161,48380,3091,12700,3364,29,3405,548,942,18004,14121,30,148391,3467,1209,176,5775,5777,24827],"class_list":{"0":"post-626960","1":"post","2":"type-post","3":"status-publish","4":"format-standard","5":"has-post-thumbnail","7":"category-duesseldorf","8":"tag-722","9":"tag-17161","10":"tag-48380","11":"tag-airline","12":"tag-co2","13":"tag-de","14":"tag-deutschland","15":"tag-duesseldorf","16":"tag-eu","17":"tag-eu-kommission","18":"tag-eurowings","19":"tag-flughafen-duesseldorf-international","20":"tag-germany","21":"tag-klimaschutzmassnahme","22":"tag-landeshauptstadt","23":"tag-nordrhein-westfalen","24":"tag-nrw","25":"tag-oberlandesgericht","26":"tag-oberlandesgericht-duesseldorf","27":"tag-olg"},"share_on_mastodon":{"url":"https:\/\/pubeurope.com\/@de\/115671278401252897","error":""},"_links":{"self":[{"href":"https:\/\/www.europesays.com\/de\/wp-json\/wp\/v2\/posts\/626960","targetHints":{"allow":["GET"]}}],"collection":[{"href":"https:\/\/www.europesays.com\/de\/wp-json\/wp\/v2\/posts"}],"about":[{"href":"https:\/\/www.europesays.com\/de\/wp-json\/wp\/v2\/types\/post"}],"author":[{"embeddable":true,"href":"https:\/\/www.europesays.com\/de\/wp-json\/wp\/v2\/users\/2"}],"replies":[{"embeddable":true,"href":"https:\/\/www.europesays.com\/de\/wp-json\/wp\/v2\/comments?post=626960"}],"version-history":[{"count":0,"href":"https:\/\/www.europesays.com\/de\/wp-json\/wp\/v2\/posts\/626960\/revisions"}],"wp:featuredmedia":[{"embeddable":true,"href":"https:\/\/www.europesays.com\/de\/wp-json\/wp\/v2\/media\/626961"}],"wp:attachment":[{"href":"https:\/\/www.europesays.com\/de\/wp-json\/wp\/v2\/media?parent=626960"}],"wp:term":[{"taxonomy":"category","embeddable":true,"href":"https:\/\/www.europesays.com\/de\/wp-json\/wp\/v2\/categories?post=626960"},{"taxonomy":"post_tag","embeddable":true,"href":"https:\/\/www.europesays.com\/de\/wp-json\/wp\/v2\/tags?post=626960"}],"curies":[{"name":"wp","href":"https:\/\/api.w.org\/{rel}","templated":true}]}}