{"id":627021,"date":"2025-12-06T07:23:11","date_gmt":"2025-12-06T07:23:11","guid":{"rendered":"https:\/\/www.europesays.com\/de\/627021\/"},"modified":"2025-12-06T07:23:11","modified_gmt":"2025-12-06T07:23:11","slug":"mann-rettet-sich-mit-sprung-aus-fenster-und-verletzt-sich-schwer","status":"publish","type":"post","link":"https:\/\/www.europesays.com\/de\/627021\/","title":{"rendered":"Mann rettet sich mit Sprung aus Fenster und verletzt sich schwer"},"content":{"rendered":"<p class=\"bold\">\n\t\t\t\t\t\t\t\t\t\tSchwerer Wohnungsbrand in Chemnitz: Die Feuerwehr rettet einen Mann mit der Drehleiter. Ein weiterer springt aus dem Fenster. Beide landen im Krankenhaus.\t\t\t\t<\/p>\n<p>\t\t\t\t Wegen eines Wohnungsbrandes mussten Polizei und Feuerwehr in der Nacht zum Samstag in den Chemnitzer Stadtteil Sch\u00f6nau ausr\u00fccken. In der dortigen Bahnstra\u00dfe war gegen 23 Uhr in einem Mehrfamilienhaus ein Wohnungsbrand ausgebrochen. In der betroffenen Wohnung waren zwei M\u00e4nner zugegen. Einer von ihnen (28 Jahre alt) brachte sich auf dem Balkon&#8230;<\/p>\n<p>\t\t<img decoding=\"async\" class=\"fp-plus-logo\" src=\"https:\/\/www.freiepresse.de\/img\/fpplus.svg\" alt=\"Freie Presse plus Logo\"\/><\/p>\n<p>Registrieren und testen.<\/p>\n<p>Jetzt mit Ihrer Registrierung 1 Monat gratis testen und alle Beitr\u00e4ge lesen.<\/p>\n<p>Schon Abonnent? Melden Sie sich mit ihren Zugangsdaten an.<\/p>\n","protected":false},"excerpt":{"rendered":"Schwerer Wohnungsbrand in Chemnitz: Die Feuerwehr rettet einen Mann mit der Drehleiter. Ein weiterer springt aus dem Fenster.&hellip;\n","protected":false},"author":2,"featured_media":627022,"comment_status":"","ping_status":"","sticky":false,"template":"","format":"standard","meta":{"footnotes":""},"categories":[1851],"tags":[23561,2770,3364,29,548,663,3934,30,13,14,15,859,12],"class_list":{"0":"post-627021","1":"post","2":"type-post","3":"status-publish","4":"format-standard","5":"has-post-thumbnail","7":"category-chemnitz","8":"tag-braende-havarien-hilfeleistungen","9":"tag-chemnitz","10":"tag-de","11":"tag-deutschland","12":"tag-eu","13":"tag-europa","14":"tag-europe","15":"tag-germany","16":"tag-headlines","17":"tag-nachrichten","18":"tag-news","19":"tag-sachsen","20":"tag-schlagzeilen"},"share_on_mastodon":{"url":"https:\/\/pubeurope.com\/@de\/115671428810538093","error":""},"_links":{"self":[{"href":"https:\/\/www.europesays.com\/de\/wp-json\/wp\/v2\/posts\/627021","targetHints":{"allow":["GET"]}}],"collection":[{"href":"https:\/\/www.europesays.com\/de\/wp-json\/wp\/v2\/posts"}],"about":[{"href":"https:\/\/www.europesays.com\/de\/wp-json\/wp\/v2\/types\/post"}],"author":[{"embeddable":true,"href":"https:\/\/www.europesays.com\/de\/wp-json\/wp\/v2\/users\/2"}],"replies":[{"embeddable":true,"href":"https:\/\/www.europesays.com\/de\/wp-json\/wp\/v2\/comments?post=627021"}],"version-history":[{"count":0,"href":"https:\/\/www.europesays.com\/de\/wp-json\/wp\/v2\/posts\/627021\/revisions"}],"wp:featuredmedia":[{"embeddable":true,"href":"https:\/\/www.europesays.com\/de\/wp-json\/wp\/v2\/media\/627022"}],"wp:attachment":[{"href":"https:\/\/www.europesays.com\/de\/wp-json\/wp\/v2\/media?parent=627021"}],"wp:term":[{"taxonomy":"category","embeddable":true,"href":"https:\/\/www.europesays.com\/de\/wp-json\/wp\/v2\/categories?post=627021"},{"taxonomy":"post_tag","embeddable":true,"href":"https:\/\/www.europesays.com\/de\/wp-json\/wp\/v2\/tags?post=627021"}],"curies":[{"name":"wp","href":"https:\/\/api.w.org\/{rel}","templated":true}]}}