{"id":627278,"date":"2025-12-06T09:56:15","date_gmt":"2025-12-06T09:56:15","guid":{"rendered":"https:\/\/www.europesays.com\/de\/627278\/"},"modified":"2025-12-06T09:56:15","modified_gmt":"2025-12-06T09:56:15","slug":"prinzessin-kate-setzt-ein-funkelndes-zeichen","status":"publish","type":"post","link":"https:\/\/www.europesays.com\/de\/627278\/","title":{"rendered":"Prinzessin Kate setzt ein funkelndes Zeichen"},"content":{"rendered":"<ol class=\"id-DonaldBreadcrumb lp_west_breadcrumb id-DonaldBreadcrumb--default\" data-k5a-pos=\"west_breadcrumb\">\n<li class=\"id-Breadcrumb-item\"><a href=\"https:\/\/www.merkur.de\/\" class=\"id-Breadcrumb-link\" data-id-ec=\"{\" shn=\"\" textlink=\"\" data-k5a-pos=\"1_startseite\" target=\"_blank\" rel=\"noopener\">Startseite<\/a><\/li>\n<li class=\"id-Breadcrumb-item\"><a href=\"https:\/\/www.merkur.de\/boulevard\/\" class=\"id-Breadcrumb-link\" data-id-ec=\"{\" shn=\"\" textlink=\"\" tv=\"\" data-k5a-pos=\"2_starsTv\" target=\"_blank\" rel=\"noopener\">Stars &amp; TV<\/a><\/li>\n<\/ol>\n<p class=\"id-Story-timestamp id-Story-timestamp--default\">Stand: 06.12.2025, 04:45 Uhr<\/p>\n<p class=\"id-Story-authors id-Story-authors--default\">Von: <a class=\"id-Story-authors-link lp_west_author\" href=\"https:\/\/www.merkur.de\/autor\/susanne-kroeber-74r0oarfd.html\" title=\"Zur Autorenseite von Susanne Kr&#xF6;ber\" data-id-ec=\"{\" shn=\"\" author-link=\"\" kr=\"\" data-k5a-pos=\"west_author\" target=\"_blank\" rel=\"noopener\">Susanne Kr\u00f6ber<\/a><\/p>\n<p class=\"id-Story-interactionBar id-Story-interactionBar--default\">DruckenTeilen<\/p>\n<p class=\"id-StoryElement-leadText\">Prinzessin Kate brilliert mit historischer Tiara beim Empfang des deutschen Bundespr\u00e4sidenten \u2013 ihre Schmuckwahl enth\u00e4lt eine bedeutungsvolle Botschaft.<\/p>\n<p class=\"id-StoryElement-paragraph\">Windsor \u2013 <a href=\"https:\/\/www.merkur.de\/boulevard\/kate-middleton-per36892\/\" target=\"_blank\" class=\"id-import-Link\" data-id-ec=\"{&quot;sht&quot;:&quot;Container&quot;,&quot;shn&quot;:&quot;Story&quot;,&quot;p&quot;:{&quot;containerType&quot;:&quot;Paragraph&quot;,&quot;displayType&quot;:&quot;Paragraph InlineLink&quot;,&quot;type&quot;:&quot;INLINE_LINK&quot;,&quot;value&quot;:&quot;Prinzessin Kate&quot;,&quot;variant&quot;:&quot;standardLink&quot;,&quot;sponsored&quot;:false,&quot;linkHref&quot;:&quot;https:\/\/www.merkur.de\/boulevard\/kate-middleton-per36892\/&quot;,&quot;storyElementPosition&quot;:8,&quot;storyElementCount&quot;:18}}\" rel=\"noopener\">Prinzessin Kate<\/a> (43) sorgt beim Staatsbankett f\u00fcr Bundespr\u00e4sident Frank-Walter Steinmeier (69) und dessen Ehefrau Elke B\u00fcdenbender (63) auf Schloss Windsor f\u00fcr einen glanzvollen Auftritt. Die Prinzessin von Wales erscheint in einem hellblauen Pailletten-Cape-Kleid von Jenny Packham, gekr\u00f6nt wird ihr Auftritt an Prinz Williams (43) Seite von einem au\u00dfergew\u00f6hnlichen Schmuckst\u00fcck: Queen Victorias (81, \u2020 1901) Oriental Circlet Tiara. Wie die britische Tageszeitung Daily Mail berichtet, ist es das erste Mal, dass Prinzessin Kate dieses historische Diadem tr\u00e4gt \u2013 und das erste Mal seit 18 Jahren, dass es \u00fcberhaupt \u00f6ffentlich zu sehen ist.<\/p>\n<p><img decoding=\"async\" class=\"id-RatioPlaceholder-element wv_story_el_image\" src=\"https:\/\/www.europesays.com\/de\/wp-content\/uploads\/2025\/12\/40697460-prinz-william-und-prinzessin-kate-beim-staatsbankett-auf-schloss-windsor-zu-ehren-des-deuts.jpeg\" loading=\"lazy\"   height=\"733\" width=\"1100\" alt=\"Prinz William und Prinzessin Kate beim Staatsbankett auf Schloss Windsor zu Ehren des deutschen Bundespr&#xE4;sidenten.\"\/>Beim Staatsbankett auf Schloss Windsor trug Prinzessin Kate eine ganz besondere Tiara \u2013 zum ersten Mal. \u00a9\u00a0IMAGO\/Avalon.red<\/p>\n<p class=\"id-StoryElement-paragraph\">Die Tiara wurde 1853 vom Londoner Juwelier Garrard unter der Leitung von Prinz Albert (42, \u2020 1861), dem Gemahl von Queen Victoria, geschaffen. Das prachtvolle, von Indien inspirierte Schmuckst\u00fcck mit Lotusblumen und Mughalb\u00f6gen ist mit 2.600 Diamanten besetzt und z\u00e4hlt zu den bedeutendsten viktorianischen Juwelen der k\u00f6niglichen Sammlung. Die Wahl des Diadems f\u00fcr den deutschen Staatsbesuch gilt als bewusster Gru\u00df an die G\u00e4ste, denn Prinz Albert stammte aus Deutschland. Wie die britische Boulevardzeitung Express schreibt, ist Prinzessin Kates Entscheidung, die Tiara zu deb\u00fctieren, ein besonders bedeutsamer Mode-Moment.<\/p>\n<p>Prinzessin Kate tr\u00e4gt zum ersten Mal die prachtvolle Oriental Circlet Tiara mit deutscher Geschichte<\/p>\n<p class=\"id-StoryElement-paragraph\">Queen Elizabeth II. (96, \u2020 2022) trug die Oriental Circlet Tiara laut Garrard nur ein einziges Mal \u2013 bei einem Bankett in Malta im Jahr 2005. Zuvor war das Diadem ein Lieblingsst\u00fcck ihrer Mutter, der Queen Mother (101, \u2020 2002), die es w\u00e4hrend der Regentschaft ihres Mannes K\u00f6nig George VI. (56, \u2020 1952) regelm\u00e4\u00dfig trug. Urspr\u00fcnglich war die Tiara mit Opalen besetzt, doch Queen Consort Alexandra (80, \u2020 1925) lie\u00df diese 1902 durch Rubine ersetzen, da sie Opale f\u00fcr Ungl\u00fccksbringer hielt.<\/p>\n<p class=\"id-StoryElement-paragraph\">Prinzessin Kate kombiniert zu dem Diadem Ohrringe aus dem Nachlass von Queen Elizabeth II. sowie den Royal Family Order und die Sch\u00e4rpe des Royal Victorian Order. An ihrer Seite erscheinen Prinz William, K\u00f6nig Charles (77) und K\u00f6nigin Camilla (78), die zur Girls of Great Britain and Northern Ireland Tiara greift \u2013 einem der bekanntesten Diademe der verstorbenen Queen. Auch Prinzessin Anne (75) mit Ehemann Sir Tim Laurence (70), Prinz Edward (61) und Herzogin Sophie (60) sowie der Herzog (81) und die Herzogin von Gloucester (79) nehmen am festlichen Bankett teil, wie die britische Boulevardzeitung Daily Mirror meldet.<\/p>\n<p>Prinzessin Kates \u201eTrooping the Colour\u201c-Outfits von 2011 bis heute<img decoding=\"async\" class=\"id-RatioPlaceholder-element wv_story_el_interstitialImage\" src=\"https:\/\/www.europesays.com\/de\/wp-content\/uploads\/2025\/06\/38615836-prinzessin-kate-bei-trooping-the-colour-2Wfe.jpg\" loading=\"lazy\"   height=\"2160\" width=\"3240\" alt=\"Prinzessin Kate bei &#x201E;Trooping the Colour&#x201C;.\"\/><a href=\"https:\/\/www.merkur.de\/boulevard\/bis-heute-prinzessin-kates-trooping-the-colour-outfits-von-2011-zr-93788135.html\" class=\"id-StoryElement-intestitialLink-link\" data-id-ec=\"{\" shn=\"\" ansehen=\"\" data-k5a-pos=\"west_story_16_photoGalleryLink\" title=\"Zur Fotostrecke: Prinzessin Kates &#x201E;Trooping the Colour&#x201C;-Outfits von 2011 bis heute\" target=\"_blank\" rel=\"noopener\">Fotostrecke ansehen<\/a><\/p>\n<p class=\"id-StoryElement-paragraph\">In seiner Rede <a href=\"https:\/\/www.merkur.de\/boulevard\/autoindustrie-beim-staatsbankett-mit-bundespraesident-steinmeier-koenig-charles-witzelt-ueber-deutsche-zr-94068144.html\" class=\"id-import-Link\" data-id-ec=\"{&quot;sht&quot;:&quot;Container&quot;,&quot;shn&quot;:&quot;Story&quot;,&quot;p&quot;:{&quot;containerType&quot;:&quot;Paragraph&quot;,&quot;displayType&quot;:&quot;Paragraph InlineLink&quot;,&quot;type&quot;:&quot;INLINE_LINK&quot;,&quot;value&quot;:&quot;hebt K&#xF6;nig Charles die jahrhundertelangen Beziehungen zwischen Gro&#xDF;britannien und Deutschland hervor und scherzt &#xFC;ber die deutsche Automobilindustrie&quot;,&quot;variant&quot;:&quot;standardLink&quot;,&quot;sponsored&quot;:false,&quot;linkHref&quot;:&quot;https:\/\/www.merkur.de\/boulevard\/autoindustrie-beim-staatsbankett-mit-bundespraesident-steinmeier-koenig-charles-witzelt-ueber-deutsche-zr-94068144.html&quot;,&quot;storyElementPosition&quot;:18,&quot;storyElementCount&quot;:18}}\" target=\"_blank\" rel=\"noopener\">hebt K\u00f6nig Charles die jahrhundertelangen Beziehungen zwischen Gro\u00dfbritannien und Deutschland hervor und scherzt \u00fcber die deutsche Automobilindustrie<\/a>. \u201eSelbst die angesehenen Vertreter der deutschen Automobilindustrie hier heute Abend h\u00e4tten Sie, Herr Bundespr\u00e4sident, mit Ehrfurcht betrachtet, als Sie heute Nachmittag im komfortabelsten und emissions\u00e4rmsten Fahrzeug der Welt reisten: der von Pferden gezogenen k\u00f6niglichen Kutsche\u201c, sagt Charles laut Daily Mail. <strong>Verwendete Quellen:<\/strong> mirror.co.uk, dailymail.co.uk, express.co.uk, garrard.com<\/p>\n","protected":false},"excerpt":{"rendered":"Startseite Stars &amp; TV Stand: 06.12.2025, 04:45 Uhr Von: Susanne Kr\u00f6ber DruckenTeilen Prinzessin Kate brilliert mit historischer Tiara&hellip;\n","protected":false},"author":2,"featured_media":627279,"comment_status":"","ping_status":"","sticky":false,"template":"","format":"standard","meta":{"footnotes":""},"categories":[1776],"tags":[1801,29,214,30,1802,215],"class_list":{"0":"post-627278","1":"post","2":"type-post","3":"status-publish","4":"format-standard","5":"has-post-thumbnail","7":"category-prominente","8":"tag-celebrities","9":"tag-deutschland","10":"tag-entertainment","11":"tag-germany","12":"tag-prominente","13":"tag-unterhaltung"},"share_on_mastodon":{"url":"https:\/\/pubeurope.com\/@de\/115672029460711408","error":""},"_links":{"self":[{"href":"https:\/\/www.europesays.com\/de\/wp-json\/wp\/v2\/posts\/627278","targetHints":{"allow":["GET"]}}],"collection":[{"href":"https:\/\/www.europesays.com\/de\/wp-json\/wp\/v2\/posts"}],"about":[{"href":"https:\/\/www.europesays.com\/de\/wp-json\/wp\/v2\/types\/post"}],"author":[{"embeddable":true,"href":"https:\/\/www.europesays.com\/de\/wp-json\/wp\/v2\/users\/2"}],"replies":[{"embeddable":true,"href":"https:\/\/www.europesays.com\/de\/wp-json\/wp\/v2\/comments?post=627278"}],"version-history":[{"count":0,"href":"https:\/\/www.europesays.com\/de\/wp-json\/wp\/v2\/posts\/627278\/revisions"}],"wp:featuredmedia":[{"embeddable":true,"href":"https:\/\/www.europesays.com\/de\/wp-json\/wp\/v2\/media\/627279"}],"wp:attachment":[{"href":"https:\/\/www.europesays.com\/de\/wp-json\/wp\/v2\/media?parent=627278"}],"wp:term":[{"taxonomy":"category","embeddable":true,"href":"https:\/\/www.europesays.com\/de\/wp-json\/wp\/v2\/categories?post=627278"},{"taxonomy":"post_tag","embeddable":true,"href":"https:\/\/www.europesays.com\/de\/wp-json\/wp\/v2\/tags?post=627278"}],"curies":[{"name":"wp","href":"https:\/\/api.w.org\/{rel}","templated":true}]}}