{"id":627321,"date":"2025-12-06T10:21:11","date_gmt":"2025-12-06T10:21:11","guid":{"rendered":"https:\/\/www.europesays.com\/de\/627321\/"},"modified":"2025-12-06T10:21:11","modified_gmt":"2025-12-06T10:21:11","slug":"nico-santos-beatsteaks-und-blond-als-erste-headliner-bestaetigt","status":"publish","type":"post","link":"https:\/\/www.europesays.com\/de\/627321\/","title":{"rendered":"Nico Santos, Beatsteaks und Blond als erste Headliner best\u00e4tigt"},"content":{"rendered":"<p class=\"mb-6 text-xs md:text-m lg:text-l font-serif group-[.font-sans]:font-sans \">\n    Fr\u00fchzeitige Bescherung f\u00fcr alle Festivalfans: \u201e<a href=\"https:\/\/www.ka-news.de\/karlsruhe\/freizeit-und-veranstaltungen\/das-fest-karlsruhe-verkuendet-ersten-headliner-fuer-2026-5-12-25-112907461\" target=\"_self\" class=\"underline \" rel=\"noopener\">DAS FEST<\/a>\u201c 2026 (23. bis 26. Juli) hat zum Nikolaustag seine ersten drei Topacts bekannt gegeben. Mit Nico Santos, den Beatsteaks und Blond pr\u00e4sentiert das Karlsruher Festival ein hochkar\u00e4tiges Trio, das die Vorfreude auf den kommenden Festivalsommer kr\u00e4ftig anheizt.\n  <\/p>\n<p class=\"mb-6 text-xs md:text-m lg:text-l font-serif group-[.font-sans]:font-sans \">\n    Die Ank\u00fcndigung erfolgte am 6. Dezember im Rahmen der laufenden Adventskampagne unter dem Motto \u201eDAS wird ein FEST! Das sch\u00f6nste Geschenk: gemeinsam feiern!\u201c. Seit dem 1. Dezember werden t\u00e4glich \u00dcberraschungen im digitalen \u201eDAS FEST\u201c-Adventskalender ver\u00f6ffentlicht \u2013 doch T\u00fcrchen Nummer 6 hatte es besonders in sich.\n  <\/p>\n<p>            Nico Santos er\u00f6ffnet den Festivalsommer<\/p>\n<p class=\"mb-6 text-xs md:text-m lg:text-l font-serif group-[.font-sans]:font-sans \">\n    Als Headliner am Donnerstag wurde Nico Santos best\u00e4tigt. Der Popstar geh\u00f6rt zu den erfolgreichsten Musikern Deutschlands. Mit \u00fcber 1,12 Milliarden Streams auf Spotify und Hits wie \u201eRooftop\u201c, \u201eSafe\u201c, \u201eBetter\u201c oder \u201ePlay with Fire\u201c pr\u00e4gt Santos seit Jahren die deutschsprachige Poplandschaft. 2026 wird f\u00fcr ihn ein besonderes Jahr: Mit seinem neuen Album \u201eSantos\u201c geht er auf Arena-Tour. \u201eDAS FEST\u201c f\u00e4llt mitten in seine Tour und verspricht eines der Highlights des Festivals zu werden.\n  <\/p>\n<p>            Beatsteaks rocken den Mount Klotz<\/p>\n<p class=\"mb-6 text-xs md:text-m lg:text-l font-serif group-[.font-sans]:font-sans \">\n    Am Freitag \u00fcbernehmen die Beatsteaks die Mainstage \u2013 und bringen Berliner Punkrock-Power nach Karlsruhe. Die Band z\u00e4hlt seit Jahrzehnten zu den pr\u00e4gendsten Liveacts des Landes, wurde mehrfach ausgezeichnet (u. a. MTV Europe Music Award, 1LIVE-Krone, Preis f\u00fcr Popkultur) und feierte 2025 ihr 30-j\u00e4hriges Bandjubil\u00e4um mit zwei ausverkauften Konzerten in Berlin.<\/p>\n<p>F\u00fcr \u201eDAS FEST\u201c ist es ein Wiedersehen: Bereits 2007 standen die Beatsteaks auf der B\u00fchne in Karlsruhe, mehrere Songs dieses Auftritts wurden auf dem Livealbum \u201eKanonen auf Spatzen\u201c verewigt. Klassiker wie \u201eHand In Hand\u201c, \u201eHello Joe\u201c oder \u201eI Don\u2019t Care As Long As You Sing\u201c geh\u00f6ren l\u00e4ngst zum Festival-Soundtrack einer Generation.\n  <\/p>\n<p>            Blond zur\u00fcck als Co-Headliner<\/p>\n<p class=\"mb-6 text-xs md:text-m lg:text-l font-serif group-[.font-sans]:font-sans \">\n    Als Co-Headliner am Samstag kehrt das Indie-Pop-Trio Blond zur\u00fcck auf den Mount Klotz. Nach ihrem gefeierten Auftritt 2022 bringt die Band aus Chemnitz erneut Glitzer, Haltung und Humor auf die B\u00fchne.\n  <\/p>\n<p class=\"mb-6 text-xs md:text-m lg:text-l font-serif group-[.font-sans]:font-sans \">\n    Die Schwestern Nina und Lotta Kummer sowie Johann Bonitz verbinden Punk-Attit\u00fcde mit Pop-Sound und gesellschaftlichen Themen. Songs wie \u201eM\u00e4nner\u201c und Alben wie \u201eMartini Sprite\u201c oder \u201ePerlen\u201c machten sie zu einer der auff\u00e4lligsten Formationen der deutschen Musikszene. Ihr neues Album \u201eIch tr\u00e4um doch nur von Liebe\u201c erscheint 2025.\n  <\/p>\n<p>            Adventskalender l\u00e4uft bis Heiligabend<\/p>\n<p class=\"mb-6 text-xs md:text-m lg:text-l font-serif group-[.font-sans]:font-sans \">\n    Noch bis zum 24. Dezember gibt es t\u00e4glich neue Aktionen im \u201e<a href=\"https:\/\/www.augsburger-allgemeine.de\/top\/meistgesucht\/neuer-fest-floor-und-afterparty-das-ist-neu-bei-das-fest-2024-id71133561.html\" target=\"_self\" class=\"underline \" rel=\"noopener\">DAS FEST\u201c<\/a>-Adventskalender auf Instagram: Von Gewinnspielen \u00fcber Geschenkboxen in der Stadt bis hin zu nostalgischen R\u00fcckblicken auf die Festivalgeschichte. Partner der Aktion sind unter anderem der BGV, die Sparkasse Karlsruhe, dm, billiger.de, die SWEG und der Freundeskreis der Schlosslichtspiele.<br \/>Der Ticketverkauf f\u00fcr \u201eDAS FEST\u201c 2026 l\u00e4uft bereits. Alle Informationen gibt es online unter <a href=\"https:\/\/www.dasfest.de\/\" rel=\"nofollow noopener\" target=\"_blank\" class=\"underline \">www.dasfest.de<\/a>.\n  <\/p>\n<ul data-module-id=\"DragDropModule\" class=\"flex flex-wrap justify-start group-[.no-bookmarks]:hidden\">\n<li class=\"mb-3 mr-3\">\n    Sebastian Goddemeier<\/p>\n<p>      Icon Haken im Kreis gesetzt<\/p>\n<p>      Icon Plus im Kreis<\/p>\n<\/li>\n<li class=\"mb-3 mr-3\">\n    Nico Santos<\/p>\n<p>      Icon Haken im Kreis gesetzt<\/p>\n<p>      Icon Plus im Kreis<\/p>\n<\/li>\n<li class=\"mb-3 mr-3\">\n    Beatsteaks<\/p>\n<p>      Icon Haken im Kreis gesetzt<\/p>\n<p>      Icon Plus im Kreis<\/p>\n<\/li>\n<\/ul>\n","protected":false},"excerpt":{"rendered":"Fr\u00fchzeitige Bescherung f\u00fcr alle Festivalfans: \u201eDAS FEST\u201c 2026 (23. bis 26. Juli) hat zum Nikolaustag seine ersten drei&hellip;\n","protected":false},"author":2,"featured_media":627322,"comment_status":"","ping_status":"","sticky":false,"template":"","format":"standard","meta":{"footnotes":""},"categories":[1844],"tags":[1634,53756,296,3364,29,30,8903,35390,34374,147060,1899,146413,86042],"class_list":{"0":"post-627321","1":"post","2":"type-post","3":"status-publish","4":"format-standard","5":"has-post-thumbnail","7":"category-karlsruhe","8":"tag-baden-wuerttemberg","9":"tag-beatsteaks","10":"tag-berlin","11":"tag-de","12":"tag-deutschland","13":"tag-germany","14":"tag-karlsruhe","15":"tag-mtv-europe-music-awards","16":"tag-nico-santos","17":"tag-nikolaustag","18":"tag-spotify","19":"tag-topact","20":"tag-vorfreude"},"share_on_mastodon":{"url":"https:\/\/pubeurope.com\/@de\/115672126953243188","error":""},"_links":{"self":[{"href":"https:\/\/www.europesays.com\/de\/wp-json\/wp\/v2\/posts\/627321","targetHints":{"allow":["GET"]}}],"collection":[{"href":"https:\/\/www.europesays.com\/de\/wp-json\/wp\/v2\/posts"}],"about":[{"href":"https:\/\/www.europesays.com\/de\/wp-json\/wp\/v2\/types\/post"}],"author":[{"embeddable":true,"href":"https:\/\/www.europesays.com\/de\/wp-json\/wp\/v2\/users\/2"}],"replies":[{"embeddable":true,"href":"https:\/\/www.europesays.com\/de\/wp-json\/wp\/v2\/comments?post=627321"}],"version-history":[{"count":0,"href":"https:\/\/www.europesays.com\/de\/wp-json\/wp\/v2\/posts\/627321\/revisions"}],"wp:featuredmedia":[{"embeddable":true,"href":"https:\/\/www.europesays.com\/de\/wp-json\/wp\/v2\/media\/627322"}],"wp:attachment":[{"href":"https:\/\/www.europesays.com\/de\/wp-json\/wp\/v2\/media?parent=627321"}],"wp:term":[{"taxonomy":"category","embeddable":true,"href":"https:\/\/www.europesays.com\/de\/wp-json\/wp\/v2\/categories?post=627321"},{"taxonomy":"post_tag","embeddable":true,"href":"https:\/\/www.europesays.com\/de\/wp-json\/wp\/v2\/tags?post=627321"}],"curies":[{"name":"wp","href":"https:\/\/api.w.org\/{rel}","templated":true}]}}