{"id":627370,"date":"2025-12-06T10:52:15","date_gmt":"2025-12-06T10:52:15","guid":{"rendered":"https:\/\/www.europesays.com\/de\/627370\/"},"modified":"2025-12-06T10:52:15","modified_gmt":"2025-12-06T10:52:15","slug":"mehrere-braende-in-der-nacht-zum-6-dezember","status":"publish","type":"post","link":"https:\/\/www.europesays.com\/de\/627370\/","title":{"rendered":"Mehrere Br\u00e4nde in der Nacht zum 6. Dezember"},"content":{"rendered":"<p>In der Nacht zum 6. Dezember 2025 r\u00fcckte die Feuerwehr Dresden zu mehreren Brandeins\u00e4tzen im Stadtgebiet aus. In allen F\u00e4llen handelte es sich um Br\u00e4nde im Freien, haupts\u00e4chlich an M\u00fcll- und Papiercontainern. Verletzt wurde niemand.<br \/>\n<img fetchpriority=\"high\" decoding=\"async\" src=\"https:\/\/www.europesays.com\/de\/wp-content\/uploads\/2025\/10\/2023-03-28-FeuerwehrSymbol.jpg\" alt=\"Feuerwache Albertstadt\" width=\"650\" height=\"366\" class=\"size-full wp-image-192104\"  \/>Feuerwache Albertstadt \u2013 Foto: Archiv Anton Launer\n<\/p>\n<p>Um 3.28 Uhr brannte eine 200-Liter-M\u00fclltonne auf der Melanchthonstra\u00dfe. Die Vorderseite der Tonne war durch Hitze stark besch\u00e4digt. Die Polizei hatte bereits mit einem Pulverl\u00f6scher eingegriffen. Die Feuerwehr f\u00fchrte Nachl\u00f6scharbeiten und eine Kontrolle durch. Anschlie\u00dfend streute sie den vereisten Gehweg mit Streusalz. Sechs Einsatzkr\u00e4fte der Feuer- und Rettungswache Albertstadt waren vor Ort.\n<\/p>\n<p>Nur wenige Minuten sp\u00e4ter, um 3.35 Uhr, brannte um die Ecke auf der Hoyerswerdaer Stra\u00dfe eine 1.000-Liter-M\u00fclltonne im Bodenbereich. Der Brand wurde mit einem Strahlrohr gel\u00f6scht. Auch hier waren sechs Kr\u00e4fte der Feuer- und Rettungswache Albertstadt im Einsatz. Bereits auf dem Weg zur Einsatzstelle ging ein weiterer Notruf ein.\n<\/p>\n<p>Um 3:41 Uhr brannte ein abgestellter Pkw Kia auf einem Parkplatz an der Wigardstra\u00dfe. Das Feuer hatte den Motorraum und Teile des Innenraums erfasst. Ein Trupp unter Atemschutz l\u00f6schte den Brand mit einem Strahlrohr und setzte sp\u00e4ter Schaummittel ein. Anschlie\u00dfend kontrollierte die Feuerwehr das Fahrzeug mit einer W\u00e4rmebildkamera. Zw\u00f6lf Einsatzkr\u00e4fte der Feuer- und Rettungswachen Albertstadt und Altstadt waren im Einsatz.<\/p>\n","protected":false},"excerpt":{"rendered":"In der Nacht zum 6. Dezember 2025 r\u00fcckte die Feuerwehr Dresden zu mehreren Brandeins\u00e4tzen im Stadtgebiet aus. In&hellip;\n","protected":false},"author":2,"featured_media":627371,"comment_status":"","ping_status":"","sticky":false,"template":"","format":"standard","meta":{"footnotes":""},"categories":[1835],"tags":[3364,29,2386,37653,30,4229,859],"class_list":{"0":"post-627370","1":"post","2":"type-post","3":"status-publish","4":"format-standard","5":"has-post-thumbnail","7":"category-dresden","8":"tag-de","9":"tag-deutschland","10":"tag-dresden","11":"tag-feuerwache","12":"tag-germany","13":"tag-neustadt","14":"tag-sachsen"},"share_on_mastodon":{"url":"https:\/\/pubeurope.com\/@de\/115672249920037042","error":""},"_links":{"self":[{"href":"https:\/\/www.europesays.com\/de\/wp-json\/wp\/v2\/posts\/627370","targetHints":{"allow":["GET"]}}],"collection":[{"href":"https:\/\/www.europesays.com\/de\/wp-json\/wp\/v2\/posts"}],"about":[{"href":"https:\/\/www.europesays.com\/de\/wp-json\/wp\/v2\/types\/post"}],"author":[{"embeddable":true,"href":"https:\/\/www.europesays.com\/de\/wp-json\/wp\/v2\/users\/2"}],"replies":[{"embeddable":true,"href":"https:\/\/www.europesays.com\/de\/wp-json\/wp\/v2\/comments?post=627370"}],"version-history":[{"count":0,"href":"https:\/\/www.europesays.com\/de\/wp-json\/wp\/v2\/posts\/627370\/revisions"}],"wp:featuredmedia":[{"embeddable":true,"href":"https:\/\/www.europesays.com\/de\/wp-json\/wp\/v2\/media\/627371"}],"wp:attachment":[{"href":"https:\/\/www.europesays.com\/de\/wp-json\/wp\/v2\/media?parent=627370"}],"wp:term":[{"taxonomy":"category","embeddable":true,"href":"https:\/\/www.europesays.com\/de\/wp-json\/wp\/v2\/categories?post=627370"},{"taxonomy":"post_tag","embeddable":true,"href":"https:\/\/www.europesays.com\/de\/wp-json\/wp\/v2\/tags?post=627370"}],"curies":[{"name":"wp","href":"https:\/\/api.w.org\/{rel}","templated":true}]}}