{"id":627471,"date":"2025-12-06T11:53:15","date_gmt":"2025-12-06T11:53:15","guid":{"rendered":"https:\/\/www.europesays.com\/de\/627471\/"},"modified":"2025-12-06T11:53:15","modified_gmt":"2025-12-06T11:53:15","slug":"lippebaskets-verlieren-wichtiges-keller-duell-in-muenster","status":"publish","type":"post","link":"https:\/\/www.europesays.com\/de\/627471\/","title":{"rendered":"LippeBaskets verlieren wichtiges Keller-Duell in M\u00fcnster"},"content":{"rendered":"<p>\t\tLippeBaskets verlieren wichtiges Keller-Duell in M\u00fcnster<br \/>\n\t\t\t\t\t\u201eErste Halbzeit war desastr\u00f6s\u201c<\/p>\n<p>\t\t\t\t<a class=\"article-author__name\" href=\"https:\/\/www.ruhrnachrichten.de\/author\/thies-adam\/\" rel=\"author noopener\" target=\"_blank\">Thies Adam<\/a><br \/>\n\t\tFreier Mitarbeiter<\/p>\n<p>    <a href=\"https:\/\/www.ruhrnachrichten.de\/wp-content\/uploads\/2025\/12\/06\/10\/630_0900_5439146_-1648x824.jpg\" target=\"_blank\" rel=\"noopener\"><\/p>\n<p>            <img loading=\"lazy\" decoding=\"async\" src=\"https:\/\/www.europesays.com\/de\/wp-content\/uploads\/2025\/12\/630_0900_5439145_-640x428.jpg\" width=\"640\" height=\"428\"  alt=\"\"\/><\/p>\n<p>    <\/a><br \/>\n    S\u00f6ren Krapp und die LippeBaskets zeigten insbesondere in der ersten Halbzeit eine schlechte Leistung gegen den UBC M\u00fcnster 2. \u00a9 Jura Weitzel<\/p>\n<p class=\"article__teaser-text\">Nach einer deutlichen Niederlage beim UBC M\u00fcnster 2 stehen die LippeBaskets Werne erneut unter Druck. Besonders die erste Halbzeit sorgt f\u00fcr Ern\u00fcchterung.<\/p>\n<p>2 Min Lesezeit<\/p>\n<p>UBC M\u00fcnster macht es in erster Halbzeit deutlichNico Funk feiert Comeback f\u00fcr LippeBaskets<\/p>\n","protected":false},"excerpt":{"rendered":"LippeBaskets verlieren wichtiges Keller-Duell in M\u00fcnster \u201eErste Halbzeit war desastr\u00f6s\u201c Thies Adam Freier Mitarbeiter S\u00f6ren Krapp und die&hellip;\n","protected":false},"author":2,"featured_media":627472,"comment_status":"","ping_status":"","sticky":false,"template":"","format":"standard","meta":{"footnotes":""},"categories":[1843],"tags":[2493,3364,29,30,5882,8970,1209],"class_list":{"0":"post-627471","1":"post","2":"type-post","3":"status-publish","4":"format-standard","5":"has-post-thumbnail","7":"category-muenster","8":"tag-basketball","9":"tag-de","10":"tag-deutschland","11":"tag-germany","12":"tag-lokalsport","13":"tag-muenster","14":"tag-nordrhein-westfalen"},"share_on_mastodon":{"url":"https:\/\/pubeurope.com\/@de\/115672489459788758","error":""},"_links":{"self":[{"href":"https:\/\/www.europesays.com\/de\/wp-json\/wp\/v2\/posts\/627471","targetHints":{"allow":["GET"]}}],"collection":[{"href":"https:\/\/www.europesays.com\/de\/wp-json\/wp\/v2\/posts"}],"about":[{"href":"https:\/\/www.europesays.com\/de\/wp-json\/wp\/v2\/types\/post"}],"author":[{"embeddable":true,"href":"https:\/\/www.europesays.com\/de\/wp-json\/wp\/v2\/users\/2"}],"replies":[{"embeddable":true,"href":"https:\/\/www.europesays.com\/de\/wp-json\/wp\/v2\/comments?post=627471"}],"version-history":[{"count":0,"href":"https:\/\/www.europesays.com\/de\/wp-json\/wp\/v2\/posts\/627471\/revisions"}],"wp:featuredmedia":[{"embeddable":true,"href":"https:\/\/www.europesays.com\/de\/wp-json\/wp\/v2\/media\/627472"}],"wp:attachment":[{"href":"https:\/\/www.europesays.com\/de\/wp-json\/wp\/v2\/media?parent=627471"}],"wp:term":[{"taxonomy":"category","embeddable":true,"href":"https:\/\/www.europesays.com\/de\/wp-json\/wp\/v2\/categories?post=627471"},{"taxonomy":"post_tag","embeddable":true,"href":"https:\/\/www.europesays.com\/de\/wp-json\/wp\/v2\/tags?post=627471"}],"curies":[{"name":"wp","href":"https:\/\/api.w.org\/{rel}","templated":true}]}}