{"id":627510,"date":"2025-12-06T12:21:24","date_gmt":"2025-12-06T12:21:24","guid":{"rendered":"https:\/\/www.europesays.com\/de\/627510\/"},"modified":"2025-12-06T12:21:24","modified_gmt":"2025-12-06T12:21:24","slug":"in-schwebe-in-limbo-theater-ohne-worte-in-hannover","status":"publish","type":"post","link":"https:\/\/www.europesays.com\/de\/627510\/","title":{"rendered":"&#8222;In Schwebe \/ In Limbo&#8220;: Theater ohne Worte in Hannover"},"content":{"rendered":"<p>        <img decoding=\"async\" src=\"https:\/\/www.europesays.com\/de\/wp-content\/uploads\/2025\/12\/inschwebeinlimbo-102.webp\" alt=\"&quot;In Schwebe - In Limbo&quot;,  Eine Frau kniet neben einer Toilette und schaut auf einen Gegenstand in ihren H\u00e4nden\" title=\"&quot;In Schwebe - In Limbo&quot;  im Theater an der Glocksee, Ensemble: Andrea Casabianch | \u00a9 Leona Ohsiek\" class=\"responsive\"\/><\/p>\n<p>AUDIO: &#8222;In Schwebe \/ In Limbo&#8220; Theater wie ein Gem\u00e4lde in Hannover (4 Min)<\/p>\n<p>\n            Stand: 06.12.2025 12:00 Uhr<\/p>\n<p class=\"preface\">Die neue Produktion &#8222;In Schwebe \/ In Limbo&#8220; bezeichnet das Theater an der Glocksee in Hannover als &#8222;Theatergem\u00e4lde&#8220;, denn es ist &#8211; statt mit Worten &#8211; in szenischen Bildern und Musik inszeniert. Premiere war am Freitagabend.<\/p>\n<p class=\"textauthor\">von <a href=\"https:\/\/www.ndr.de\/kultur\/agnes-buehrig,buehrig106.html\" target=\"_blank\" rel=\"noopener\">Agnes B\u00fchrig<\/a><\/p>\n<p class=\"\">Es liegt Melancholie \u00fcber der Szene. Wie in eine H\u00e4userzeile, der die Vorderfront fehlt, gucken wir in Bad, Schlafzimmer und eine Garage. Darin f\u00fcnf Menschen, allein. Eine junge Frau im kurzen Pailletten-Glitzerkleid \u00fcbt erotisches R\u00e4keln, ein Mann steht vor einem Spiegel und schminkt sich einen Haaransatz auf den kahlen Sch\u00e4del. Das St\u00fcck <a href=\"https:\/\/www.ndr.de\/nachrichten\/niedersachsen\/hannover_weser-leinegebiet\/theater3630~splash.html\" title=\"Theater an der Glocksee\" data-url=\"https:\/\/theater-an-der-glocksee.de\/start.html\" class=\"js-link-dialog\" data-type=\"external\" target=\"_blank\" rel=\"noopener\">im Theater an der Glocksee<\/a> ist eine Reaktion auf den Zustand des Schwebens, wie er sich gerade in vielen Bereichen zeigt: Vieles h\u00e4ngt in der Luft, ist ungewiss.<\/p>\n<p>    Geschichten selbst zusammenbauen<\/p>\n<p>                    <a href=\"https:\/\/www.europesays.com\/de\/wp-content\/uploads\/2025\/12\/inschwebeinlimbo-106.webp\" class=\"zoomimage\" title=\"Bild vergr\u00f6\u00dfern\"><\/p>\n<p>        <img decoding=\"async\" src=\"https:\/\/www.europesays.com\/de\/wp-content\/uploads\/2025\/12\/inschwebeinlimbo-106.webp\" alt=\"&quot;In Schwebe - In Limbo&quot; ,ein M\u00e4dchen sitzt auf der Ofenbank\" title=\"Die Theaterg\u00e4ste schauen durch W\u00e4nde und Fassaden wie in ein Puppenhaus. | \u00a9 Leona Ohsiek\" class=\"responsive\" loading=\"lazy\"\/><\/p>\n<p>                    <\/a><\/p>\n<p>                    Die Theaterg\u00e4ste schauen durch W\u00e4nde und Fassaden wie in ein Puppenhaus.<\/p>\n<p class=\"\">Dass die Schauspielerinnen und Schauspieler in wiedererkennbaren Umgebungen sind, l\u00e4sst uns leichter andocken und eine Geschichte zu ihnen erfinden, sagt B\u00fchnenbildnerin Britta Bremer. &#8222;Wenn ich in einem Zug sitze oder im Park und mal Leute beobachte, dann gucke ich mir die an und dann pl\u00f6tzlich geht da manchmal so was los&#8220;, erkl\u00e4rt Bremer. &#8222;Was k\u00f6nnten die jetzt da f\u00fcr eine Beziehung haben? Wor\u00fcber sprechen die? Man baut sich so kleine Geschichten und so was passiert hier im Prinzip auch.<\/p>\n<p>    Dem L\u00e4rm eine andere Form entgegensetzen<\/p>\n<p class=\"\">Nur: Hier hat keiner mit einem anderen eine Geschichte. Die Personen wirken entwurzelt, vereinsamt. Entr\u00fcckt und wunderbar desillusioniert gestaltet Lena Ku\u00dfmann eine Frau, die Pfandflaschen in einem Einkaufswagen hin und her schiebt. Sie bedeckt sie mit ihrer Jacke, als l\u00e4ge dort ihr Baby. Schauspieler Dennis P\u00f6rtner betritt mit einem leeren Koffer das Schlafzimmer in einem Motel, faltet gekonnt abwesend minutenlang ein Hemd nach dem anderen. Hier ist vieles in der Schwebe.<\/p>\n<p>        <img decoding=\"async\" src=\"https:\/\/www.europesays.com\/de\/wp-content\/uploads\/2025\/12\/schauspielhannover-100.webp\" alt=\"Eine Frau liegt auf dem R\u00fccken auf einem dampfenden Podest auf der B\u00fchne\" title=\"Eine Frau liegt auf dem R\u00fccken auf einem dampfenden Podest auf der B\u00fchne | J\u00f6rg Br\u00fcggemann\/Schauspiel Hannover\" class=\"responsive\" loading=\"lazy\"\/><\/p>\n<p>Sybille Bergs &#8222;Ein wenig Licht. Und diese Ruhe.&#8220; feiert Premiere am Staatstheater Hannover. In der Hauptrolle: Katja Riemann.<\/p>\n<p class=\"\">&#8222;Wir sind in einer Zeit, wo wir eine zunehmend sp\u00fcrbare Spaltung in der Gesellschaft haben. Miteinander gut als Gesellschaft in Kontakt zu kommen f\u00fchlt sich teilweise sehr schwierig an. Sich richtig zu verstehen f\u00fchlt sich schwierig an&#8220;, sagt Jonas Vietzke vom k\u00fcnstlerischen Leitungs-Duo. &#8222;Wir wollten dieser Flut an Diskussionen und L\u00e4rm gerade in der Welt gerne mal eine andere Form entgegensetzen.&#8220;<\/p>\n<p>    Positives und Negatives zum Schwebezustand<\/p>\n<p class=\"\">&#8222;Alles ist komplizierter als du denkst&#8220;, hei\u00dft es in einer Textzeile zur Filmmusik von Randy Newman. Und es gibt weitere Film-Anleihen: Hoffnungslosigkeit \u00e0 la Kaurism\u00e4ki ist im St\u00fcck auszumachen. Und wie aus einem Halloween-Schocker wirkt ein Kapuzen-Mann mit wei\u00dfer Hasenmaske vor dem Gesicht, der sich im Zeitlupentempo bewegt und ein Opfer im Publikum zu suchen scheint.<\/p>\n<p>                    <a href=\"https:\/\/www.europesays.com\/de\/wp-content\/uploads\/2025\/12\/inschwebeinlimbo-100.webp\" class=\"zoomimage\" title=\"Bild vergr\u00f6\u00dfern\"><\/p>\n<p>        <img decoding=\"async\" src=\"https:\/\/www.europesays.com\/de\/wp-content\/uploads\/2025\/12\/inschwebeinlimbo-100.webp\" alt=\"&quot;In Schwebe - In Limbo&quot;  Ensemble: Andrea Casabianch\" title=\"Auf der B\u00fchne spielen sich bei den vereinzelten Menschen absurde Szenen ab. | \u00a9 Leona Ohsiek\" class=\"responsive\" loading=\"lazy\"\/><\/p>\n<p>                    <\/a><\/p>\n<p>                    Auf der B\u00fchne spielen sich bei den vereinzelten Menschen absurde Szenen ab.<\/p>\n<p class=\"\">Ein Zustand in Schwebe, wie es\u00a0der Titel des St\u00fcckes andeutet? Im Ensemble gab es unterschiedliche Meinungen dazu, sagt Lena Ku\u00dfmann vom Leitungs-Duo. &#8222;Es kamen erstmal viele negative Assoziationen zu dem Schwebezustand. Und dann kamen aber auch immer mehr positive&#8220;, sagt sie. Ein Schwebezustand sei ein unentschiedener Zustand. Das bedeute, dass man noch etwas tun k\u00f6nne. &#8222;Ich kann etwas entscheiden. Ich kann mich noch einbringen. Ich kann einen Schritt in eine Richtung machen und das kann auch motivierend sein.&#8220;<\/p>\n<p>    Geschichte zieht in den Bann<\/p>\n<p class=\"\">Am Ende ist es der Schritt in eine neue Welt. Einer nach dem anderen steigen sie aus dem Schlafzimmer aus, indem sie durch eine \u00d6ffnung im Boden verschwinden. Das jedenfalls ist eine von vielen m\u00f6glichen Interpretation. Denn auch ohne Text gibt es hier eine Geschichte, die einen in ihren Bann zieht. Nur wird sie nicht durch einen Text beeinflusst, sondern entsteht viel freier in jedem einzelnen Zuschauer &#8211; vor allem durch Umgebungen, Musik. Und das funktioniert erstaunlich gut.<\/p>\n<p>        <img decoding=\"async\" src=\"https:\/\/www.europesays.com\/de\/wp-content\/uploads\/2025\/12\/arendt-100.webp\" alt=\"Hannah Arendt im Jahr 1959\" title=\"Hannah Arendt im Jahr 1959 | picture alliance \/ KEYSTONE Pressedienst\" class=\"responsive\" loading=\"lazy\"\/><\/p>\n<p>Mit einem vierteiligen Theaterabend erinnert das Schauspiel Hannover an die vor 50 Jahren gestorbene Publizistin und politische Theoretikerin.<\/p>\n<p>        <img decoding=\"async\" src=\"https:\/\/www.europesays.com\/de\/wp-content\/uploads\/2025\/12\/screenshot-89062.webp\" alt=\"Publikum mit Schlafmasken im kleinen Saal der Elbphilharmonie.\" title=\"Publikum mit Schlafmasken im kleinen Saal der Elbphilharmonie. | Screenshot\" class=\"responsive\" loading=\"lazy\"\/><\/p>\n<p>Beim Betreten des Foyers haben die G\u00e4ste Schlafmasken bekommen. Die Musiker f\u00fchrten sie zum Platz. Sehen konnten sie nichts.<\/p>\n<p>        <img decoding=\"async\" src=\"https:\/\/www.europesays.com\/de\/wp-content\/uploads\/2025\/12\/haeppchenundsekt-102.webp\" alt=\"Zwei b\u00e4rtige M\u00e4nner sitzen auf einer gr\u00fcnen Couch. Es sind die Kabarettisten Jonathan L\u00f6ffelbein und Lukas Diestel.\" title=\"Zwei b\u00e4rtige M\u00e4nner sitzen auf einer gr\u00fcnen Couch. Es sind die Kabarettisten Jonathan L\u00f6ffelbein und Lukas Diestel. | Gianina Morgenstern\" class=\"responsive\" loading=\"lazy\"\/><\/p>\n<p>Die Comedians Lukas Diestel und Jonathan L\u00f6ffelbein schreiben pro Jahr sechs Programme. Heute Abend treten sie in Hamburg auf.<\/p>\n<p>                <a href=\"https:\/\/www.europesays.com\/de\/wp-content\/uploads\/2025\/12\/inschwebeinlimbo-102.webp\" class=\"zoomimage\" title=\"Bild vergr\u00f6\u00dfern\"><\/p>\n<p>        <img decoding=\"async\" src=\"https:\/\/www.europesays.com\/de\/wp-content\/uploads\/2025\/12\/inschwebeinlimbo-102.webp\" alt=\"&quot;In Schwebe - In Limbo&quot;,  Eine Frau kniet neben einer Toilette und schaut auf einen Gegenstand in ihren H\u00e4nden\" title=\"&quot;In Schwebe - In Limbo&quot;  im Theater an der Glocksee, Ensemble: Andrea Casabianch | \u00a9 Leona Ohsiek\" class=\"responsive\" loading=\"lazy\"\/><\/p>\n<p>                <\/a><\/p>\n<p>            &#8222;In Schwebe \/ In Limbo&#8220;: Theater ohne Worte in Hannover<\/p>\n<p>Das Theater an der Glocksee arbeitet beim neuen St\u00fcck mit szenischen Bildern und Musik &#8211; das funktioniert erstaunlich gut.<\/p>\n<dl class=\"s-100 m-50\">\n<dt>Datum:<\/dt>\n<dd>05.12.2025, 20:00 Uhr<\/dd>\n<dt>Ende:<\/dt>\n<dd>23.01.2026<\/dd>\n<dt>Ort:<\/dt>\n<dd>\n<p>                            Theater an der Glocksee<\/p>\n<p>Glockseestr. 35<\/p>\n<p>30169<\/p>\n<p>Hannover<\/p>\n<\/dd>\n<\/dl>\n<dl class=\"s-100 m-50\">\n<\/dl>\n<p>            <a class=\"button\" title=\"Laden Sie diese Veranstaltung in die Terminkalender Anwendung ihres Computers\" href=\"https:\/\/www.ndr.de\/calendar\/schwebe-100\" target=\"_blank\" rel=\"noopener\"> In meinen<br \/>\n                Kalender eintragen<\/a><\/p>\n","protected":false},"excerpt":{"rendered":"AUDIO: &#8222;In Schwebe \/ In Limbo&#8220; Theater wie ein Gem\u00e4lde in Hannover (4 Min) Stand: 06.12.2025 12:00 Uhr&hellip;\n","protected":false},"author":2,"featured_media":627511,"comment_status":"","ping_status":"","sticky":false,"template":"","format":"standard","meta":{"footnotes":""},"categories":[1836],"tags":[3364,29,49526,30,46,1411,148473,94,148472,148474,24572],"class_list":{"0":"post-627510","1":"post","2":"type-post","3":"status-publish","4":"format-standard","5":"has-post-thumbnail","7":"category-hannover","8":"tag-de","9":"tag-deutschland","10":"tag-experiment","11":"tag-germany","12":"tag-hannover","13":"tag-niedersachsen","14":"tag-schwebezustand","15":"tag-theater","16":"tag-theater-an-der-glocksee","17":"tag-theater-ohne-worte","18":"tag-ungewissheit"},"share_on_mastodon":{"url":"https:\/\/pubeurope.com\/@de\/115672600534361429","error":""},"_links":{"self":[{"href":"https:\/\/www.europesays.com\/de\/wp-json\/wp\/v2\/posts\/627510","targetHints":{"allow":["GET"]}}],"collection":[{"href":"https:\/\/www.europesays.com\/de\/wp-json\/wp\/v2\/posts"}],"about":[{"href":"https:\/\/www.europesays.com\/de\/wp-json\/wp\/v2\/types\/post"}],"author":[{"embeddable":true,"href":"https:\/\/www.europesays.com\/de\/wp-json\/wp\/v2\/users\/2"}],"replies":[{"embeddable":true,"href":"https:\/\/www.europesays.com\/de\/wp-json\/wp\/v2\/comments?post=627510"}],"version-history":[{"count":0,"href":"https:\/\/www.europesays.com\/de\/wp-json\/wp\/v2\/posts\/627510\/revisions"}],"wp:featuredmedia":[{"embeddable":true,"href":"https:\/\/www.europesays.com\/de\/wp-json\/wp\/v2\/media\/627511"}],"wp:attachment":[{"href":"https:\/\/www.europesays.com\/de\/wp-json\/wp\/v2\/media?parent=627510"}],"wp:term":[{"taxonomy":"category","embeddable":true,"href":"https:\/\/www.europesays.com\/de\/wp-json\/wp\/v2\/categories?post=627510"},{"taxonomy":"post_tag","embeddable":true,"href":"https:\/\/www.europesays.com\/de\/wp-json\/wp\/v2\/tags?post=627510"}],"curies":[{"name":"wp","href":"https:\/\/api.w.org\/{rel}","templated":true}]}}