{"id":627513,"date":"2025-12-06T12:23:34","date_gmt":"2025-12-06T12:23:34","guid":{"rendered":"https:\/\/www.europesays.com\/de\/627513\/"},"modified":"2025-12-06T12:23:34","modified_gmt":"2025-12-06T12:23:34","slug":"ausbrecherkoenigin-sperrt-kinder-ein-neustadt-gefluester","status":"publish","type":"post","link":"https:\/\/www.europesays.com\/de\/627513\/","title":{"rendered":"Ausbrecherk\u00f6nigin sperrt Kinder ein &#8211; Neustadt-Gefl\u00fcster"},"content":{"rendered":"<p>Die ungekr\u00f6nte Ausbrecherk\u00f6nigin Dresdens, Margrit Jespersen, sperrt neuerdings Kinder im Keller ein. Doch bevor jetzt jemand die Polizei holt, das ist alles legal und hat auch die Zustimmung der Eltern und nach sp\u00e4testens einer Stunde kommen alle Kids wieder frei. Bis dahin haben sie jede Menge Abenteuer erlebt und gelernt, dass man gemeinsam am besten vorankommt.<br \/>\n<img fetchpriority=\"high\" decoding=\"async\" src=\"https:\/\/www.europesays.com\/de\/wp-content\/uploads\/2025\/12\/2025-12-05-Piratenkeller.jpg\" alt=\"Piratenkeller an der Alaunstra\u00dfe - Foto: Team Escape\" width=\"2400\" height=\"1350\" class=\"size-full wp-image-233695\"  \/>Piratenkeller an der Alaunstra\u00dfe \u2013 Foto: Team Escape\n<\/p>\n<p>Zehn Jahre ist es nun schon her, dass Margrit Jespersen auf der Katharinenstra\u00dfe das \u201eTeam Escape\u201c er\u00f6ffnet hat. Seinerzeit war dieser Spieltrend ganz frisch in Dresden. F\u00fcr Jespersen und \u201eTeam Escape\u201c ging es dann Schlag auf Schlag. 2016 entstand die Flucht aus dem Keller an der Glacisstra\u00dfe (<a href=\"https:\/\/www.neustadt-ticker.de\/50394\/aktuell\/nachrichten\/teamescape\" target=\"_blank\" rel=\"noopener\">Neustadt-Gefl\u00fcster vom 18. November 2016<\/a>), 2017 wurde eine Zelle mit Gitterst\u00e4ben an der Rothenburger Stra\u00dfe eingerichtet (<a href=\"https:\/\/www.neustadt-ticker.de\/59692\/aktuell\/der-dritte-ausbruch\" target=\"_blank\" rel=\"noopener\">29. November 2017<\/a>). 2020 er\u00f6ffnete die umtriebige Unternehmerin dann zwei weitere R\u00e4ume auf der Alaunstra\u00dfe in einem <a href=\"https:\/\/www.neustadt-ticker.de\/145990\/aktuell\/bye-bye-harlem\" target=\"_blank\" rel=\"noopener\">ehemaligen Modegesch\u00e4ft<\/a>.\n<\/p>\n<p>Und dann kam Corona. Damit ruhte das Ausbrechergesch\u00e4ft. Jespersen gestaltete das Ausbrecher- in ein Testzentrum um (<a href=\"https:\/\/www.neustadt-ticker.de\/163932\/aktuell\/corona-testcenter-in-der-neustadt\" target=\"_blank\" rel=\"noopener\">Neustadt-Gefl\u00fcster vom 22. M\u00e4rz 2021<\/a>). \u201eEigentlich wollten wir hier an der Alaunstra\u00dfe vier R\u00e4ume er\u00f6ffnen. Das lie\u00df sich in den Krisenjahren aber nicht umsetzen.<br \/><img loading=\"lazy\" decoding=\"async\" src=\"https:\/\/www.europesays.com\/de\/wp-content\/uploads\/2025\/12\/2025-11-28-MargritJespersen3.jpg\" alt=\"Margrit Jespersen - Foto: Anton Launer\" width=\"2400\" height=\"1350\" class=\"size-full wp-image-233696\"  \/>Margrit Jespersen \u2013 Foto: Anton Launer\n<\/p>\n<p>Piraten-Keller<\/p>\n<p>Umso mehr freut sie sich, dass nun, f\u00fcnf Jahre sp\u00e4ter, hier an der Alaunstra\u00dfe ein dritter Ausbrecher-Raum dazu gekommen ist. \u201eWir hatten schon immer das Problem, dass unsere R\u00e4ume zwar f\u00fcr gr\u00f6\u00dfere Kinder und Jugendliche geeignet sind, aber f\u00fcr die Kleineren zwischen  sechs und zw\u00f6lf Jahren eben nicht\u201c, sagt Jespersen. Das hat sich nun ge\u00e4ndert. Die Kids k\u00f6nnen hier auf die Jagd nach Anne Bonnys Schatz gehen. \u201eAnne Bonny war eine der ber\u00fchmtesten Piratinnen des 18. Jahrhunderts\u201c, sagt sie. Bewusst habe sie eine weibliche Heldin gew\u00e4hlt. Auch das Ausbrecher-Prinzip der \u00fcbrigen Escape-Rooms wird hier durchbrochen. Ziel ist nicht, aus dem Keller zu entkommen, sondern einen geheimnisvollen Schatz zu finden. <\/p>\n<p>Mit einem bisschen Stolz blickt Jespersen auf die vergangenen zehn Jahre mit H\u00f6hen und Tiefen zur\u00fcck. \u201eWir konnten alle Standorte behalten und heute l\u00e4uft das Gesch\u00e4ft prima\u201c, sagt sie und ist immer wieder erstaunt, wenn ihr G\u00e4ste berichten, dass sie zum ersten Mal an einem Escape-Spiel teilnehmen. Alles in allem umfasst ihr Team rund 30 Mitarbeitende, die meisten jedoch auf Minijob-Basis, aber auch drei in Vollzeit. Ab und zu springt sie auch noch einmal selbst als Spielleiterin ein und die Freude am Ausbrechen ist ihr noch nicht abhanden gekommen.\n<\/p>\n<p>Team-Escape-Rooms in Dresden<\/p>\n<p><img loading=\"lazy\" decoding=\"async\" src=\"https:\/\/www.europesays.com\/de\/wp-content\/uploads\/2025\/12\/2025-12-05-Piratenkeller2-scaled.jpg\" alt=\"F\u00fcr die Kids ist es ein einst\u00fcndiges Abenteuer - Foto: Team Escape\" width=\"2154\" height=\"2560\" class=\"size-full wp-image-233694\"  \/>F\u00fcr die Kids ist es ein einst\u00fcndiges Abenteuer \u2013 Foto: Team Escape<\/p>\n","protected":false},"excerpt":{"rendered":"Die ungekr\u00f6nte Ausbrecherk\u00f6nigin Dresdens, Margrit Jespersen, sperrt neuerdings Kinder im Keller ein. Doch bevor jetzt jemand die Polizei&hellip;\n","protected":false},"author":2,"featured_media":627514,"comment_status":"","ping_status":"","sticky":false,"template":"","format":"standard","meta":{"footnotes":""},"categories":[1835],"tags":[10991,71115,3364,29,2386,115614,30,148475,49341,859],"class_list":{"0":"post-627513","1":"post","2":"type-post","3":"status-publish","4":"format-standard","5":"has-post-thumbnail","7":"category-dresden","8":"tag-alaunstrasse","9":"tag-ausbrecher","10":"tag-de","11":"tag-deutschland","12":"tag-dresden","13":"tag-escape","14":"tag-germany","15":"tag-jespersen","16":"tag-piraten","17":"tag-sachsen"},"share_on_mastodon":{"url":"https:\/\/pubeurope.com\/@de\/115672607351870368","error":""},"_links":{"self":[{"href":"https:\/\/www.europesays.com\/de\/wp-json\/wp\/v2\/posts\/627513","targetHints":{"allow":["GET"]}}],"collection":[{"href":"https:\/\/www.europesays.com\/de\/wp-json\/wp\/v2\/posts"}],"about":[{"href":"https:\/\/www.europesays.com\/de\/wp-json\/wp\/v2\/types\/post"}],"author":[{"embeddable":true,"href":"https:\/\/www.europesays.com\/de\/wp-json\/wp\/v2\/users\/2"}],"replies":[{"embeddable":true,"href":"https:\/\/www.europesays.com\/de\/wp-json\/wp\/v2\/comments?post=627513"}],"version-history":[{"count":0,"href":"https:\/\/www.europesays.com\/de\/wp-json\/wp\/v2\/posts\/627513\/revisions"}],"wp:featuredmedia":[{"embeddable":true,"href":"https:\/\/www.europesays.com\/de\/wp-json\/wp\/v2\/media\/627514"}],"wp:attachment":[{"href":"https:\/\/www.europesays.com\/de\/wp-json\/wp\/v2\/media?parent=627513"}],"wp:term":[{"taxonomy":"category","embeddable":true,"href":"https:\/\/www.europesays.com\/de\/wp-json\/wp\/v2\/categories?post=627513"},{"taxonomy":"post_tag","embeddable":true,"href":"https:\/\/www.europesays.com\/de\/wp-json\/wp\/v2\/tags?post=627513"}],"curies":[{"name":"wp","href":"https:\/\/api.w.org\/{rel}","templated":true}]}}