{"id":627526,"date":"2025-12-06T12:32:21","date_gmt":"2025-12-06T12:32:21","guid":{"rendered":"https:\/\/www.europesays.com\/de\/627526\/"},"modified":"2025-12-06T12:32:21","modified_gmt":"2025-12-06T12:32:21","slug":"feuerwehr-dortmund-rueckt-zu-brand-in-lagerhalle-in-aplerbeck-aus","status":"publish","type":"post","link":"https:\/\/www.europesays.com\/de\/627526\/","title":{"rendered":"Feuerwehr Dortmund r\u00fcckt zu Brand in Lagerhalle in Aplerbeck aus"},"content":{"rendered":"<p>\t\tLagerhallenbrand in Dortmund-Aplerbeck<br \/>\n\t\t\t\t\tSchwarzer Rauch sorgte f\u00fcr Alarm am Samstagmorgen<\/p>\n<p>\t\t<img alt=\"\" src=\"https:\/\/www.europesays.com\/de\/wp-content\/uploads\/2025\/05\/630_0036_1277348_.jpg\"  class=\"avatar avatar-36 photo avatar-default\" height=\"36\" width=\"36\" loading=\"eager\" decoding=\"async\"\/>\t\t<a class=\"article-author__name\" href=\"https:\/\/www.ruhrnachrichten.de\/author\/julia-segantini\/\" rel=\"author noopener\" target=\"_blank\">Julia Segantini<\/a><br \/>\n\t\tRedakteurin<\/p>\n<p>    <a href=\"https:\/\/www.ruhrnachrichten.de\/wp-content\/uploads\/2025\/12\/06\/11\/630_0900_5439321_-1648x824.jpg\" target=\"_blank\" rel=\"noopener\"><\/p>\n<p>            <img loading=\"lazy\" decoding=\"async\" src=\"https:\/\/www.europesays.com\/de\/wp-content\/uploads\/2025\/12\/630_0900_5439312_-640x428.jpg\" width=\"640\" height=\"428\"  alt=\"\"\/><\/p>\n<p>    <\/a><br \/>\n    Am Samstagmorgen wurde die Feuerwehr Dortmund nach Aplerbeck gerufen. (Symbolbild) \u00a9 picture alliance\/dpa<\/p>\n<p class=\"article__teaser-text\">In Dortmund-Aplerbeck brannte am Samstagmorgen eine Lagerhalle nahe eines M\u00f6belhauses. Die Feuerwehr war schnell vor Ort. Die Ursache wird untersucht.<\/p>\n<p>1 Min Lesezeit<\/p>\n<p>Nahe der B1 Richtung <a href=\"https:\/\/www.ruhrnachrichten.de\/dortmund\/\" data-imported=\"1\" target=\"_blank\" rel=\"noopener\">Dortmund<\/a>\u2013<a href=\"https:\/\/www.ruhrnachrichten.de\/dortmunder-stadtteile\/\" data-imported=\"1\" target=\"_blank\" rel=\"noopener\">Aplerbeck<\/a>, genauer an der Schleefstra\u00dfe hat am Samstagmorgen (6.12.) eine Lagerhalle in der N\u00e4he eines M\u00f6belhauses gebrannt. Gegen 7.50 Uhr wurde die <a href=\"https:\/\/www.ruhrnachrichten.de\/blaulicht-dortmund\/\" data-imported=\"1\" target=\"_blank\" rel=\"noopener\">Feuerwehr Dortmund<\/a> alarmiert, nachdem schwarzer Rauch aus dem Geb\u00e4ude aufstieg. Zun\u00e4chst war unklar, ob das M\u00f6belhaus betroffen ist; vor Ort stellte sich jedoch heraus, dass die etwa 20 mal 20 Meter gro\u00dfe Warenausgabe einer freistehenden Lagerhalle brannte.<\/p>\n<p>Zwei L\u00f6schz\u00fcge r\u00fcckten an, konnten aber aufgrund der schnellen und effektiven Brandbek\u00e4mpfung z\u00fcgig reduziert werden. Menschen waren nicht in Gefahr, das Feuer war rasch unter Kontrolle. Nach rund zwei Stunden war der Einsatz beendet.<\/p>\n<p>Die Polizei hat die Ermittlungen zur Brandursache aufgenommen. Zu den Hintergr\u00fcnden ist bislang nichts bekannt.<\/p>\n","protected":false},"excerpt":{"rendered":"Lagerhallenbrand in Dortmund-Aplerbeck Schwarzer Rauch sorgte f\u00fcr Alarm am Samstagmorgen Julia Segantini Redakteurin Am Samstagmorgen wurde die Feuerwehr&hellip;\n","protected":false},"author":2,"featured_media":627527,"comment_status":"","ping_status":"","sticky":false,"template":"","format":"standard","meta":{"footnotes":""},"categories":[1833],"tags":[1950,3364,29,217,987,30,1209],"class_list":{"0":"post-627526","1":"post","2":"type-post","3":"status-publish","4":"format-standard","5":"has-post-thumbnail","7":"category-dortmund","8":"tag-blaulicht","9":"tag-de","10":"tag-deutschland","11":"tag-dortmund","12":"tag-feuer","13":"tag-germany","14":"tag-nordrhein-westfalen"},"share_on_mastodon":{"url":"https:\/\/pubeurope.com\/@de\/115672642686856369","error":""},"_links":{"self":[{"href":"https:\/\/www.europesays.com\/de\/wp-json\/wp\/v2\/posts\/627526","targetHints":{"allow":["GET"]}}],"collection":[{"href":"https:\/\/www.europesays.com\/de\/wp-json\/wp\/v2\/posts"}],"about":[{"href":"https:\/\/www.europesays.com\/de\/wp-json\/wp\/v2\/types\/post"}],"author":[{"embeddable":true,"href":"https:\/\/www.europesays.com\/de\/wp-json\/wp\/v2\/users\/2"}],"replies":[{"embeddable":true,"href":"https:\/\/www.europesays.com\/de\/wp-json\/wp\/v2\/comments?post=627526"}],"version-history":[{"count":0,"href":"https:\/\/www.europesays.com\/de\/wp-json\/wp\/v2\/posts\/627526\/revisions"}],"wp:featuredmedia":[{"embeddable":true,"href":"https:\/\/www.europesays.com\/de\/wp-json\/wp\/v2\/media\/627527"}],"wp:attachment":[{"href":"https:\/\/www.europesays.com\/de\/wp-json\/wp\/v2\/media?parent=627526"}],"wp:term":[{"taxonomy":"category","embeddable":true,"href":"https:\/\/www.europesays.com\/de\/wp-json\/wp\/v2\/categories?post=627526"},{"taxonomy":"post_tag","embeddable":true,"href":"https:\/\/www.europesays.com\/de\/wp-json\/wp\/v2\/tags?post=627526"}],"curies":[{"name":"wp","href":"https:\/\/api.w.org\/{rel}","templated":true}]}}