{"id":627542,"date":"2025-12-06T12:40:12","date_gmt":"2025-12-06T12:40:12","guid":{"rendered":"https:\/\/www.europesays.com\/de\/627542\/"},"modified":"2025-12-06T12:40:12","modified_gmt":"2025-12-06T12:40:12","slug":"frankfurt-main-dosb-beschliesst-weiteren-olympia-fahrplan","status":"publish","type":"post","link":"https:\/\/www.europesays.com\/de\/627542\/","title":{"rendered":"Frankfurt\/Main | DOSB beschlie\u00dft weiteren Olympia-Fahrplan"},"content":{"rendered":"<p>Frankfurt\/Main (dpa) &#8211; Der Deutsche Olympische Sportbund hat auf seiner Mitgliederversammlung in Frankfurt am Main den weiteren Weg bis zur Auswahl des nationalen Bewerbers um die Ausrichtung von Olympischen und Paralympischen Spielen festgelegt. Mit gro\u00dfer Mehrheit beschlossen die Delegierten den Fahrplan bis zur Entscheidung auf der au\u00dferordentlichen Mitgliederversammlung am 26. September 2026 in Baden-Baden.<\/p>\n<p>Dann soll feststehen, ob der DOSB mit Berlin, M\u00fcnchen, Hamburg oder der Region Rhein-Ruhr mit K\u00f6ln als Kernstadt ins Rennen um die Sommerspiele 2036, 2040 oder 2044 geht. \u00abAus vier sehr starken Bewerbungen wird am Ende die st\u00e4rkste als Sieger hervorgehen. Und wer das schafft, hat auch international gute Chancen, die Olympischen und Paralympischen Spiele nach Deutschland zu holen &#8211; nicht nur f\u00fcr sich, sondern f\u00fcr ganz Deutschland\u00bb, \u00e4u\u00dferte DOSB-Pr\u00e4sident Thomas Weikert.<\/p>\n<p>Bewertungsmatrix als Hilfestellung<\/p>\n<p>Grundlage f\u00fcr die Auswahl des Kandidaten soll eine komplizierte Matrix bilden, die verschiedene Kategorien und Kriterien wie die internationale Strahlkraft und die nationale Akzeptanz umfasst. Anhand dieser Matrix sollen die vier Konzepte bewertet werden.<\/p>\n<p>Der DOSB will den Weg trotz des Vierkampfes geschlossen angehen. \u00abWir alle hier stehen hinter Olympia in Deutschland &#8211; ausnahmslos, einig und stark\u00bb, sagte Weikert.<\/p>\n<p>\u00abSportpolitische Ziel dieser Legislaturperiode\u00bb<\/p>\n<p>Sport-Staatsministerin Christiane Schenderlein bekr\u00e4ftigte, dass die schwarz-rote Bundesregierung eine deutsche Olympia-Bewerbung unterst\u00fctzt. \u00abDie Bewerbung um Olympische und Paralympische Spiele ist das sportpolitische Ziel dieser Legislaturperiode\u00bb, erkl\u00e4rte die CDU-Politikerin.<\/p>\n","protected":false},"excerpt":{"rendered":"Frankfurt\/Main (dpa) &#8211; Der Deutsche Olympische Sportbund hat auf seiner Mitgliederversammlung in Frankfurt am Main den weiteren Weg&hellip;\n","protected":false},"author":2,"featured_media":627543,"comment_status":"","ping_status":"","sticky":false,"template":"","format":"standard","meta":{"footnotes":""},"categories":[1829],"tags":[772,296,29,12214,2050,2051,30,692,2052,29381,1209,656,1682,6609],"class_list":{"0":"post-627542","1":"post","2":"type-post","3":"status-publish","4":"format-standard","5":"has-post-thumbnail","7":"category-frankfurt-am-main","8":"tag-bayern","9":"tag-berlin","10":"tag-deutschland","11":"tag-dosb","12":"tag-frankfurt","13":"tag-frankfurt-am-main","14":"tag-germany","15":"tag-hamburg","16":"tag-hessen","17":"tag-mitgliederversammlung","18":"tag-nordrhein-westfalen","19":"tag-olympia","20":"tag-paralympics","21":"tag-sportpolitik"},"share_on_mastodon":{"url":"https:\/\/pubeurope.com\/@de\/115672673429025470","error":""},"_links":{"self":[{"href":"https:\/\/www.europesays.com\/de\/wp-json\/wp\/v2\/posts\/627542","targetHints":{"allow":["GET"]}}],"collection":[{"href":"https:\/\/www.europesays.com\/de\/wp-json\/wp\/v2\/posts"}],"about":[{"href":"https:\/\/www.europesays.com\/de\/wp-json\/wp\/v2\/types\/post"}],"author":[{"embeddable":true,"href":"https:\/\/www.europesays.com\/de\/wp-json\/wp\/v2\/users\/2"}],"replies":[{"embeddable":true,"href":"https:\/\/www.europesays.com\/de\/wp-json\/wp\/v2\/comments?post=627542"}],"version-history":[{"count":0,"href":"https:\/\/www.europesays.com\/de\/wp-json\/wp\/v2\/posts\/627542\/revisions"}],"wp:featuredmedia":[{"embeddable":true,"href":"https:\/\/www.europesays.com\/de\/wp-json\/wp\/v2\/media\/627543"}],"wp:attachment":[{"href":"https:\/\/www.europesays.com\/de\/wp-json\/wp\/v2\/media?parent=627542"}],"wp:term":[{"taxonomy":"category","embeddable":true,"href":"https:\/\/www.europesays.com\/de\/wp-json\/wp\/v2\/categories?post=627542"},{"taxonomy":"post_tag","embeddable":true,"href":"https:\/\/www.europesays.com\/de\/wp-json\/wp\/v2\/tags?post=627542"}],"curies":[{"name":"wp","href":"https:\/\/api.w.org\/{rel}","templated":true}]}}