{"id":627569,"date":"2025-12-06T12:54:14","date_gmt":"2025-12-06T12:54:14","guid":{"rendered":"https:\/\/www.europesays.com\/de\/627569\/"},"modified":"2025-12-06T12:54:14","modified_gmt":"2025-12-06T12:54:14","slug":"marta-herford-energieforum-bad-oeynhausen-die-welt-trauert-um-star-architekt-frank-gehry","status":"publish","type":"post","link":"https:\/\/www.europesays.com\/de\/627569\/","title":{"rendered":"Marta Herford, Energieforum Bad Oeynhausen: Die Welt trauert um Star-Architekt Frank Gehry"},"content":{"rendered":"<p id=\"absatz1\" class=\"em_text\">Los Angeles\/Herford. Kaum ein anderer Architekt hat Ostwestfalen so sichtbar gepr\u00e4gt wie Frank Gehry. In Herford und Bad Oeynhausen stehen zwei seiner au\u00dfergew\u00f6hnlichen Bauwerke \u2013 das Museum Marta und das Energie-Forum. Nun ist der Star-Architekt am 5. Dezember 2025 im Alter von 96 Jahren nach einer kurzen Atemwegserkrankung in seinem Haus in Santa Monica gestorben, teilte seine Mitarbeiterin Meaghan Lloyd der Deutschen Presse-Agentur mit.<\/p>\n<p id=\"absatz2\" class=\"em_text\">Gehry geh\u00f6rte zu den begehrtesten Architekten weltweit. Auf der ganzen Welt stehen Geb\u00e4ude des Pritzker-Preistr\u00e4gers, darunter der Neue Zollhof in D\u00fcsseldorf, das Guggenheim-Museum in Bilbao, die Walt-Disney-Konzerthalle in Los Angeles, die Art Gallery of Ontario in Toronto, die Stiftung Louis Vuitton in Paris sowie Wohngeb\u00e4ude unter anderem in Prag, New York und vielen anderen St\u00e4dten.<\/p>\n<p>Das Marta in Herford<\/p>\n<p>        <a href=\"https:\/\/www.nw.de\/_em_daten\/_cache\/image\/1xelByaDl1aEVxOU1XVXRXazA4YVBHd1hlSUxqWTZwS0RIeDluV3lEV0Fod0EydmxHYk1JV09oSmtRUUx0QkJEYjZXQWhRQ1JodHJ1ZTRibWhhNjhmS0ptV2JZUngyeEl5VlpPMnRtMDNHeHM9\/251205-2120-714633777.jpg\" class=\"nw-article-image\" title=\"Ebenfalls ein unverkennbares Gehry-Geb\u00e4ude: Das Herforder Museum Marta.\" data-glightbox=\"type: image; description: Ebenfalls ein unverkennbares Gehry-Geb\u00e4ude: Das Herforder Museum Marta.  | \u00a9 Ralf Bittner \" target=\"_blank\" rel=\"noopener\"><br \/>\n            <img decoding=\"async\" src=\"https:\/\/www.europesays.com\/de\/wp-content\/uploads\/2025\/12\/251205-2120-714633777.jpg\" class=\"nw-img-fluid nw-w-full nw-lazy nw-rounded-t-md\" alt=\"Ebenfalls ein unverkennbares Gehry-Geb\u00e4ude: Das Herforder Museum Marta. - \u00a9 Ralf Bittner\" data-format=\"16:9\"\/><br \/>\n        <\/a><\/p>\n<p>                Ebenfalls ein unverkennbares Gehry-Geb\u00e4ude: Das Herforder Museum Marta.<br \/>\n                                    | \u00a9 Ralf Bittner<\/p>\n<p id=\"absatz5\" class=\"em_text\">Das Marta Herford wurde 2005 er\u00f6ffnet und sollte urspr\u00fcnglich ein Kompetenzzentrum f\u00fcr die M\u00f6belindustrie werden, als Hommage an Herfords Tradition in der M\u00f6belbranche. Doch unter der Leitung von Gehry entwickelte sich daraus ein Museum f\u00fcr zeitgen\u00f6ssische Kunst, Design und Architektur. Die Buchstabenfolge des Namens setzt sich daher entsprechend aus den Lettern der W\u00f6rter \u201eM\u00f6bel\u201c(M), \u201eArt\u201c (ART) und \u201eAmbiente\u201c (a) zusammen.<\/p>\n<p id=\"absatz6\" class=\"em_text\">Gehry entwarf den markanten Neubau mit seinen wellenf\u00f6rmigen Dachlandschaften aus Edelstahl und den rot-klinkerfarbenen Backsteinw\u00e4nden, die sich wie in Bewegung zu winden scheinen. Der Architekt dachte in Kurven, nicht in Kanten. \u201eMeine Architektur dr\u00fcckt Freude aus\u201c, hat der weltbekannte Architekt einmal in einem Interview gesagt. Und genau die ist auch beim Marta sp\u00fcrbar. Vom allerersten Tag an.<\/p>\n<p id=\"absatz7\" class=\"em_text\">Das Geb\u00e4ude verbindet den neuen Museumsbau mit der Revitalisierung eines ehemaligen Textilfabrik-Altbaus, wodurch Alt und Neu einander in spannender Weise erg\u00e4nzen. F\u00fcr viele Besucher gilt das Marta nicht nur als Museum, sondern als Gesamtkunstwerk: Architektur, Kunst, Design und Stadtentwicklung in einem.<\/p>\n<p>\n                    Frank Gehrys Wirken im Norden von OWL\n                <\/p>\n<p>                    <img decoding=\"async\" class=\"w-full\" alt=\"Vorheriger Inhalt\" src=\"https:\/\/www.nw.de\/_em_daten\/locals\/module\/nw\/_includes\/twig\/current\/public\/\/images\/arrow-left.svg\"\/><\/p>\n<p>                    <img decoding=\"async\" class=\"nw-w-full\" alt=\"N\u00e4chster Inhalt\" src=\"https:\/\/www.nw.de\/_em_daten\/locals\/module\/nw\/_includes\/twig\/current\/public\/\/images\/arrow-right.svg\"\/><\/p>\n<p>Ein R\u00fcckblick auf die Marta-Er\u00f6ffnung 2005 in Herford<\/p>\n<p class=\"em_text\">Nach 47 Monaten Bauzeit wurde Herfords neues Museum am 7. Mai 2005 er\u00f6ffnet. Das Interesse der B\u00fcrger, aber auch der Medien f\u00fcr das Projekt war immens. Herford kam in vielen Schlagzeilen unterschiedlicher Medien vor. F\u00fcr die \u00d6ffentlichkeit gingen die T\u00fcren erstmals um 15 Uhr auf. Allein am ersten Wochenende wollen 21.000 Menschen ins Marta. Daf\u00fcr harrten sie auch bereitwillig mit Regenschirmen vor dem imposanten Geb\u00e4ude aus, denn das Wetter lie\u00df an diesem Tag zu w\u00fcnschen \u00fcbrig.<\/p>\n<p id=\"absatz9\" class=\"em_text\">Frank Gehry war bei der Er\u00f6ffnung selbstverst\u00e4ndlich pers\u00f6nlich zugegen. Eng an seiner Seite: der Belgier Jan Hoet, der charismatische erste k\u00fcnstlerische Leiter des Marta. Aber auch einiges an Prominenz ist vor Ort. Allen voran die damalige Bundestagsvizepr\u00e4sidentin Antje Vollmer und Wirtschaftsminister Wolfgang Clement. Letzterer schw\u00e4rmte vom Gehry-Bau: \u201eDies ist ein begeisterndes Werk.\u201c Nach Verz\u00f6gerungen beim Bau, durfte der damalige B\u00fcrgermeister Bruno Wollbrink die Worte sprechen, auf die viele so lange gewartet hatten: \u201eDas Museum ist er\u00f6ffnet!\u201c<\/p>\n<p id=\"absatz10\" class=\"em_text\">Fr\u00fcher wie heute gab und gibt es Kritiker am Museum. Zur Er\u00f6ffnung etwa hatte sich eine Demo gebildet. Die Gruppe \u201egenug ist genug\u201c hatte zum Protest aufgerufen. Zwischen 80 und 100 Sympathisanten schlossen sich an. Es wurde laut \u00fcber Hartz IV und die Kosten des Gehry-Baus geschimpft. Der hatte immerhin 29 Millionen Euro gekostet. Die kalkulierten Kosten waren im Vorfeld mehrfach um Millionenbetr\u00e4ge gestiegen. Nach 20 Jahren wird das Marta 2025 f\u00fcr 3 Millionen Euro saniert.<\/p>\n<p id=\"absatz11\"><b class=\"bold\">Lesen Sie auch: <\/b><a href=\"https:\/\/www.nw.de\/lokal\/kreis_herford\/herford\/24124392_Exklusiver-Einblick-Herforder-Museum-wird-fuer-3-Millionen-Euro-saniert.html\" target=\"_blank\" rel=\"noopener\">Exklusiver Einblick: Herforder Museum wird f\u00fcr 3 Millionen Euro saniert<\/a><\/p>\n<p>Gehry-Ausstellung wird 2026 er\u00f6ffnet<\/p>\n<p id=\"absatz12\" class=\"em_text\">Das Marta hatte f\u00fcr das kommende Jahr Frank Gehry wieder in Herford erwartet. \u201eSeit rund zwei Jahren bereiten wir in enger Absprache mit dem B\u00fcro Gehry Partners eine Ausstellung vor, um die enge Verbindung des Architekten mit der (LA-)Kunstszene insbesondere seiner fr\u00fchen pr\u00e4genden Jahre beleuchten wird. Wir haben immer gehofft und gedacht, dass Frank Gehry zu diesem Anlass nochmals nach Herford kommen w\u00fcrde, um in \u201eseinem\u201c Museum Marta die Ausstellung \u201eMindset Los Angeles &#8211; Frank Gehry und die Cool School\u201c zu er\u00f6ffnen\u201c, schreibt Marta-Direktorin Kathleen Rahn. Die Er\u00f6ffnung war f\u00fcr den 26. Juni 2026 geplant. Die Meldung \u00fcber Gehrys tot habe man \u201esehr betroffen\u201c aufgenommen. \u201eWir richten unser Beileid an die Angeh\u00f6rigen und das B\u00fcro der Gehry Partners, LLP in Los Angeles\u201c.<\/p>\n<p id=\"absatz13\" class=\"em_text\">Rahn beschreibt Gehry als revolution\u00e4ren Freigeist: \u201eSeine Experimentierfreude, k\u00fcnstlerische Reflexion und sein unkonventioneller und teils provokativer Ansatz, Architektur neu zu denken, ist bis heute bahnbrechend.\u201c Als sie den Star-Architekten in Los Angeles besuchte \u201eund ihm die Grundidee zu einer Ausstellung \u00fcber seine Verbindung zu den K\u00fcnstlern seiner Zeit vorschlug, war er begeistert\u201c, so Rahn weiter.<\/p>\n<p id=\"absatz14\" class=\"em_text\">Gemeinsam mit seinen Mitarbeiterinnen und Mitarbeitern und dem Getty Institute in Los Angeles habe man die Ideen zur Ausstellung weiterentwickelt. \u201eDie Achse Herford &#8211; Los Angeles wird einmal mehr den Mut und die Weitsicht unterstreichen, dieses Museum in unserer Hansestadt zu errichten. Wir werden dieses Erbe gut bewahren, pflegen und weiterentwickeln.\u201c<\/p>\n<p>Spuren in Bad Oeynhausen<\/p>\n<p id=\"absatz15\" class=\"em_text\">Das Energie-Forum Innovation (EFI) in Bad Oeynhausen stammt aus einer fr\u00fchen Phase von Gehrys Wirken in Deutschland. Bereits Mitte der 1990er Jahre entstand dieses auff\u00e4llige Geb\u00e4ude, also lange bevor der weltweite Ruhm mit sp\u00e4teren Projekten kam.<\/p>\n<p id=\"absatz16\" class=\"em_text\">Obwohl es weniger bekannt ist als das Marta, besticht das EFI durch seine ungew\u00f6hnlichen Formen und seine Pr\u00e4senz in der Stadt. Das Geb\u00e4ude steht an der Mindener Stra\u00dfe, die Inbetriebnahme erfolgte 1995.<\/p>\n<p id=\"absatz17\" class=\"em_text\">Bauherr war das damalige Elektrizit\u00e4tswerk Minden-Ravensberg (EMR). Der Komplex wurde konzipiert als Netzleitstelle f\u00fcr Stromversorgung plus Verwaltungsr\u00e4ume, Konferenzr\u00e4ume, Auditorium und Cafeteria.<\/p>\n<p id=\"absatz18\" class=\"em_text\">F\u00fcr die Gestaltung als \u201eEnergie-Forum\u201c hielt Gehry nicht nur optisch Geb\u00e4ude\u00e4sthetik hoch. Schon damals arbeitete er nachhaltig: Photovoltaik-Elemente an der Fassade, Solarthermie f\u00fcr Warmwasser, W\u00e4rmer\u00fcckgewinnung, K\u00fchldecken, Regenwassernutzung und Geb\u00e4udeautomation.<\/p>\n<p id=\"absatz19\"><b class=\"bold\">Lesen Sie auch:<\/b> <a href=\"https:\/\/www.nw.de\/lokal\/kreis_minden_luebbecke\/bad_oeynhausen\/24010340_Mit-Video-Exklusive-Einblicke-in-auffaellige-Immobilie-in-Bad-Oeynhausen.html\" target=\"_blank\" rel=\"noopener\">Exklusive Einblicke in auff\u00e4llige Immobilie in Bad Oeynhausen<\/a><\/p>\n<p>Sohn j\u00fcdischer Einwanderer aus Polen<\/p>\n<p id=\"absatz20\" class=\"em_text\">Geboren wurde Gehry 1929 im kanadischen Toronto als Sohn j\u00fcdischer Einwanderer aus Polen. Als Teenager zog die Familie nach Los Angeles weiter, wo Gehrys Vater und auch er selbst Jobs als Lastwagenfahrer annahmen.<\/p>\n<p id=\"absatz21\" class=\"em_text\">Auf einer Abendschule, wo er den Abschluss nachmachte, entdeckte ein Lehrer sein Interesse f\u00fcr Architektur und unterst\u00fctzte ihn. In den 1960er Jahren gr\u00fcndete Gehry dann sein eigenes Architektur-Studio in Los Angeles und bekam erste Auftr\u00e4ge. Auch im hohen Alter hatte Gehry bis zuletzt weiter an Entw\u00fcrfen und Projekten gearbeitet.<\/p>\n<p id=\"absatz22\">Mit Material von dpa <\/p>\n","protected":false},"excerpt":{"rendered":"Los Angeles\/Herford. Kaum ein anderer Architekt hat Ostwestfalen so sichtbar gepr\u00e4gt wie Frank Gehry. In Herford und Bad&hellip;\n","protected":false},"author":2,"featured_media":627570,"comment_status":"","ping_status":"","sticky":false,"template":"","format":"standard","meta":{"footnotes":""},"categories":[1775],"tags":[1793,26861,38775,8406,2520,29,148480,214,136387,30,16398,148482,1794,732,1611,2377,1608,7893,64369,60154,34366,148481,148483,734,736,24009,1613,944,58533,3144,319,2859,147291,10593,215],"class_list":{"0":"post-627569","1":"post","2":"type-post","3":"status-publish","4":"format-standard","5":"has-post-thumbnail","7":"category-kunst-und-design","8":"tag-art-and-design","9":"tag-bad-oeynhausen","10":"tag-bilbao","11":"tag-dsseldorf","12":"tag-deutsche-presse-agentur","13":"tag-deutschland","14":"tag-energieforum","15":"tag-entertainment","16":"tag-frank-gehry","17":"tag-germany","18":"tag-herford","19":"tag-kathleen-rahn","20":"tag-kunst-und-design","21":"tag-label_frei","22":"tag-label_informiere-mich","23":"tag-label_startseite","24":"tag-label_top-news","25":"tag-los-angeles","26":"tag-louis-vuitton","27":"tag-mbel","28":"tag-marta","29":"tag-marta-herford","30":"tag-meaghan-lloyd","31":"tag-meta_artikelklasse_nachricht","32":"tag-meta_copyrights_nw","33":"tag-meta_themen_sonstiges","34":"tag-meta_userneeds_informieremich","35":"tag-new-york","36":"tag-ontario","37":"tag-ostwestfalen","38":"tag-paris","39":"tag-prag","40":"tag-santa-monica","41":"tag-toronto","42":"tag-unterhaltung"},"share_on_mastodon":{"url":"","error":"Validation failed: Text character limit of 500 exceeded"},"_links":{"self":[{"href":"https:\/\/www.europesays.com\/de\/wp-json\/wp\/v2\/posts\/627569","targetHints":{"allow":["GET"]}}],"collection":[{"href":"https:\/\/www.europesays.com\/de\/wp-json\/wp\/v2\/posts"}],"about":[{"href":"https:\/\/www.europesays.com\/de\/wp-json\/wp\/v2\/types\/post"}],"author":[{"embeddable":true,"href":"https:\/\/www.europesays.com\/de\/wp-json\/wp\/v2\/users\/2"}],"replies":[{"embeddable":true,"href":"https:\/\/www.europesays.com\/de\/wp-json\/wp\/v2\/comments?post=627569"}],"version-history":[{"count":0,"href":"https:\/\/www.europesays.com\/de\/wp-json\/wp\/v2\/posts\/627569\/revisions"}],"wp:featuredmedia":[{"embeddable":true,"href":"https:\/\/www.europesays.com\/de\/wp-json\/wp\/v2\/media\/627570"}],"wp:attachment":[{"href":"https:\/\/www.europesays.com\/de\/wp-json\/wp\/v2\/media?parent=627569"}],"wp:term":[{"taxonomy":"category","embeddable":true,"href":"https:\/\/www.europesays.com\/de\/wp-json\/wp\/v2\/categories?post=627569"},{"taxonomy":"post_tag","embeddable":true,"href":"https:\/\/www.europesays.com\/de\/wp-json\/wp\/v2\/tags?post=627569"}],"curies":[{"name":"wp","href":"https:\/\/api.w.org\/{rel}","templated":true}]}}