{"id":627603,"date":"2025-12-06T13:13:18","date_gmt":"2025-12-06T13:13:18","guid":{"rendered":"https:\/\/www.europesays.com\/de\/627603\/"},"modified":"2025-12-06T13:13:18","modified_gmt":"2025-12-06T13:13:18","slug":"borussia-moenchengladbach-heiss-auf-diesen-mittelfeldspieler-kaiserslautern-und-hannover-96-auch-interessiert","status":"publish","type":"post","link":"https:\/\/www.europesays.com\/de\/627603\/","title":{"rendered":"Borussia M\u00f6nchengladbach hei\u00df auf diesen Mittelfeldspieler\u00a0\u2013 Kaiserslautern und Hannover 96 auch interessiert"},"content":{"rendered":"<p>Erfolge schaffen Raum f\u00fcr Begehrlichkeiten. Mit dem aktuellen Aufschwung aus f\u00fcnf Pflichtspielsiegen schauen sich die Gladbacher anscheinend bei Fortuna Sittard nach einem neuen Mittelfeldtalent um und sind wom\u00f6glich f\u00fcndig geworden.<\/p>\n<p>Neben Borussia M\u00f6nchengladbach geh\u00f6ren auch der 1. FC Kaiserslautern und Hannover 96 zu den potenziellen Interessenten, die den zentralen Mittelfeldspieler unter Vertrag nehmen wollen. Um wen handelt es sich?<\/p>\n<p>Youngster aus den Niederlanden<\/p>\n<p>Aktuell spielt der junge schweiz-kamerunische Mittelfeldspieler Ryan Fosso bei Fortuna Sittard in der niederl\u00e4ndischen Eredivisie. Dort genie\u00dft der 23-J\u00e4hrige eine 100-prozentige Startelfquote und \u00fcberzeugt mit seinen Leistungen.<\/p>\n<p>Laut Angaben von RTL\/ntv und sport.de sind sowohl die Fohlen als auch Hannover 96 und Kaiserslautern an dem Juwel interessiert.<\/p>\n<p>Fosso selbst spielt seit Sommer 2025 bei Fortuna Sittard. Davor war er beim FC Vaduz, war dann aber abl\u00f6sefrei erh\u00e4ltlich.<\/p>\n<p>Sein derzeitiges Arbeitspapier in den Niederlanden endet im kommenden Sommer. Dann w\u00e4re der U21-Nationalspieler der Schweiz, der einen Marktwert von zwei Millionen Euro aufweist, erh\u00e4ltlich. Doch in seinem Kontrakt gibt es eine Option, seinen Vertrag um ein weiteres Jahr zu verl\u00e4ngern.<\/p>\n<p>Ryan Fosso an Wechsel interessiert<\/p>\n<p>F\u00fcr Borussia M\u00f6nchengladbach, K\u2019lautern und 96 sieht es gut aus, denn Fosso schaut gerade, welche Vereine sich bei ihm melden, bevor er von der Vertragsverl\u00e4ngerung bei Sittard Gebrauch macht.<\/p>\n<p>Fosso ist vielseitig einsetzbar \u2013 im zentralen Mittelfeld wie auch im defensiven Mittelfeld und in der Innenverteidigung. Au\u00dferdem ist der Youngster laufstark, ballsicher und athletisch mit einer Gr\u00f6\u00dfe von 1,83 Metern.<\/p>\n<p>Allgemein w\u00e4re Ryan Fosso eine interessante Option f\u00fcr die Gladbacher, <a data-mil=\"148233\" href=\"https:\/\/www.fussball-champions-league.com\/borussia-moenchengladbach-auf-der-siegerspur\/\" target=\"_blank\" rel=\"noopener\">die gerade auf der Siegeswelle schwimmen<\/a>. Werden wir den Mittelfeldexperten aus der Eredivisie bald in der deutschen Bundesliga sehen? Oder schnappt sich sogar ein Zweitligist das 23-j\u00e4hrige Talent?<\/p>\n","protected":false},"excerpt":{"rendered":"Erfolge schaffen Raum f\u00fcr Begehrlichkeiten. Mit dem aktuellen Aufschwung aus f\u00fcnf Pflichtspielsiegen schauen sich die Gladbacher anscheinend bei&hellip;\n","protected":false},"author":2,"featured_media":627604,"comment_status":"","ping_status":"","sticky":false,"template":"","format":"standard","meta":{"footnotes":""},"categories":[1849],"tags":[7974,815,3364,29,548,663,3934,30,2366,13,4455,14,15,1209,12],"class_list":{"0":"post-627603","1":"post","2":"type-post","3":"status-publish","4":"format-standard","5":"has-post-thumbnail","7":"category-moenchengladbach","8":"tag-1-fc-kaiserslautern","9":"tag-borussia-moenchengladbach","10":"tag-de","11":"tag-deutschland","12":"tag-eu","13":"tag-europa","14":"tag-europe","15":"tag-germany","16":"tag-hannover-96","17":"tag-headlines","18":"tag-moenchengladbach","19":"tag-nachrichten","20":"tag-news","21":"tag-nordrhein-westfalen","22":"tag-schlagzeilen"},"share_on_mastodon":{"url":"https:\/\/pubeurope.com\/@de\/115672803320124881","error":""},"_links":{"self":[{"href":"https:\/\/www.europesays.com\/de\/wp-json\/wp\/v2\/posts\/627603","targetHints":{"allow":["GET"]}}],"collection":[{"href":"https:\/\/www.europesays.com\/de\/wp-json\/wp\/v2\/posts"}],"about":[{"href":"https:\/\/www.europesays.com\/de\/wp-json\/wp\/v2\/types\/post"}],"author":[{"embeddable":true,"href":"https:\/\/www.europesays.com\/de\/wp-json\/wp\/v2\/users\/2"}],"replies":[{"embeddable":true,"href":"https:\/\/www.europesays.com\/de\/wp-json\/wp\/v2\/comments?post=627603"}],"version-history":[{"count":0,"href":"https:\/\/www.europesays.com\/de\/wp-json\/wp\/v2\/posts\/627603\/revisions"}],"wp:featuredmedia":[{"embeddable":true,"href":"https:\/\/www.europesays.com\/de\/wp-json\/wp\/v2\/media\/627604"}],"wp:attachment":[{"href":"https:\/\/www.europesays.com\/de\/wp-json\/wp\/v2\/media?parent=627603"}],"wp:term":[{"taxonomy":"category","embeddable":true,"href":"https:\/\/www.europesays.com\/de\/wp-json\/wp\/v2\/categories?post=627603"},{"taxonomy":"post_tag","embeddable":true,"href":"https:\/\/www.europesays.com\/de\/wp-json\/wp\/v2\/tags?post=627603"}],"curies":[{"name":"wp","href":"https:\/\/api.w.org\/{rel}","templated":true}]}}