{"id":627611,"date":"2025-12-06T13:17:16","date_gmt":"2025-12-06T13:17:16","guid":{"rendered":"https:\/\/www.europesays.com\/de\/627611\/"},"modified":"2025-12-06T13:17:16","modified_gmt":"2025-12-06T13:17:16","slug":"mannheim-zwei-maenner-rauben-mit-vorgehaltener-pistole-kiosk-aus-polizeiberichte-aus-rhein-neckar-odenwald","status":"publish","type":"post","link":"https:\/\/www.europesays.com\/de\/627611\/","title":{"rendered":"Mannheim: Zwei M\u00e4nner rauben mit vorgehaltener Pistole Kiosk aus &#8211; Polizeiberichte aus Rhein-Neckar-Odenwald"},"content":{"rendered":"<p>Mannheim. (dpa\/lsw\/pol\/vs) Mit einer Pistole haben zwei M\u00e4nner einen Kiosk in Mannheim \u00fcberfallen. Unter vorgehaltener Waffe forderten die T\u00e4ter von einer Mitarbeiterin am Freitagnachmittag gegen 17.15 Uhr Geld, wie die Polizei mitteilte. Sie gab den beiden ihr Portemonnaie, indem in etwa 400 Euro gewesen sein sollen. Zudem klauten die R\u00e4uber Tabakwaren im Wert von rund 2.000 Euro, die sie laut Polizei in einem Rucksack verstauten.<\/p>\n<p>Die Angestellte sei schlie\u00dflich an eine nahegelegene Bushaltestelle geflohen und rief von dort die Polizei. Die T\u00e4ter fl\u00fcchteten Richtung Marktplatz Neckarau.\u00a0Die Beamten suchen nach den T\u00e4tern, zun\u00e4chst ohne Erfolg.<\/p>\n<p>Daher bittet die Polizei um Hinweise zu den Unbekannten. Die T\u00e4ter werden wie folgt von der Polizei beschrieben: m\u00e4nnlich, circa 1,90 Meter gro\u00df und 35 Jahre alt. Die Unbekannten seien dunkel gekleidet gewesen und waren maskiert mit einem dunklen Schal.<\/p>\n<p>Wer etwas beobachtet hat oder Angaben zu den Personen machen kann, meldet sich unter Telefon\u00a00621\/174-4444.<\/p>\n","protected":false},"excerpt":{"rendered":"Mannheim. (dpa\/lsw\/pol\/vs) Mit einer Pistole haben zwei M\u00e4nner einen Kiosk in Mannheim \u00fcberfallen. Unter vorgehaltener Waffe forderten die&hellip;\n","protected":false},"author":2,"featured_media":627612,"comment_status":"","ping_status":"","sticky":false,"template":"","format":"standard","meta":{"footnotes":""},"categories":[1845],"tags":[1634,3364,29,548,663,3934,30,13,2096,14,15,17343,12],"class_list":{"0":"post-627611","1":"post","2":"type-post","3":"status-publish","4":"format-standard","5":"has-post-thumbnail","7":"category-mannheim","8":"tag-baden-wuerttemberg","9":"tag-de","10":"tag-deutschland","11":"tag-eu","12":"tag-europa","13":"tag-europe","14":"tag-germany","15":"tag-headlines","16":"tag-mannheim","17":"tag-nachrichten","18":"tag-news","19":"tag-polizei-blaulicht-heidelberg-mannheim-rhein-neckar-metropolregion-sinsheim-kraichgau-neckarodenwald-odenwald-bauland-heilbronn","20":"tag-schlagzeilen"},"share_on_mastodon":{"url":"https:\/\/pubeurope.com\/@de\/115672819060032912","error":""},"_links":{"self":[{"href":"https:\/\/www.europesays.com\/de\/wp-json\/wp\/v2\/posts\/627611","targetHints":{"allow":["GET"]}}],"collection":[{"href":"https:\/\/www.europesays.com\/de\/wp-json\/wp\/v2\/posts"}],"about":[{"href":"https:\/\/www.europesays.com\/de\/wp-json\/wp\/v2\/types\/post"}],"author":[{"embeddable":true,"href":"https:\/\/www.europesays.com\/de\/wp-json\/wp\/v2\/users\/2"}],"replies":[{"embeddable":true,"href":"https:\/\/www.europesays.com\/de\/wp-json\/wp\/v2\/comments?post=627611"}],"version-history":[{"count":0,"href":"https:\/\/www.europesays.com\/de\/wp-json\/wp\/v2\/posts\/627611\/revisions"}],"wp:featuredmedia":[{"embeddable":true,"href":"https:\/\/www.europesays.com\/de\/wp-json\/wp\/v2\/media\/627612"}],"wp:attachment":[{"href":"https:\/\/www.europesays.com\/de\/wp-json\/wp\/v2\/media?parent=627611"}],"wp:term":[{"taxonomy":"category","embeddable":true,"href":"https:\/\/www.europesays.com\/de\/wp-json\/wp\/v2\/categories?post=627611"},{"taxonomy":"post_tag","embeddable":true,"href":"https:\/\/www.europesays.com\/de\/wp-json\/wp\/v2\/tags?post=627611"}],"curies":[{"name":"wp","href":"https:\/\/api.w.org\/{rel}","templated":true}]}}