{"id":627814,"date":"2025-12-06T15:15:27","date_gmt":"2025-12-06T15:15:27","guid":{"rendered":"https:\/\/www.europesays.com\/de\/627814\/"},"modified":"2025-12-06T15:15:27","modified_gmt":"2025-12-06T15:15:27","slug":"dynamo-dresden-unterliegt-kaiserslautern-stamm-kritisiert","status":"publish","type":"post","link":"https:\/\/www.europesays.com\/de\/627814\/","title":{"rendered":"Dynamo Dresden unterliegt Kaiserslautern \u2013 Stamm kritisiert"},"content":{"rendered":"<p>R\u00fcckschlag f\u00fcr Dresden <\/p>\n<p>Warum die Aufholjagd nach Traumtor zu sp\u00e4t kam<\/p>\n<p>06.12.2025 &#8211; 16:03 UhrLesedauer: 1 Min.<\/p>\n<p><a href=\"#focus-0\" class=\"transition-colors duration-200 block text-current relative\" data-sctrack=\"FocusGalleryImage.Reference\"><img fetchpriority=\"high\" data-testid=\"Opener.Image\" style=\"--lqipURL:url('https:\/\/images.t-online.de\/2025\/12\/QPSfTfL4lVqe\/0x107:2048x1152\/fit-in\/150x0\/filters:blur(25)\/dynamo-trainer-thomas-stamm-dirigierte-vergeblich.jpg')\"   loading=\"eager\" src=\"https:\/\/www.europesays.com\/de\/wp-content\/uploads\/2025\/12\/dynamo-trainer-thomas-stamm-dirigierte-vergeblich.jpg\" alt=\"1. FC Kaiserslautern - Dynamo Dresden\" title=\"1. FC Kaiserslautern - Dynamo Dresden\" width=\"2048\" height=\"1152\" class=\"bg-[url:var(--lqipURL)] bg-cover bg-center flex h-full w-full max-w-full\" decoding=\"async\"\/><img style=\"--width:32;--height:32\" loading=\"lazy\" src=\"https:\/\/dresden.t-online.de\/s\/paper\/_next\/static\/media\/zoom-in.f7dae02f.svg\" alt=\"Vergr\u00f6\u00dfern des Bildes\" title=\"Vergr\u00f6\u00dfern des Bildes\" class=\"block h-[calc(var(--height)_\/_16_*_1rem)] w-[calc(var(--width)_\/_16_*_1rem)] max-w-none absolute bottom-8 right-8 rounded-4 bg-snow p-8\" decoding=\"async\"\/><\/a><\/p>\n<p>Dynamo-Trainer Thomas Stamm dirigierte vergeblich. (Quelle: Thomas Frey\/dpa\/dpa-bilder)<\/p>\n<p class=\"font-bold text-18 leading-17\">Nach zwei Siegen in Folge kassiert Dynamo Dresden beim 1. FC Kaiserslautern die erste Niederlage. Trainer Thomas Stamm kritisiert die Abwehrarbeit bei Standardsituationen.<\/p>\n<p class=\"text-18 leading-17\"><a class=\"transition-colors duration-200 cursor-pointer text-inherit no-underline text-salemsfur md:hover:text-magenta md:hover:border-magenta md:focus:text-magenta border-current border-b border-solid break-words\" href=\"https:\/\/www.t-online.de\/themen\/dynamo-dresden\/\" data-sctrack=\"BodyAnchor\" target=\"_blank\" rel=\"noopener\">Dynamo Dresden<\/a> hat am Samstag in der zweiten Fu\u00dfball-Liga mit 1:3 (0:1) beim 1. FC Kaiserslautern verloren. Nach zwei Siegen in Folge bedeutet dies einen R\u00fcckschlag f\u00fcr den s\u00e4chsischen Aufsteiger.<\/p>\n<p class=\"text-18 leading-17\">Vor 46.015 Zuschauern im Fritz-Walter-Stadion entt\u00e4uschte Dynamo auf ganzer Linie. Die guten Leistungen aus den Spielen gegen Bochum und D\u00fcsseldorf konnte das Team nicht wiederholen.<\/p>\n<p class=\"text-18 leading-17\">&#8222;Wir haben die Standard-Gegentore nicht gut verteidigt, wie wir es verteidigen m\u00fcssen. Dann ist es gegen eine sehr wuchtige Mannschaft zu wenig&#8220;, sagte Dynamo-Trainer Thomas Stamm nach der Partie.<\/p>\n<p class=\"text-18 leading-17\">Bereits nach 17 Minuten ging Kaiserslautern durch Naatan Skytt\u00e4 in F\u00fchrung. Ein weiterer Treffer von Daniel Hanslik wurde wegen Handspiels zur\u00fcckgenommen. Dresden blieb in der ersten Halbzeit ohne Torschuss.<\/p>\n<p class=\"text-18 leading-17\">Nach der Pause erh\u00f6hte Lauterns Kapit\u00e4n Marlon Ritter in der 52. Minute auf 2:0. Mika Haas stellte nach starker Vorarbeit von Skytt\u00e4 in der 70. Minute auf 3:0.<\/p>\n<p class=\"text-18 leading-17\">Erst danach wachte Dynamo auf. Eine Minute nach dem dritten Gegentreffer gelang der erste Torschuss. Jakob Lemmer erzielte mit einem sehenswerten Treffer aus 25 Metern den Ehrentreffer.<\/p>\n<p class=\"text-18 leading-17\">Der Anschlusstreffer gab Dresden neuen Mut. Die Sachsen tauchten mehrmals gef\u00e4hrlich vor dem Tor von Julian Krahl auf. Zu einem weiteren Treffer reichte es nicht mehr.<\/p>\n<p class=\"text-18 leading-17\">Trainer Stamm hatte vor dem Spiel zwei \u00c4nderungen vorgenommen. Tim Schreiber ersetzte den am Knie verletzten Roman Grill im Tor. Nils Fr\u00f6ling vertrat den erkrankten Niklas Hauptmann im Mittelfeld.<\/p>\n","protected":false},"excerpt":{"rendered":"R\u00fcckschlag f\u00fcr Dresden Warum die Aufholjagd nach Traumtor zu sp\u00e4t kam 06.12.2025 &#8211; 16:03 UhrLesedauer: 1 Min. Dynamo-Trainer&hellip;\n","protected":false},"author":2,"featured_media":627815,"comment_status":"","ping_status":"","sticky":false,"template":"","format":"standard","meta":{"footnotes":""},"categories":[1835],"tags":[7974,722,17161,148515,29093,7507,3364,29,2386,3405,3766,48885,30,15352,859,148516,8720,5000],"class_list":{"0":"post-627814","1":"post","2":"type-post","3":"status-publish","4":"format-standard","5":"has-post-thumbnail","7":"category-dresden","8":"tag-1-fc-kaiserslautern","9":"tag-722","10":"tag-17161","11":"tag-abwehrarbeit","12":"tag-aufholjagd","13":"tag-bochum","14":"tag-de","15":"tag-deutschland","16":"tag-dresden","17":"tag-duesseldorf","18":"tag-dynamo-dresden","19":"tag-fritz-walter-stadion","20":"tag-germany","21":"tag-kaiserslautern","22":"tag-sachsen","23":"tag-standardsituation","24":"tag-thomas-stamm","25":"tag-traumtor"},"share_on_mastodon":{"url":"https:\/\/pubeurope.com\/@de\/115673283194648396","error":""},"_links":{"self":[{"href":"https:\/\/www.europesays.com\/de\/wp-json\/wp\/v2\/posts\/627814","targetHints":{"allow":["GET"]}}],"collection":[{"href":"https:\/\/www.europesays.com\/de\/wp-json\/wp\/v2\/posts"}],"about":[{"href":"https:\/\/www.europesays.com\/de\/wp-json\/wp\/v2\/types\/post"}],"author":[{"embeddable":true,"href":"https:\/\/www.europesays.com\/de\/wp-json\/wp\/v2\/users\/2"}],"replies":[{"embeddable":true,"href":"https:\/\/www.europesays.com\/de\/wp-json\/wp\/v2\/comments?post=627814"}],"version-history":[{"count":0,"href":"https:\/\/www.europesays.com\/de\/wp-json\/wp\/v2\/posts\/627814\/revisions"}],"wp:featuredmedia":[{"embeddable":true,"href":"https:\/\/www.europesays.com\/de\/wp-json\/wp\/v2\/media\/627815"}],"wp:attachment":[{"href":"https:\/\/www.europesays.com\/de\/wp-json\/wp\/v2\/media?parent=627814"}],"wp:term":[{"taxonomy":"category","embeddable":true,"href":"https:\/\/www.europesays.com\/de\/wp-json\/wp\/v2\/categories?post=627814"},{"taxonomy":"post_tag","embeddable":true,"href":"https:\/\/www.europesays.com\/de\/wp-json\/wp\/v2\/tags?post=627814"}],"curies":[{"name":"wp","href":"https:\/\/api.w.org\/{rel}","templated":true}]}}